{"id":48030,"date":"2022-05-26T09:03:45","date_gmt":"2022-05-26T09:03:45","guid":{"rendered":"https:\/\/www.lab.eus\/?p=48030"},"modified":"2022-05-26T09:03:47","modified_gmt":"2022-05-26T09:03:47","slug":"hemos-realizado-varias-enmiendas-al-plan-de-industria-del-gobierno-de-nafarroa-entendiendo-que-solo-responde-a-los-intereses-de-la-patronal","status":"publish","type":"post","link":"https:\/\/www.lab.eus\/es\/hemos-realizado-varias-enmiendas-al-plan-de-industria-del-gobierno-de-nafarroa-entendiendo-que-solo-responde-a-los-intereses-de-la-patronal\/","title":{"rendered":"Hemos realizado varias enmiendas al Plan de Industria del Gobierno de Nafarroa, entendiendo que s\u00f3lo responde a los intereses de la patronal"},"content":{"rendered":"\n<p>Hemos registrado hoy en el Parlamento las aportaciones que hace al Plan de Industria del Gobierno de Nafarroa para los a\u00f1os 2021-2025, para que lo reciban los grupos parlamentarios. En el documento, adem\u00e1s de exponer las carencias del citado plan, LAB hace aportaciones que responden a las necesidades y al futuro de la industria navarra y de sus trabajadores y trabajadoras. A juicio del sindicato, el plan s\u00f3lo responde a los intereses de la patronal, ya que no ha contado con la participaci\u00f3n de la clase trabajadora ni con su representaci\u00f3n sindical.<\/p>\n\n\n\n<p>Estas son algunas de las reflexiones de LAB en torno al plan:<\/p>\n\n\n\n<ul class=\"wp-block-list\"><li>Para empezar, es muy significativo que un plan dise\u00f1ado para los a\u00f1os 2021-2025 se haya presentado a mediados de 2022 y sin contar en su desarrollo ni con los trabajadores y trabajadoras del sector ni con los sindicatos representados en el mismo.<\/li><li>El plan profundiza en la dependencia con respecto al sector de la automoci\u00f3n y las multinacionales, con una distribuci\u00f3n industrial cada vez m\u00e1s desequilibrada a nivel territorial.<\/li><li>No se hacen planteamientos concretos con respecto al reto de calado que en los pr\u00f3ximos a\u00f1os supondr\u00e1 la digitalizaci\u00f3n y a\u00fan menos c\u00f3mo se plantear\u00e1 este proceso desde una perspectiva de defensa del empleo.<\/li><li>Se seguir\u00e1 destinando dinero publico a manos de empresas privadas y multinacionales, sin ning\u00fan tipo de compromiso de garant\u00eda de empleo o arraigo de las mismas. Unos compromisos indispensables si tenemos en cuenta el riesgo que puede suponer, por ejemplo, todo lo anunciado en torno a Siemens Gamesa. No tenemos m\u00e1s que recordar lo que ocurri\u00f3 con la planta de Aoiz.<\/li><li>Para finalizar, es escandaloso que en todo el plan no se haga menci\u00f3n alguna a la salud laboral, m\u00e1s a\u00fan con la situaci\u00f3n especialmente grave que estamos viviendo con este tema. La responsabilidad de las instituciones en este \u00e1mbito es directa, y que en el plan no se haga ninguna menci\u00f3n no es m\u00e1s que un reflejo de la dejadez que existe por su parte.<\/li><\/ul>\n","protected":false},"excerpt":{"rendered":"<p>Hemos registrado hoy en el Parlamento las aportaciones que hace al Plan de Industria del Gobierno de Nafarroa para los a\u00f1os 2021-2025, para que lo reciban los grupos parlamentarios. En el documento, adem\u00e1s de exponer las carencias del citado plan, LAB hace aportaciones que responden a las necesidades y al futuro de la industria navarra y de sus trabajadores y trabajadoras. A juicio del sindicato, el plan s\u00f3lo responde a los intereses de la patronal, ya que no ha contado con la participaci\u00f3n de la clase trabajadora ni con su representaci\u00f3n sindical.<\/p>\n","protected":false},"author":1191,"featured_media":48028,"comment_status":"closed","ping_status":"closed","sticky":false,"template":"","format":"standard","meta":{"_monsterinsights_skip_tracking":false,"_monsterinsights_sitenote_active":false,"_monsterinsights_sitenote_note":"","_monsterinsights_sitenote_category":0,"footnotes":"","_links_to":"","_links_to_target":""},"categories":[3402,18,2867,2868],"tags":[3033,3178,3526,2996],"class_list":{"0":"post-48030","1":"post","2":"type-post","3":"status-publish","4":"format-standard","5":"has-post-thumbnail","7":"category-accion-politica","8":"category-es-accion-sindical","9":"category-federaciones","10":"category-industria-es","11":"tag-accion-sindical-es","12":"tag-destacado-1","13":"tag-gobierno-de-navarra","14":"tag-industria-es"},"_links":{"self":[{"href":"https:\/\/www.lab.eus\/es\/wp-json\/wp\/v2\/posts\/48030","targetHints":{"allow":["GET"]}}],"collection":[{"href":"https:\/\/www.lab.eus\/es\/wp-json\/wp\/v2\/posts"}],"about":[{"href":"https:\/\/www.lab.eus\/es\/wp-json\/wp\/v2\/types\/post"}],"author":[{"embeddable":true,"href":"https:\/\/www.lab.eus\/es\/wp-json\/wp\/v2\/users\/1191"}],"replies":[{"embeddable":true,"href":"https:\/\/www.lab.eus\/es\/wp-json\/wp\/v2\/comments?post=48030"}],"version-history":[{"count":0,"href":"https:\/\/www.lab.eus\/es\/wp-json\/wp\/v2\/posts\/48030\/revisions"}],"wp:featuredmedia":[{"embeddable":true,"href":"https:\/\/www.lab.eus\/es\/wp-json\/wp\/v2\/media\/48028"}],"wp:attachment":[{"href":"https:\/\/www.lab.eus\/es\/wp-json\/wp\/v2\/media?parent=48030"}],"wp:term":[{"taxonomy":"category","embeddable":true,"href":"https:\/\/www.lab.eus\/es\/wp-json\/wp\/v2\/categories?post=48030"},{"taxonomy":"post_tag","embeddable":true,"href":"https:\/\/www.lab.eus\/es\/wp-json\/wp\/v2\/tags?post=48030"}],"curies":[{"name":"wp","href":"https:\/\/api.w.org\/{rel}","templated":true}]}}