{"id":47993,"date":"2022-05-25T10:14:31","date_gmt":"2022-05-25T10:14:31","guid":{"rendered":"https:\/\/www.lab.eus\/?p=47993"},"modified":"2022-05-25T11:51:48","modified_gmt":"2022-05-25T11:51:48","slug":"hemos-pedido-en-irunea-la-dimision-del-consejero-carlos-gimeno-por-su-nefasta-gestion-de-educacion","status":"publish","type":"post","link":"https:\/\/www.lab.eus\/es\/hemos-pedido-en-irunea-la-dimision-del-consejero-carlos-gimeno-por-su-nefasta-gestion-de-educacion\/","title":{"rendered":"Hemos pedido en Iru\u00f1ea la dimisi\u00f3n del consejero Carlos Gimeno por su nefasta gesti\u00f3n de Educaci\u00f3n"},"content":{"rendered":"\n<p>El sindicato LAB ha realizado hoy en Iru\u00f1ea una concentraci\u00f3n frente al Palacio de Navarra para exigir la dimisi\u00f3n del consejero de Educaci\u00f3n, Carlos Gimeno, debido a la p\u00e9sima gesti\u00f3n de su Departamento durante los tres a\u00f1os que lleva de legislatura. Esta gesti\u00f3n ha estado basada en la imposici\u00f3n, ya que el consejero no ha querido negociar nada con nadie ni informar a los agentes educativos que deber\u00eda tener en cuenta. Gimeno ha encontrado en la coalici\u00f3n de derechas Navarra Suma a su aliada para poder imponer sus decisiones unilaterales, sin ni siquiera preguntarse cu\u00e1l era el precio que tendr\u00eda que pagar por ello.<\/p>\n\n\n\n<p>LAB opina que Carlos Gimeno deber\u00eda abandonar inmediatamente su cargo para que el da\u00f1o que ha causado ya no sea mayor. Si el partido de Gimeno, el PSN, quiere hacer las cosas realmente bien, todav\u00eda tiene un a\u00f1o para actuar de otra manera, en lugar de hacer el binomio con la derecha, consiguiendo otras mayor\u00edas progresistas y negociando con los sindicatos todo aquello que sea necesario.<\/p>\n\n\n\n<p>En cuanto a la lista de lo que Gimeno ha hecho terriblemente mal, en primer lugar, LAB piensa que no pod\u00eda haber gestionado peor la pandemia: hab\u00eda que tomar medidas extraordinarias ante la COVID-19, estamos de acuerdo, pero tanto en la implantaci\u00f3n de la jornada como con las actividades extraescolares&#8230; tom\u00f3 unilateralmente todas las decisiones y, por si fuera poco, de forma ca\u00f3tica, err\u00e1tica, volviendo locos y locas tanto a las plantillas como al alumnado y las propias familias.<\/p>\n\n\n\n<p>Y hablando de trabajadores y trabajadoras, que pregunten a muchos docentes que por edad deber\u00edan tener reducida su jornada por qu\u00e9 el Departamento de Gimeno se lo ha negado o, en general, a cualquier profesor o profesora, por qu\u00e9 tienen que hacer frente a una carga de trabajo cada vez mayor con menos recursos. De hecho, cuando el Pacto para la Mejora de la Calidad de la Ense\u00f1anza P\u00fablica en Navarra est\u00e1 a punto de caducar, ya que finalizar\u00e1 en agosto, muchos de los acuerdos recogidos en el mismo siguen sin cumplirse.<\/p>\n\n\n\n<p>No nos olvidemos tampoco de las escuelas infantiles, que ya se encuentran en su cuarta semana de huelga por unas condiciones laborales dignas y que ahora, con la ayuda de LAB, luchan por conseguir el primer convenio colectivo del sector. Han tenido que iniciar una huelga indefinida para que Gimeno acepte sentarse con ellas.<\/p>\n\n\n\n<figure class=\"wp-block-embed is-type-video is-provider-youtube wp-block-embed-youtube wp-embed-aspect-16-9 wp-has-aspect-ratio\"><div class=\"wp-block-embed__wrapper\">\n<div class=\"youtube-embed\" data-video_id=\"TL0scB76KE4\"><iframe loading=\"lazy\" title=\"Carlos Gimeno kontseilariaren dimisioa eskatu dugu\" width=\"696\" height=\"392\" src=\"https:\/\/www.youtube.com\/embed\/TL0scB76KE4?feature=oembed&#038;enablejsapi=1\" frameborder=\"0\" allow=\"accelerometer; autoplay; clipboard-write; encrypted-media; gyroscope; picture-in-picture\" allowfullscreen><\/iframe><\/div>\n<\/div><\/figure>\n\n\n\n<p>\u00bfY qu\u00e9 decir de la \u201cfijaci\u00f3n\u201d del consejero con el ingl\u00e9s&nbsp;\u2015que parece inversamente proporcional a su euskarafobia\u2015? Como es sabido, ha conseguido perpetuar el PAI (Programas de Lenguas Extranjeras) invent\u00e1ndose para ello una ley foral, pasando por encima de la legislaci\u00f3n que regulaba el acceso a la funci\u00f3n docente hasta ahora y desoyendo la opini\u00f3n de sindicatos y resto de partidos del Gobierno y de la oposici\u00f3n. Por otra parte, casi la mitad de las plazas que ha sacado Educaci\u00f3n al proceso extraordinario de estabilizaci\u00f3n las ha destinado al PAI, discriminando as\u00ed a un gran n\u00famero de docentes. Y la&nbsp;<em>fever<\/em>por las lenguas extranjeras contin\u00faa en la Formaci\u00f3n Profesional, donde cada vez m\u00e1s ciclos de grado superior son ofertados en biling\u00fce, impartidos de forma desdoblada y sin criterio acad\u00e9mico alguno, imponi\u00e9ndolas contra la opini\u00f3n tanto del alumnado, mayor de edad, como del profesorado.<\/p>\n\n\n\n<p>Todo esto lo ha hecho el PSN inmerso en su lucha contra el modelo D: han puesto trabas para abrir nuevas l\u00edneas en el modelo D (en Mendigorria, por ejemplo); han eliminado la campa\u00f1a para impulsar la matriculaci\u00f3n en el modelo D; y no han hecho m\u00e1s que poner trabas a quien deseaba salir del PAI&nbsp;\u2015que se lo pregunten a los del colegio Dos de Mayo de Castej\u00f3n\u2015.<\/p>\n\n\n\n<p>Volviendo al proceso de estabilizaci\u00f3n, no entendemos por qu\u00e9 ha sacado tan pocas vacantes a estos concursos extraordinarios. \u00bfPor qu\u00e9 han dejado sin sacar plazas estructurales? Pod\u00edan haber unido plazas incompletas para crear vacantes completas, como han hecho en otros lugares. Aqu\u00ed, como tantas otras veces, nos quedaremos con el interrogante, porque nadie nos responde. Y no debemos obviar tampoco que las plazas ofertadas en euskera en el proceso de estabilizaci\u00f3n apenas suponen el 15%.<\/p>\n\n\n\n<p>Gimeno tambi\u00e9n se niega a negociar con las ikastolas y el sector de la Ense\u00f1anza Concertada; anul\u00f3 la Mesa a Tres cuando comenz\u00f3 la legislatura y, aunque as\u00ed se lo hemos pedido reiteradamente desde LAB y otros sindicatos, se niega a reconstituirla y solo ha accedido a sentarse con las patronales, con quienes ha firmado un acuerdo b\u00e1sico que no satisface en absoluto las condiciones de los y las trabajadoras.<\/p>\n\n\n\n<p>Por todo ello, se\u00f1or Gimeno, no podemos sino solicitarle que abandone cuanto antes la gesti\u00f3n de la Educaci\u00f3n, para evitar que el da\u00f1o causado sea a\u00fan mayor. Si el PSN realmente desea hacer las cosas bien, todav\u00eda tiene un a\u00f1o para actuar de otra manera m\u00e1s adecuada, consiguiendo otras mayor\u00edas progresistas en lugar de hacer binomio con la derecha, y negociando, como es necesario, con los sindicatos.<\/p>\n","protected":false},"excerpt":{"rendered":"<p>La gesti\u00f3n ha estado basada en la imposici\u00f3n, ya que el consejero no ha querido negociar nada con nadie ni informar a los agentes educativos que deber\u00eda tener en cuenta.<\/p>\n","protected":false},"author":1189,"featured_media":47990,"comment_status":"closed","ping_status":"closed","sticky":false,"template":"","format":"video","meta":{"_monsterinsights_skip_tracking":false,"_monsterinsights_sitenote_active":false,"_monsterinsights_sitenote_note":"","_monsterinsights_sitenote_category":0,"footnotes":"","_links_to":"","_links_to_target":""},"categories":[3402,2990,33,6,3283],"tags":[3178,3266,3194,3196,3171],"class_list":{"0":"post-47993","1":"post","2":"type-post","3":"status-publish","4":"format-video","5":"has-post-thumbnail","7":"category-accion-politica","8":"category-educacion","9":"category-es-ensenanza","10":"category-es-servicios-publicos","11":"category-sin-categorizar","12":"tag-destacado-1","13":"tag-educacion-es","14":"tag-ensenanza-es","15":"tag-nafarroa-es-2","16":"tag-servicios-publicos-es","17":"post_format-post-format-video"},"_links":{"self":[{"href":"https:\/\/www.lab.eus\/es\/wp-json\/wp\/v2\/posts\/47993","targetHints":{"allow":["GET"]}}],"collection":[{"href":"https:\/\/www.lab.eus\/es\/wp-json\/wp\/v2\/posts"}],"about":[{"href":"https:\/\/www.lab.eus\/es\/wp-json\/wp\/v2\/types\/post"}],"author":[{"embeddable":true,"href":"https:\/\/www.lab.eus\/es\/wp-json\/wp\/v2\/users\/1189"}],"replies":[{"embeddable":true,"href":"https:\/\/www.lab.eus\/es\/wp-json\/wp\/v2\/comments?post=47993"}],"version-history":[{"count":0,"href":"https:\/\/www.lab.eus\/es\/wp-json\/wp\/v2\/posts\/47993\/revisions"}],"wp:featuredmedia":[{"embeddable":true,"href":"https:\/\/www.lab.eus\/es\/wp-json\/wp\/v2\/media\/47990"}],"wp:attachment":[{"href":"https:\/\/www.lab.eus\/es\/wp-json\/wp\/v2\/media?parent=47993"}],"wp:term":[{"taxonomy":"category","embeddable":true,"href":"https:\/\/www.lab.eus\/es\/wp-json\/wp\/v2\/categories?post=47993"},{"taxonomy":"post_tag","embeddable":true,"href":"https:\/\/www.lab.eus\/es\/wp-json\/wp\/v2\/tags?post=47993"}],"curies":[{"name":"wp","href":"https:\/\/api.w.org\/{rel}","templated":true}]}}