{"id":47731,"date":"2022-05-19T11:56:50","date_gmt":"2022-05-19T11:56:50","guid":{"rendered":"https:\/\/www.lab.eus\/?p=47731"},"modified":"2022-05-19T13:57:28","modified_gmt":"2022-05-19T13:57:28","slug":"el-nucleo-del-debate-sobre-el-reto-demografico-se-situa-en-las-politicas-que-garanticen-un-empleo-y-condiciones-de-vida-dignas","status":"publish","type":"post","link":"https:\/\/www.lab.eus\/es\/el-nucleo-del-debate-sobre-el-reto-demografico-se-situa-en-las-politicas-que-garanticen-un-empleo-y-condiciones-de-vida-dignas\/","title":{"rendered":"El n\u00facleo del debate sobre el reto demogr\u00e1fico se sit\u00faa en las pol\u00edticas que garanticen un empleo y condiciones de vida dignas"},"content":{"rendered":"\n<p>Ayer se celebr\u00f3 en el Parlamento Vasco una sesi\u00f3n monogr\u00e1fica sobre el reto demogr\u00e1fico. Una vez m\u00e1s, el gobierno de Urkullu ha preferido apostar por medidas de impacto limitado y aisladas antes que dar paso a debates de fondo y apostar por una estrategia integral a largo plazo.<\/p>\n\n\n\n<p>LAB considera que no se puede dar respuesta al mencionado reto demogr\u00e1fico mediante pol\u00edticas natalistas. Adem\u00e1s, una vez m\u00e1s, a las mujeres nos dicen lo que tenemos que hacer con nuestros cuerpos, quieren que nos dediquemos a la reproducci\u00f3n. Resulta imprescindible llevar a cabo cambios de calado mediante pol\u00edticas p\u00fablicas fuertes y audaces para dignificar las condiciones de trabajo y de vida de las personas trabajadoras.<\/p>\n\n\n\n<p>Detr\u00e1s de las bajas tasas de natalidad, est\u00e1 la extensi\u00f3n de procesos de precariedad y empobrecimiento. Nos quieren hacer creer que el problema se sit\u00faa en la baja natalidad o en su efecto en las pensiones. Pero no es cierto. El problema real es que no se nos garantizan unas vidas dignas.<\/p>\n\n\n\n<p>A\u00fan estando reconocido, el derecho a una vivienda digna y de calidad no est\u00e1 garantizado, el programa Gaztelagun no consigue que la emancipaci\u00f3n de las y los j\u00f3venes sea antes de los 30 a\u00f1os, la falta de reconocimiento de los trabajos de cuidado y que contin\u00faen recayendo en las mujeres, as\u00ed como las condiciones laborales precarias en sectores feminizados persisten y no hay cambios en las pol\u00edticas de desmantelamiento permanente de los servicios p\u00fablicos.<\/p>\n\n\n\n<p>As\u00ed las cosas, la ayuda directa de 200 euros por cada ni\u00f1o o ni\u00f1a reci\u00e9n nacida durante tres a\u00f1os puede ser un paso, pero es insuficiente si no hay una intervenci\u00f3n contundente en los \u00e1mbitos antes mencionados. Asimismo, el compromiso de analizar los precios de cara al transporte p\u00fablico servir\u00e1 de poco si no hay una estrategia decidida a favor del transporte p\u00fablico. Y por si fuera poco, PNV, PSE y PP votaron ayer a favor de retrasar la universalizaci\u00f3n y gratuidad del servicio del Consorcio Haurreskolak, aprobado por amplio consenso en el acuerdo educativo.<\/p>\n\n\n\n<p>M\u00e1s all\u00e1 de las medidas concretas anunciadas, \u00bfc\u00f3mo se puede pensar que el reto demogr\u00e1fico se abordar\u00e1 adecuadamente sin una propuesta en torno al sistema p\u00fablico de cuidados? \u00bfO sin iniciativas pol\u00edticas para regularizar la situaci\u00f3n administrativa de las y los trabajadores migrados procedentes de otros pa\u00edses? Es decir, en un momento de envejecimiento de la poblaci\u00f3n, sin dignificar los trabajos de las cuidadoras, sin desfamiliarizar estos trabajos y sin apostar por un sistema p\u00fablico y comunitario; o sin garantizar que un n\u00famero importante de personas actualmente en situaci\u00f3n administrativa irregular vean garantizados sus derechos, no hay manera eficaz de afrontar el reto demogr\u00e1fico.<\/p>\n\n\n\n<p>Por ello, en l\u00ednea con las leyes a favor del C\u00f3digo Laboral Vasco y de la Seguridad Social propia, recogidas por LAB en su <a href=\"https:\/\/www.lab.eus\/wp-content\/uploads\/2021\/09\/PROGRAMAGAZ.pdf\">Programa Socioecon\u00f3mico<\/a> y presentadas en sede parlamentaria, entre otras cuestiones, apoyamos la propuesta de suspensi\u00f3n remunerada por cuidado, que se aumenten las inversiones en servicios p\u00fablicos, as\u00ed como apoyamos medidas para limitar el precio de la vivienda, y reivindicamos un acuerdo interprofesional para que se fije la jornada laboral de 30 horas y el salario m\u00ednimo interporfesional en 1.400 euros.<\/p>\n\n\n\n<p>Hay que dignificar las condiciones de trabajo y de vida, desarrollar pol\u00edticas p\u00fablicas a favor de las vidas habitables y eso requiere de medidas de reparto del empleo, de los cuidados y de la riqueza, y sobre todo, de voluntad pol\u00edtica.<\/p>\n","protected":false},"excerpt":{"rendered":"<p>Se ha llevado a cabo en el Parlamento de Gasteiz una sesi\u00f3n monogr\u00e1fica sobre el reto demogr\u00e1fico. Una vez m\u00e1s, el Gobierno de Urkullu ha preferido apostar por medidas de impacto limitado y aisladas antes que dar paso a debates de fondo y apostar por una estrategia integral a largo plazo.<\/p>\n","protected":false},"author":1189,"featured_media":47729,"comment_status":"closed","ping_status":"closed","sticky":false,"template":"","format":"standard","meta":{"_monsterinsights_skip_tracking":false,"_monsterinsights_sitenote_active":false,"_monsterinsights_sitenote_note":"","_monsterinsights_sitenote_category":0,"footnotes":"","_links_to":"","_links_to_target":""},"categories":[3402,2994],"tags":[3182,3178],"class_list":{"0":"post-47731","1":"post","2":"type-post","3":"status-publish","4":"format-standard","5":"has-post-thumbnail","7":"category-accion-politica","8":"category-accion-social","9":"tag-accion-social-es","10":"tag-destacado-1"},"_links":{"self":[{"href":"https:\/\/www.lab.eus\/es\/wp-json\/wp\/v2\/posts\/47731","targetHints":{"allow":["GET"]}}],"collection":[{"href":"https:\/\/www.lab.eus\/es\/wp-json\/wp\/v2\/posts"}],"about":[{"href":"https:\/\/www.lab.eus\/es\/wp-json\/wp\/v2\/types\/post"}],"author":[{"embeddable":true,"href":"https:\/\/www.lab.eus\/es\/wp-json\/wp\/v2\/users\/1189"}],"replies":[{"embeddable":true,"href":"https:\/\/www.lab.eus\/es\/wp-json\/wp\/v2\/comments?post=47731"}],"version-history":[{"count":0,"href":"https:\/\/www.lab.eus\/es\/wp-json\/wp\/v2\/posts\/47731\/revisions"}],"wp:featuredmedia":[{"embeddable":true,"href":"https:\/\/www.lab.eus\/es\/wp-json\/wp\/v2\/media\/47729"}],"wp:attachment":[{"href":"https:\/\/www.lab.eus\/es\/wp-json\/wp\/v2\/media?parent=47731"}],"wp:term":[{"taxonomy":"category","embeddable":true,"href":"https:\/\/www.lab.eus\/es\/wp-json\/wp\/v2\/categories?post=47731"},{"taxonomy":"post_tag","embeddable":true,"href":"https:\/\/www.lab.eus\/es\/wp-json\/wp\/v2\/tags?post=47731"}],"curies":[{"name":"wp","href":"https:\/\/api.w.org\/{rel}","templated":true}]}}