{"id":47719,"date":"2022-05-19T10:26:47","date_gmt":"2022-05-19T10:26:47","guid":{"rendered":"https:\/\/www.lab.eus\/?p=47719"},"modified":"2022-05-19T10:42:05","modified_gmt":"2022-05-19T10:42:05","slug":"hemos-reiterado-que-para-dar-solucion-al-conflicto-de-las-residencias-de-gipuzkoa-son-imprescindibles-un-convenio-para-el-herrialde-y-la-mejoras-de-los-ratios","status":"publish","type":"post","link":"https:\/\/www.lab.eus\/es\/hemos-reiterado-que-para-dar-solucion-al-conflicto-de-las-residencias-de-gipuzkoa-son-imprescindibles-un-convenio-para-el-herrialde-y-la-mejoras-de-los-ratios\/","title":{"rendered":"Hemos reiterado que para dar soluci\u00f3n al conflicto de las residencias de Gipuzkoa son imprescindibles un convenio para el herrialde y la mejora de los ratios"},"content":{"rendered":"\n<p>Las trabajadoras de las residencias de mayores de Gipuzkoa han secundado <a href=\"https:\/\/www.lab.eus\/es\/hemos-convocado-huelga-para-el-19-de-mayo-en-las-residencias-de-gipuzkoa-en-defensa-del-convenio-laboral-y-por-la-mejora-de-ratios\/\">una nueva jornada de huelga y movilizaci\u00f3n<\/a> en defensa de unas condiciones laborales dignas y de un servicio de calidad. La movilizaci\u00f3n principal de la jornada ha partido desde el Boulevard y, tras pasar por el centro de Donostia, ha finalizado ante la Diputaci\u00f3n Foral de Gipuzkoa.<\/p>\n\n\n\n<p>Despu\u00e9s de dos a\u00f1os, hemos conseguido reunir una mesa de negociaci\u00f3n que estaba totalmente bloqueada. En ese contexto hemos realizado la huelga de hoy, a diferencia de las huelgas anteriores. A partir de ahora, es responsabilidad de la patronal y de la Diputaci\u00f3n de Gipuzkoa no volver a bloquear la mesa. Ahora es momento de empezar a hablar de contenidos, m\u00e1s all\u00e1 de voluntades, y poner sobre la mesa propuestas concretas. Y como venimos reiterando desde LAB, un convenio colectivo de residencias de Gipuzkoa y la mejora de los ratios son condiciones imprescindibles para dar soluci\u00f3n al conflicto.<\/p>\n\n\n\n<p>En este sentido, es momento de apoyar la lucha incansable y ejemplar que llevan a cabo las trabajadores del sector y multiplicar la presi\u00f3n social y sindical.<\/p>\n","protected":false},"excerpt":{"rendered":"<p>Las trabajadoras del sector han secundado una nueva jornada de huelga y movilizaci\u00f3n en defensa de unas condiciones laborales dignas y de un servicio de calidad. La movilizaci\u00f3n principal de la jornada ha partido desde el Boulevard y, tras pasar por el centro de Donostia, ha finalizado ante la Diputaci\u00f3n.<\/p>\n","protected":false},"author":1189,"featured_media":47723,"comment_status":"closed","ping_status":"closed","sticky":false,"template":"","format":"standard","meta":{"_monsterinsights_skip_tracking":false,"_monsterinsights_sitenote_active":false,"_monsterinsights_sitenote_note":"","_monsterinsights_sitenote_category":0,"footnotes":"","_links_to":"","_links_to_target":""},"categories":[18,3000,6,3283],"tags":[3033,3178,3217,3171],"class_list":{"0":"post-47719","1":"post","2":"type-post","3":"status-publish","4":"format-standard","5":"has-post-thumbnail","7":"category-es-accion-sindical","8":"category-servicio-sociocomunitario","9":"category-es-servicios-publicos","10":"category-sin-categorizar","11":"tag-accion-sindical-es","12":"tag-destacado-1","13":"tag-servicios-sociocomunitarios","14":"tag-servicios-publicos-es"},"_links":{"self":[{"href":"https:\/\/www.lab.eus\/es\/wp-json\/wp\/v2\/posts\/47719","targetHints":{"allow":["GET"]}}],"collection":[{"href":"https:\/\/www.lab.eus\/es\/wp-json\/wp\/v2\/posts"}],"about":[{"href":"https:\/\/www.lab.eus\/es\/wp-json\/wp\/v2\/types\/post"}],"author":[{"embeddable":true,"href":"https:\/\/www.lab.eus\/es\/wp-json\/wp\/v2\/users\/1189"}],"replies":[{"embeddable":true,"href":"https:\/\/www.lab.eus\/es\/wp-json\/wp\/v2\/comments?post=47719"}],"version-history":[{"count":0,"href":"https:\/\/www.lab.eus\/es\/wp-json\/wp\/v2\/posts\/47719\/revisions"}],"wp:featuredmedia":[{"embeddable":true,"href":"https:\/\/www.lab.eus\/es\/wp-json\/wp\/v2\/media\/47723"}],"wp:attachment":[{"href":"https:\/\/www.lab.eus\/es\/wp-json\/wp\/v2\/media?parent=47719"}],"wp:term":[{"taxonomy":"category","embeddable":true,"href":"https:\/\/www.lab.eus\/es\/wp-json\/wp\/v2\/categories?post=47719"},{"taxonomy":"post_tag","embeddable":true,"href":"https:\/\/www.lab.eus\/es\/wp-json\/wp\/v2\/tags?post=47719"}],"curies":[{"name":"wp","href":"https:\/\/api.w.org\/{rel}","templated":true}]}}