{"id":47705,"date":"2022-05-19T09:43:27","date_gmt":"2022-05-19T09:43:27","guid":{"rendered":"https:\/\/www.lab.eus\/?p=47705"},"modified":"2022-05-19T14:05:05","modified_gmt":"2022-05-19T14:05:05","slug":"el-acuerdo-firmado-por-mutualia-y-osakidetza-conculca-el-derecho-a-la-confidencialidad-de-la-clase-trabajadora","status":"publish","type":"post","link":"https:\/\/www.lab.eus\/es\/el-acuerdo-firmado-por-mutualia-y-osakidetza-conculca-el-derecho-a-la-confidencialidad-de-la-clase-trabajadora\/","title":{"rendered":"El acuerdo firmado por Mutualia y Osakidetza conculca el derecho a la confidencialidad de la clase trabajadora"},"content":{"rendered":"\n<p>A convocatoria de la mayor\u00eda sindical vasca, nos hemos concentrado ante la sede de Mutualia en Bilbo <a href=\"https:\/\/www.lab.eus\/es\/lakua-regala-nuestros-datos-medicos-a-mutualia\/\">para denunciar la\u00a0intromisi\u00f3n en los historiales m\u00e9dicos<\/a> que pueda acarrear el acuerdo firmado recientemente por Mutualia y Osakidetza en beneficio de los intereses patronales.<\/p>\n\n\n\n<p>Desde LAB hacemos un llamamiento a la clase trabajadora para que no preste consentimiento previo, expreso ni escrito al personal de Mutualia para que pueda acceder, de forma directa, a sus expedientes en cualquiera de las actividades de colaboraci\u00f3n atribuidas legalmente por la Seguridad Social a la mutua como las relativas a contingencia de accidentes de trabajo y enfermedades profesionales, incapacidad temporal derivada de contingencia com\u00fan, riesgo durante el embarazo y riesgo durante la lactancia natural, cuidado de menores afectados por c\u00e1ncer u otra enfermedad grave&#8230; Hacemos un llamamiento para que tampoco se preste consentimiento previo, expreso ni escrito para facilitar el acceso del personal de Mutualia a la historia cl\u00ednica en Osakidetza.<\/p>\n\n\n\n<p><strong>Comunicado de LAB, ELA, ESK, STEILAS, ETXALDE e HIRU:<\/strong><\/p>\n\n\n\n<p>Osakidetza y Mutualia han firmado un convenio de colaboraci\u00f3n para facilitar al personal m\u00e9dico de ambas organizaciones el acceso al historial m\u00e9dico completo de los pacientes.&nbsp;Para los sindicatos LAB, ELA, SSTEILAS, Etxalde e Hiru&nbsp;supone una nueva privatizaci\u00f3n de la sanidad p\u00fablica y una intromisi\u00f3n en los historiales m\u00e9dicos en beneficio de los intereses patronales.<\/p>\n\n\n\n<p>Mutualia es la mutua mayoritaria en laComunidad Aut\u00f3noma Vasca, y este convenio afectar\u00e1 a los trabajadores y trabajadoras cubiertas por Mutualia,unos 421.959 en total. Se puede pensar que otras mutuas seguir\u00e1n el mismo camino.<\/p>\n\n\n\n<p>Los sindicatos llevan a\u00f1os denunciando las malas pr\u00e1cticas de las&nbsp;&nbsp;mutuas&nbsp;a la hora de reconocerunacontingenciacomolaboral o estar los d\u00edas de baja necesarios para una recuperaci\u00f3n adecuada.&nbsp;Con este nuevo acuerdo, que tendr\u00e1n la oportunidad de conocer toda nuestra historia m\u00e9dica, ser\u00e1 a\u00fan m\u00e1s dif\u00edcil que las mutuas les atiendan adecuadamente, anteponiendo los criterios m\u00e9dicos a los economicistas.<\/p>\n\n\n\n<p>Recordemos que las mutuas son&nbsp;&nbsp;asociaciones&nbsp;patronales&nbsp;privadasque en&nbsp;principio nacieron&nbsp;&nbsp;para gestionar las contingencias profesionales de los y las trabajadoras de las empresas asociadas. A partir de 1996, los diferentes gobiernos de Madrid comenzaron a darles mayores competencias, con la reforma del 2015 pasaron a denominarse Mutuas colaboradoras de la Seguridad Social, asumiendo mayores competencias y por ende mayor poder, como la gesti\u00f3n de la prestaci\u00f3n en contingencias comunes, la prestaci\u00f3n por riesgo durante el embarazo o lactancia, o la prestaci\u00f3n por cese de actividad de los trabajadores ytrabajadoras aut\u00f3nomas, entre otros. En 2014, v\u00eda reforma de la LGSS, se abri\u00f3 la puerta de acceso al historial cl\u00ednico a los profesionales de las mutuas, pero finalmente la&nbsp;Ley de Protecci\u00f3n de Datos lo impidi\u00f3.<\/p>\n\n\n\n<p>Sin embargo,&nbsp;Osakidetza&nbsp;y Mutualia han firmado dicho acuerdo esta pasada&nbsp;que les faculta para acceder a los datos m\u00e9dicos recogidos en el sistema p\u00fablico de salud, en teor\u00eda con la autorizaci\u00f3n expresa de los pacientes.<\/p>\n\n\n\n<p>Este convenio va a dotar de mayor poder a Mutualia&nbsp;y conculca el derecho a la confidencialidad de los datos m\u00e9dicos y, adem\u00e1s, puede da\u00f1ar gravemente la relaci\u00f3n m\u00e9dico-paciente en el sistema saniatario p\u00fablico, ya que pueden no querer que consten en su historial atenciones o da\u00f1os que crean pueden ser utilizados en su contra en su vida laboral.<\/p>\n","protected":false},"excerpt":{"rendered":"<p>A convocatoria de la mayor\u00eda sindical vasca, nos hemos concentrado ante la sede de Mutualia en Bilbo para denunciar la  intromisi\u00f3n en los historiales m\u00e9dicos que pueda acarrear dicho acuerdo en beneficio de los intereses patronales.<\/p>\n","protected":false},"author":1189,"featured_media":47710,"comment_status":"closed","ping_status":"closed","sticky":false,"template":"","format":"standard","meta":{"_monsterinsights_skip_tracking":false,"_monsterinsights_sitenote_active":false,"_monsterinsights_sitenote_note":"","_monsterinsights_sitenote_category":0,"footnotes":"","_links_to":"","_links_to_target":""},"categories":[18,15],"tags":[3033,3178,3083],"class_list":{"0":"post-47705","1":"post","2":"type-post","3":"status-publish","4":"format-standard","5":"has-post-thumbnail","7":"category-es-accion-sindical","8":"category-es-salud-laboral","9":"tag-accion-sindical-es","10":"tag-destacado-1","11":"tag-salud-laboral-es"},"_links":{"self":[{"href":"https:\/\/www.lab.eus\/es\/wp-json\/wp\/v2\/posts\/47705","targetHints":{"allow":["GET"]}}],"collection":[{"href":"https:\/\/www.lab.eus\/es\/wp-json\/wp\/v2\/posts"}],"about":[{"href":"https:\/\/www.lab.eus\/es\/wp-json\/wp\/v2\/types\/post"}],"author":[{"embeddable":true,"href":"https:\/\/www.lab.eus\/es\/wp-json\/wp\/v2\/users\/1189"}],"replies":[{"embeddable":true,"href":"https:\/\/www.lab.eus\/es\/wp-json\/wp\/v2\/comments?post=47705"}],"version-history":[{"count":0,"href":"https:\/\/www.lab.eus\/es\/wp-json\/wp\/v2\/posts\/47705\/revisions"}],"wp:featuredmedia":[{"embeddable":true,"href":"https:\/\/www.lab.eus\/es\/wp-json\/wp\/v2\/media\/47710"}],"wp:attachment":[{"href":"https:\/\/www.lab.eus\/es\/wp-json\/wp\/v2\/media?parent=47705"}],"wp:term":[{"taxonomy":"category","embeddable":true,"href":"https:\/\/www.lab.eus\/es\/wp-json\/wp\/v2\/categories?post=47705"},{"taxonomy":"post_tag","embeddable":true,"href":"https:\/\/www.lab.eus\/es\/wp-json\/wp\/v2\/tags?post=47705"}],"curies":[{"name":"wp","href":"https:\/\/api.w.org\/{rel}","templated":true}]}}