{"id":47692,"date":"2022-05-19T08:56:53","date_gmt":"2022-05-19T08:56:53","guid":{"rendered":"https:\/\/www.lab.eus\/?p=47692"},"modified":"2022-05-19T08:56:55","modified_gmt":"2022-05-19T08:56:55","slug":"llamamos-a-participar-en-la-manifestacion-que-se-llevara-a-cabo-el-sabado-en-donostia-bajo-el-lema-euskara-aurrera","status":"publish","type":"post","link":"https:\/\/www.lab.eus\/es\/llamamos-a-participar-en-la-manifestacion-que-se-llevara-a-cabo-el-sabado-en-donostia-bajo-el-lema-euskara-aurrera\/","title":{"rendered":"Llamamos a participar en la manifestaci\u00f3n que se llevar\u00e1 a cabo el s\u00e1bado en Donostia bajo el lema \u00abEuskara aurrera\u00bb"},"content":{"rendered":"\n<p>Es hora de que las y los trabajadores tambi\u00e9n digamos \u201cEuskara aurrera!\u201d. LAB llama a participar en la manifestaci\u00f3n que bajo el lema \u201cEuskara aurrera\u201d se celebrar\u00e1 el s\u00e1bado en Donostia, a las 17:30 desde el t\u00fanel de Antiguo. El secretario general adjunto Igor Arroyo encabezar\u00e1 una amplia representaci\u00f3n del sindicato en la movilizaci\u00f3n.<\/p>\n\n\n\n<p>La juventud lo ha dicho bien claro. Quiere vivir en euskara y no puede, no encuentra m\u00e1s que trabas para poder hacerlo. No hay m\u00e1s que obst\u00e1culos en nuestro d\u00eda a d\u00eda, en el ocio, en los contenidos de las pantallas, &#8230; Las pol\u00edticas de reeuskaldunizaci\u00f3n no est\u00e1n dando los frutos esperados y de ello saben bastante la juventud, mucha de la cual ha crecido en el con esas pol\u00edticas. Es una cuesti\u00f3n evidente desde hace tiempo, incluso para quienes son responsables de esas pol\u00edticas. \u00a1Y qu\u00e9 decir de la situaci\u00f3n en las zonas donde el euskara est\u00e1 totalmente discriminado y silenciado!<\/p>\n\n\n\n<p>Hemos dicho una y otra vez que queremos vivir en euskara. Una y otra vez hemos alzado la voz: no se puede vivir en euskara si no se euskalduniza el mundo laboral. El mundo laboral es un \u00e1mbito en el que se pisotean sistem\u00e1ticamente los derechos ling\u00fc\u00edsticos de la ciudadan\u00eda. Sin embargo, son los mismos que se fotograf\u00edan a favor del euskara los que no quieren acabar con esta injusticia. La patronal tambi\u00e9n se niega a sentarse en la mesa para hablar de posibles planes de euskara.<\/p>\n\n\n\n<p>Y gobiernos y administraciones no se quedan atr\u00e1s. Algunos han convertido en arte relegar todo esto, dej\u00e1ndolo todo en manos del voluntarismo. Pero no se puede avanzar si no se toman medidas y decisiones eficaces y valientes. Y lo saben. No podemos olvidar tampoco el ataque judicial que estamos sufriendo de una punta a otra de Euskal Herria, estamos en una involuci\u00f3n legal.<\/p>\n\n\n\n<p>Sin embargo, mientras se empe\u00f1an en el retroceso de nuestra lengua, reivindicamos bien alto, cada d\u00eda y cada una desde nuestro \u00e1mbito, \u201cEuskara aurrera!\u201d. Somos una comunidad que tiene la determinaci\u00f3n de vivir en euskara, que a pesar de los ataques y los obst\u00e1culos, ha conseguido avanzar durante siglos y no est\u00e1 dispuesta a ceder.<\/p>\n","protected":false},"excerpt":{"rendered":"<p>Arrancar\u00e1 a las 17:30 desde el t\u00fanel de Antiguo. El secretario general adjunto Igor Arroyo encabezar\u00e1 una amplia representaci\u00f3n del sindicato en la movilizaci\u00f3n.<\/p>\n","protected":false},"author":1189,"featured_media":47691,"comment_status":"closed","ping_status":"closed","sticky":false,"template":"","format":"standard","meta":{"_monsterinsights_skip_tracking":false,"_monsterinsights_sitenote_active":false,"_monsterinsights_sitenote_note":"","_monsterinsights_sitenote_category":0,"footnotes":"","_links_to":"","_links_to_target":""},"categories":[3402,3280,3283],"tags":[3178,3192],"class_list":{"0":"post-47692","1":"post","2":"type-post","3":"status-publish","4":"format-standard","5":"has-post-thumbnail","7":"category-accion-politica","8":"category-secretaria-de-euskara","9":"category-sin-categorizar","10":"tag-destacado-1","11":"tag-euskara-es"},"_links":{"self":[{"href":"https:\/\/www.lab.eus\/es\/wp-json\/wp\/v2\/posts\/47692","targetHints":{"allow":["GET"]}}],"collection":[{"href":"https:\/\/www.lab.eus\/es\/wp-json\/wp\/v2\/posts"}],"about":[{"href":"https:\/\/www.lab.eus\/es\/wp-json\/wp\/v2\/types\/post"}],"author":[{"embeddable":true,"href":"https:\/\/www.lab.eus\/es\/wp-json\/wp\/v2\/users\/1189"}],"replies":[{"embeddable":true,"href":"https:\/\/www.lab.eus\/es\/wp-json\/wp\/v2\/comments?post=47692"}],"version-history":[{"count":0,"href":"https:\/\/www.lab.eus\/es\/wp-json\/wp\/v2\/posts\/47692\/revisions"}],"wp:featuredmedia":[{"embeddable":true,"href":"https:\/\/www.lab.eus\/es\/wp-json\/wp\/v2\/media\/47691"}],"wp:attachment":[{"href":"https:\/\/www.lab.eus\/es\/wp-json\/wp\/v2\/media?parent=47692"}],"wp:term":[{"taxonomy":"category","embeddable":true,"href":"https:\/\/www.lab.eus\/es\/wp-json\/wp\/v2\/categories?post=47692"},{"taxonomy":"post_tag","embeddable":true,"href":"https:\/\/www.lab.eus\/es\/wp-json\/wp\/v2\/tags?post=47692"}],"curies":[{"name":"wp","href":"https:\/\/api.w.org\/{rel}","templated":true}]}}