{"id":47318,"date":"2022-05-10T10:49:12","date_gmt":"2022-05-10T10:49:12","guid":{"rendered":"https:\/\/www.lab.eus\/?p=47318"},"modified":"2022-05-10T10:49:14","modified_gmt":"2022-05-10T10:49:14","slug":"amplio-seguimiento-en-la-huelga-de-limpieza-de-bizkaia","status":"publish","type":"post","link":"https:\/\/www.lab.eus\/es\/amplio-seguimiento-en-la-huelga-de-limpieza-de-bizkaia\/","title":{"rendered":"Amplio seguimiento en la huelga de limpieza de Bizkaia"},"content":{"rendered":"\n<p>Las trabajadoras de edificios y locales de Bizkaia han salido hoy a la calle para reivindicar la dignificaci\u00f3n de sus p\u00e9simas condiciones laborales, con una kalejira que ha partido desde la calle Berastegi de Bilbao y realizando paradas en varias empresas responsables del bloqueo. Y es que convocadas por los sindicatos LAB, ELA y ESK, que conforman la mayor\u00eda de la mesa negociadora, est\u00e1n secundado con un amplio seguimiento la primera de las tres nuevas jornada de huelga convocadas para esta esta semana (10,11 y 12 de mayo).<\/p>\n\n\n\n<p>Hace m\u00e1s de un a\u00f1o que se constituy\u00f3 la mesa negociadora del convenio de Limpieza de Bizkaia y desde entonces la patronal se ha limitado a ofrecer migajas. Sin embargo, los salarios de las trabajadoras de Bizkaia no llegan a los 16.000 euros anuales, y la mayor\u00eda tienen jornadas parciales. Adem\u00e1s, y tras dos a\u00f1os de pandemia, los salarios siguen congelados, a pesar del desvocado IPC.<br><br>La conclusi\u00f3n es evidente: existe en este sector una brecha salarial abrumadora. Si se compara con la limpieza viaria donde los hombres son mayor\u00eda, el personal de limpieza de los edificios gana un 45% menos. Por lo tanto, los convocantes reivindican salarios de 1.200 euros x 15.<br><br>En cuanto a las movilizaciones de ma\u00f1ana, desde el Mercado de la Ribera de Bilbao, se celebrar\u00e1 un Free Tour de la precariedad en la limpieza que comenzar\u00e1 a las 10:30 en el Mercado de la Ribera, el objetivo: denunciar la situaci\u00f3n en la que se encuentran las limpiadoras subcontratadas del Ayuntamiento de Bilbao. El jueves 12 de mayo, se celebrar\u00e1 una manifestaci\u00f3n desde Deusto (Lehendakarik Agirre) hasta el Gobierno Vasco (Gran V\u00eda, 85).&nbsp;<\/p>\n","protected":false},"excerpt":{"rendered":"<p>Los salarios de las trabajadoras de Bizkaia no llegan a los 16.000 euros anuales, y la mayor\u00eda tienen jornadas parciales. Adem\u00e1s, los salarios siguen congelados, a pesar del desvocado IPC.<\/p>\n","protected":false},"author":1189,"featured_media":47327,"comment_status":"closed","ping_status":"closed","sticky":false,"template":"","format":"standard","meta":{"_monsterinsights_skip_tracking":false,"_monsterinsights_sitenote_active":false,"_monsterinsights_sitenote_note":"","_monsterinsights_sitenote_category":0,"footnotes":"","_links_to":"","_links_to_target":""},"categories":[18,2944,8],"tags":[3033,3178,3172],"class_list":{"0":"post-47318","1":"post","2":"type-post","3":"status-publish","4":"format-standard","5":"has-post-thumbnail","7":"category-es-accion-sindical","8":"category-limpieza","9":"category-es-servicios-privados","10":"tag-accion-sindical-es","11":"tag-destacado-1","12":"tag-servicios-privados-es"},"_links":{"self":[{"href":"https:\/\/www.lab.eus\/es\/wp-json\/wp\/v2\/posts\/47318","targetHints":{"allow":["GET"]}}],"collection":[{"href":"https:\/\/www.lab.eus\/es\/wp-json\/wp\/v2\/posts"}],"about":[{"href":"https:\/\/www.lab.eus\/es\/wp-json\/wp\/v2\/types\/post"}],"author":[{"embeddable":true,"href":"https:\/\/www.lab.eus\/es\/wp-json\/wp\/v2\/users\/1189"}],"replies":[{"embeddable":true,"href":"https:\/\/www.lab.eus\/es\/wp-json\/wp\/v2\/comments?post=47318"}],"version-history":[{"count":0,"href":"https:\/\/www.lab.eus\/es\/wp-json\/wp\/v2\/posts\/47318\/revisions"}],"wp:featuredmedia":[{"embeddable":true,"href":"https:\/\/www.lab.eus\/es\/wp-json\/wp\/v2\/media\/47327"}],"wp:attachment":[{"href":"https:\/\/www.lab.eus\/es\/wp-json\/wp\/v2\/media?parent=47318"}],"wp:term":[{"taxonomy":"category","embeddable":true,"href":"https:\/\/www.lab.eus\/es\/wp-json\/wp\/v2\/categories?post=47318"},{"taxonomy":"post_tag","embeddable":true,"href":"https:\/\/www.lab.eus\/es\/wp-json\/wp\/v2\/tags?post=47318"}],"curies":[{"name":"wp","href":"https:\/\/api.w.org\/{rel}","templated":true}]}}