{"id":47306,"date":"2022-05-10T09:25:04","date_gmt":"2022-05-10T09:25:04","guid":{"rendered":"https:\/\/www.lab.eus\/?p=47306"},"modified":"2022-05-10T09:36:30","modified_gmt":"2022-05-10T09:36:30","slug":"hemos-ofrecido-todo-nuestro-apoyo-a-las-y-los-huelguistas-de-irizar-e-mobility-de-aduna","status":"publish","type":"post","link":"https:\/\/www.lab.eus\/es\/hemos-ofrecido-todo-nuestro-apoyo-a-las-y-los-huelguistas-de-irizar-e-mobility-de-aduna\/","title":{"rendered":"Hemos ofrecido todo nuestro apoyo a las y los huelguistas de Irizar E-Mobility de Aduna"},"content":{"rendered":"\n<p>\u00abSon necesarios discursos e informes, pero lo que da vida al sindicalismo es la lucha diaria de la gente trabajadora\u00bb.<\/p>\n\n\n\n<p>Son palabras del secretario general adjunto, Igor Arroyo, realizadas en Aduna, ante la planta de Irizar E-Mobility. Concretamente, la plantilla de la empresa cumple ya 16 d\u00edas de huelga indefinida en defensa de sus condiciones laborales, a convocatoria de un comit\u00e9 de empresa en el que el sindicato LAB tiene casi toda la representaci\u00f3n (9 de 8 representantes). \u00abLa lucha de estas y estos j\u00f3venes trabajadores alimenta al sindicalismo vasco\u00bb, ha afirmado el representante del sindicato.<\/p>\n\n\n\n<p>La visita de Igor Arroyo llega un d\u00eda despu\u00e9s de la rueda de prensa celebrada por el comit\u00e9 de empresa. En este sentido, en la citada comparecencia ante los medios, las y los trabajadores destacaron que no retroceder\u00e1n ni un \u00e1pice y que continuar\u00e1n con la lucha hasta el final. Asimismo, informaron de que para el 14 de mayo han convocado una manifestaci\u00f3n en Andoain.<\/p>\n\n\n\n<figure class=\"wp-block-embed is-type-rich is-provider-twitter wp-block-embed-twitter\"><div class=\"wp-block-embed__wrapper\">\n<blockquote class=\"twitter-tweet\" data-width=\"550\" data-dnt=\"true\"><p lang=\"eu\" dir=\"ltr\">&quot;Ez dugu atzera egingo eta Irizarri exijitzen diogu gure baldintzak onar ditzala, gatazka hau amaitu eta negoziazioekin jarraitzeko&quot;<br><br>LABek ia gehiengo osoa duen Adunako Irizar E-Mobility-ko enpresa batzordeak oso argi du: borroka, borroka eta borroka! <a href=\"https:\/\/t.co\/ggNLBkj2zR\">pic.twitter.com\/ggNLBkj2zR<\/a><\/p>&mdash; LAB SINDIKATUA (@LABsindikatua) <a href=\"https:\/\/twitter.com\/LABsindikatua\/status\/1523619755629838336?ref_src=twsrc%5Etfw\">May 9, 2022<\/a><\/blockquote><script async src=\"https:\/\/platform.twitter.com\/widgets.js\" charset=\"utf-8\"><\/script>\n<\/div><\/figure>\n\n\n\n<p><strong>Esta es la nota de prensa emitida, ayer, con motivo de la comparecencia ante los medios:<\/strong><\/p>\n\n\n\n<p>Para las y los trabajadores de Irizar E-Mobiliy hoy es el 15 d\u00eda de huelga. Como saben, estamos en huelga indefinida desde el 25 de abril.<\/p>\n\n\n\n<p>Pedimos un pacto de empresa que nos merecemos y que garantice unas condiciones laborales m\u00ednimas. Pedimos 5 condiciones cualitativas para reanudar las negociaciones, dejando los puntos cuantitativos para la negociaci\u00f3n. En concreto, las condiciones que hemos establecido son las siguientes:<\/p>\n\n\n\n<p>Pagar el mismo salario por el mismo trabajo a las y los trabajadores que tenemos contrato de E-mobility, dignificando e igualando las condiciones de trabajo para las salidas laborales a todos los trabajadores, compensar los esfuerzos adicionales que se realizan, poner medidas para la conciliaci\u00f3n de la vida laboral y laboral para garantizar la vida personal y la conciliaci\u00f3n, cumplir en su integridad el convenio del Metal de Gipuzkoa.<\/p>\n\n\n\n<p>Irizar E-Mobility no es una empresa cualquiera. Somos los primeros productores del estado franc\u00e9s y 1 de cada 10 autobuses el\u00e9ctricos que se producen en Europa es nuestro. Es uno de los sectores que quiere ser la base de la industria en el futuro, clave en la tan necesaria transici\u00f3n energ\u00e9tica. As\u00ed se lo reconocen las instituciones, por lo que ha recibido numerosas ayudas. \u00bfSe basar\u00e1 la industria del futuro en condiciones de trabajo de segunda? A\u00f1o tras a\u00f1o muchos trabajadores y trabajadoras abandonan la empresa, muchos y muchas no ven su futuro aqu\u00ed y se marchan. Esto refleja claramente c\u00f3mo son las condiciones de trabajo. Paralelamente, existen problemas a la hora de realizar nuevas contrataciones. \u00bfCrearemos as\u00ed una industria competitiva, con condiciones laborales secundarias?<\/p>\n\n\n\n<p>Las instituciones no pueden hacer o\u00eddos sordos ante esta situaci\u00f3n. Como colabor\u00e1is con estas empresas, tambi\u00e9n es vuestra responsabilidad comprobar que hay condiciones laborales dignas en esas empresas. As\u00ed, pedimos a las instituciones que intervengan en nuestra situaci\u00f3n y hagan que la direcci\u00f3n se mueva para hacer una propuesta que garantice los 5 puntos que solicitamos.<\/p>\n\n\n\n<p>Tenemos que revertir la situaci\u00f3n y por eso estamos luchando. En cuanto a nuestra lucha, comunicamos que siempre estamos a favor de alcanzar consensos, pero la situaci\u00f3n se ha vuelto insostenible. \u00abNo vamos a dar marcha atr\u00e1s y exigimos a Irizar que acepte nuestras condiciones, que ponga fin a este conflicto y prosiga las negociaciones\u00bb.<\/p>\n\n\n\n<p>Queremos hacer saber que vamos a realizar una manifestaci\u00f3n este s\u00e1bado, 14 de mayo, a las 17:30 horas desde la plaza de arriba de Andoain para pedir a la direcci\u00f3n que d\u00e9 pasos. Posteriormente, se celebrar\u00e1n conciertos solidarios en el gaztetxe de Andoain para recaudar fondos para la caja de resistencia de las y los trabajadores en huelga. Hacemos un llamamiento a toda la ciudadan\u00eda para que participe. Y queremos agradecer a los agentes sociales y pol\u00edticos que nos han apoyado. \u00a1Esta lucha es una lucha por los puestos de trabajo del futuro, tiene que ser la lucha de un pa\u00eds entero y no tenemos ninguna duda de que lo vamos a conseguir!<\/p>\n\n\n\n<p>Para terminar, queremos mostrar nuestra solidaridad con las y los compa\u00f1eros que est\u00e1n en huelga en Alconza de Berango contra los 25 despidos y pedimos a Irizar que readmita a las y los trabajadores despedidos.<\/p>\n\n\n\n<figure class=\"wp-block-image size-large\"><img loading=\"lazy\" decoding=\"async\" width=\"724\" height=\"1024\" src=\"https:\/\/www.lab.eus\/wp-content\/uploads\/2022\/05\/IrizarKartela-724x1024.jpeg\" alt=\"\" class=\"wp-image-47310\" srcset=\"https:\/\/www.lab.eus\/wp-content\/uploads\/2022\/05\/IrizarKartela-724x1024.jpeg 724w, https:\/\/www.lab.eus\/wp-content\/uploads\/2022\/05\/IrizarKartela-212x300.jpeg 212w, https:\/\/www.lab.eus\/wp-content\/uploads\/2022\/05\/IrizarKartela-768x1086.jpeg 768w, https:\/\/www.lab.eus\/wp-content\/uploads\/2022\/05\/IrizarKartela-1086x1536.jpeg 1086w, https:\/\/www.lab.eus\/wp-content\/uploads\/2022\/05\/IrizarKartela-150x212.jpeg 150w, https:\/\/www.lab.eus\/wp-content\/uploads\/2022\/05\/IrizarKartela-300x424.jpeg 300w, https:\/\/www.lab.eus\/wp-content\/uploads\/2022\/05\/IrizarKartela-696x985.jpeg 696w, https:\/\/www.lab.eus\/wp-content\/uploads\/2022\/05\/IrizarKartela-1068x1511.jpeg 1068w, https:\/\/www.lab.eus\/wp-content\/uploads\/2022\/05\/IrizarKartela-297x420.jpeg 297w, https:\/\/www.lab.eus\/wp-content\/uploads\/2022\/05\/IrizarKartela.jpeg 1131w\" sizes=\"auto, (max-width: 724px) 100vw, 724px\" \/><\/figure>\n","protected":false},"excerpt":{"rendered":"<p>El secretario general adjunto, Igor Arroyo, se ha acercado a la planta para apoyar y reconocer la lucha que est\u00e1 llevando a cabo la plantilla. Las y los trabajadores llevan m\u00e1s de 15 d\u00edas de huelga en defensa de sus derechos laborales, y para el s\u00e1bado han convocado una manifestaci\u00f3n en Andoain.<\/p>\n","protected":false},"author":1189,"featured_media":47301,"comment_status":"closed","ping_status":"closed","sticky":false,"template":"","format":"standard","meta":{"_monsterinsights_skip_tracking":false,"_monsterinsights_sitenote_active":false,"_monsterinsights_sitenote_note":"","_monsterinsights_sitenote_category":0,"footnotes":"","_links_to":"","_links_to_target":""},"categories":[18,2868,108],"tags":[3033,3178,2996,3064],"class_list":{"0":"post-47306","1":"post","2":"type-post","3":"status-publish","4":"format-standard","5":"has-post-thumbnail","7":"category-es-accion-sindical","8":"category-industria-es","9":"category-es-metal","10":"tag-accion-sindical-es","11":"tag-destacado-1","12":"tag-industria-es","13":"tag-metal-es"},"_links":{"self":[{"href":"https:\/\/www.lab.eus\/es\/wp-json\/wp\/v2\/posts\/47306","targetHints":{"allow":["GET"]}}],"collection":[{"href":"https:\/\/www.lab.eus\/es\/wp-json\/wp\/v2\/posts"}],"about":[{"href":"https:\/\/www.lab.eus\/es\/wp-json\/wp\/v2\/types\/post"}],"author":[{"embeddable":true,"href":"https:\/\/www.lab.eus\/es\/wp-json\/wp\/v2\/users\/1189"}],"replies":[{"embeddable":true,"href":"https:\/\/www.lab.eus\/es\/wp-json\/wp\/v2\/comments?post=47306"}],"version-history":[{"count":0,"href":"https:\/\/www.lab.eus\/es\/wp-json\/wp\/v2\/posts\/47306\/revisions"}],"wp:featuredmedia":[{"embeddable":true,"href":"https:\/\/www.lab.eus\/es\/wp-json\/wp\/v2\/media\/47301"}],"wp:attachment":[{"href":"https:\/\/www.lab.eus\/es\/wp-json\/wp\/v2\/media?parent=47306"}],"wp:term":[{"taxonomy":"category","embeddable":true,"href":"https:\/\/www.lab.eus\/es\/wp-json\/wp\/v2\/categories?post=47306"},{"taxonomy":"post_tag","embeddable":true,"href":"https:\/\/www.lab.eus\/es\/wp-json\/wp\/v2\/tags?post=47306"}],"curies":[{"name":"wp","href":"https:\/\/api.w.org\/{rel}","templated":true}]}}