{"id":47295,"date":"2022-05-10T08:33:59","date_gmt":"2022-05-10T08:33:59","guid":{"rendered":"https:\/\/www.lab.eus\/?p=47295"},"modified":"2022-05-10T09:17:03","modified_gmt":"2022-05-10T09:17:03","slug":"hemos-convocado-huelga-para-el-19-de-mayo-en-las-residencias-de-gipuzkoa-en-defensa-del-convenio-laboral-y-por-la-mejora-de-ratios","status":"publish","type":"post","link":"https:\/\/www.lab.eus\/es\/hemos-convocado-huelga-para-el-19-de-mayo-en-las-residencias-de-gipuzkoa-en-defensa-del-convenio-laboral-y-por-la-mejora-de-ratios\/","title":{"rendered":"Hemos convocado huelga para el 19 de mayo en las residencias de Gipuzkoa en defensa del convenio laboral y por la mejora de ratios"},"content":{"rendered":"\n<p>La situaci\u00f3n en las residencias es insostenible. A este conflicto, que se ha prolongado m\u00e1s de 5 a\u00f1os, hay que a\u00f1adir el impacto de la pandemia del Covid-19. Una situaci\u00f3n que ya era grave se ha vuelto insostenible y es urgente conseguir una soluci\u00f3n digna: no solo porque las circunstancias as\u00ed lo exigen; sino, porque las trabajadoras y residentes del sector se lo merecen.<\/p>\n\n\n\n<p>Es evidente que esta situaci\u00f3n se debe a la privatizaci\u00f3n de los servicios p\u00fablicos, a la precariedad laboral y a la falta de reconocimiento social y econ\u00f3mico de los sectores feminizados. Adem\u00e1s, esto no es un simple conflicto laboral entre las trabajadoras del sector y la patronal, sino una cuesti\u00f3n social que nos afecta a toda la sociedad de Gipuzkoa: porque el derecho a recibir los servicios de cuidados de calidad o el hecho de que las tareas de cuidados se realicen en las condiciones m\u00e1s dignas est\u00e1n siendo vulnerados.<\/p>\n\n\n\n<p>Despu\u00e9s de 2 a\u00f1os hemos conseguido reunir la mesa de negociaci\u00f3n que estaba totalmente bloqueada. Ahora, sin embargo, es responsabilidad de la patronal y de la Diputaci\u00f3n de Gipuzkoa no volver a bloquear la mesa. Ahora que es el momento de empezar a hablar de contenidos, m\u00e1s all\u00e1 de voluntades, habr\u00e1 que poner sobre la mesa propuestas concretas.<\/p>\n\n\n\n<p>La lucha es el \u00fanico camino. Como venimos reiterando desde el Sindicato LAB, el Convenio Colectivo de Residencias de Personas Mayores de Gipuzkoa y las mejoras de los ratios son condiciones imprescindibles para dar soluci\u00f3n a este conflicto.<\/p>\n\n\n\n<p>Es el momento de apoyar la lucha incansable y ejemplar que llevan adelante las trabajadoras del sector y multiplicar la presi\u00f3n tanto social como sindical. Por ello, ser\u00e1 imprescindible la implicaci\u00f3n y colaboraci\u00f3n de toda la clase trabajadora, desde la unidad sindical hasta la construcci\u00f3n de alianzas entre las asociaciones de familiares de residentes y los diferentes movimientos sociales.<\/p>\n\n\n\n<p>Por ello, convocamos huelga el 19 de mayo y hacemos un llamamiento a participar en las movilizaciones. Reconocer los cuidados y mejorar el servicio.<\/p>\n","protected":false},"excerpt":{"rendered":"<p>Despu\u00e9s de dos a\u00f1os, hemos conseguido reunir la mesa de negociaci\u00f3n que estaba totalmente bloqueada. Ahora es el momento de multiplicar la presi\u00f3n tanto social como sindical.<\/p>\n","protected":false},"author":1189,"featured_media":47293,"comment_status":"closed","ping_status":"closed","sticky":false,"template":"","format":"standard","meta":{"_monsterinsights_skip_tracking":false,"_monsterinsights_sitenote_active":false,"_monsterinsights_sitenote_note":"","_monsterinsights_sitenote_category":0,"footnotes":"","_links_to":"","_links_to_target":""},"categories":[18,3000,6,3283],"tags":[3033,3178,3217,3171],"class_list":{"0":"post-47295","1":"post","2":"type-post","3":"status-publish","4":"format-standard","5":"has-post-thumbnail","7":"category-es-accion-sindical","8":"category-servicio-sociocomunitario","9":"category-es-servicios-publicos","10":"category-sin-categorizar","11":"tag-accion-sindical-es","12":"tag-destacado-1","13":"tag-servicios-sociocomunitarios","14":"tag-servicios-publicos-es"},"_links":{"self":[{"href":"https:\/\/www.lab.eus\/es\/wp-json\/wp\/v2\/posts\/47295","targetHints":{"allow":["GET"]}}],"collection":[{"href":"https:\/\/www.lab.eus\/es\/wp-json\/wp\/v2\/posts"}],"about":[{"href":"https:\/\/www.lab.eus\/es\/wp-json\/wp\/v2\/types\/post"}],"author":[{"embeddable":true,"href":"https:\/\/www.lab.eus\/es\/wp-json\/wp\/v2\/users\/1189"}],"replies":[{"embeddable":true,"href":"https:\/\/www.lab.eus\/es\/wp-json\/wp\/v2\/comments?post=47295"}],"version-history":[{"count":0,"href":"https:\/\/www.lab.eus\/es\/wp-json\/wp\/v2\/posts\/47295\/revisions"}],"wp:featuredmedia":[{"embeddable":true,"href":"https:\/\/www.lab.eus\/es\/wp-json\/wp\/v2\/media\/47293"}],"wp:attachment":[{"href":"https:\/\/www.lab.eus\/es\/wp-json\/wp\/v2\/media?parent=47295"}],"wp:term":[{"taxonomy":"category","embeddable":true,"href":"https:\/\/www.lab.eus\/es\/wp-json\/wp\/v2\/categories?post=47295"},{"taxonomy":"post_tag","embeddable":true,"href":"https:\/\/www.lab.eus\/es\/wp-json\/wp\/v2\/tags?post=47295"}],"curies":[{"name":"wp","href":"https:\/\/api.w.org\/{rel}","templated":true}]}}