{"id":47219,"date":"2022-05-06T06:48:00","date_gmt":"2022-05-06T06:48:00","guid":{"rendered":"https:\/\/www.lab.eus\/?p=47219"},"modified":"2022-05-06T09:49:43","modified_gmt":"2022-05-06T09:49:43","slug":"intervencion-social-volvera-a-salir-a-la-calle-para-defender-el-primer-convenio-sectorial-de-navarra","status":"publish","type":"post","link":"https:\/\/www.lab.eus\/es\/intervencion-social-volvera-a-salir-a-la-calle-para-defender-el-primer-convenio-sectorial-de-navarra\/","title":{"rendered":"Intervenci\u00f3n Social volver\u00e1 a salir a la calle para defender el primer convenio sectorial de Navarra"},"content":{"rendered":"\n<p>Cruz Roja, C\u00e1ritas, Secretariado Gitano, Asociaci\u00f3n Espa\u00f1ola contra el C\u00e1ncer y Acci\u00f3n contra el Hambre. Estas cinco empresas conforman la patronal espa\u00f1ola OEIS, que ha impugnado el primer convenio de Intervenci\u00f3n Social de Navarra. En respuesta a ese sinsentido, el sindicato LAB ha organizado una serie de movilizaciones, la huelga del 17 de mayo incluida, y ha llamado a todos los trabajadores y trabajadoras a salir a la calle para denunciar con fuerza la injusticia de la patronal.<\/p>\n\n\n\n<p>La huelga se ha registrado debidamente en el Departamento de Trabajo y se ha comunicado a todas las patronales. Y para que el personal de los tres turnos de ese d\u00eda pueda acogerse a la huelga, el paro se iniciar\u00e1 a las 20:00 horas del d\u00eda 16 de mayo y finalizar\u00e1 a las 23:59 horas del d\u00eda 17 de mayo. Los objetivos de la huelga son denunciar la impugnaci\u00f3n del convenio por parte de la patronal OEIS, defender las condiciones laborales de dos mil trabajadoras del sector, que han mejorado bastante con el convenio, y defender la calidad de los servicios sociales p\u00fablicos que atienden a ciudadanos en situaci\u00f3n social vulnerable.<\/p>\n\n\n\n<p>El 26 de marzo se celebr\u00f3 la primera manifestaci\u00f3n sobre este tema, y antes de la huelga tambi\u00e9n habr\u00e1 dos m\u00e1s.&nbsp;Ma\u00f1ana (7 de mayo) se realizar\u00e1 una manifestaci\u00f3n en Pamplona a las 12:00 desde la sede de Cruz Roja (Leyre, 6). El 16 de mayo a las 10:00 se realizar\u00e1 una concentraci\u00f3n ruidosa junto a la misma sede. El 17 de mayo, a las nueve de la ma\u00f1ana las trabajadoras rodear\u00e1n la sede de C\u00e1ritas en la calle San Ant\u00f3n de Pamplona y a las 10:30 comenzar\u00e1n la concentraci\u00f3n ante el Palacio de (in) Justicia, ya que una hora m\u00e1s tarde se iniciar\u00e1 el juicio sobre la impugnaci\u00f3n.<\/p>\n\n\n\n<p>LAB considera que el mensaje que la patronal OEIS quiere transmitir con la impugnaci\u00f3n es que la movilizaci\u00f3n y la organizaci\u00f3n no sirve para nada y que todo el esfuerzo de las trabajadoras es in\u00fatil. Por ello, el LAB ha manifestado que la participaci\u00f3n de todos y todas es muy importante, tanto en las movilizaciones como en la huelga, para que la patronal vea la necesidad de respetar la voluntad de los trabajadores.<\/p>\n","protected":false},"excerpt":{"rendered":"<p>Hemos convocado varias movilizaciones y una huelga el 17 de mayo debido al juicio sobre la impugnaci\u00f3n del convenio navarro de Intervenci\u00f3n Social.<\/p>\n","protected":false},"author":1189,"featured_media":47217,"comment_status":"closed","ping_status":"closed","sticky":false,"template":"","format":"standard","meta":{"_monsterinsights_skip_tracking":false,"_monsterinsights_sitenote_active":false,"_monsterinsights_sitenote_note":"","_monsterinsights_sitenote_category":0,"footnotes":"","_links_to":"","_links_to_target":""},"categories":[18,3119,6,3283],"tags":[3033,3178,3217,3171],"class_list":{"0":"post-47219","1":"post","2":"type-post","3":"status-publish","4":"format-standard","5":"has-post-thumbnail","7":"category-es-accion-sindical","8":"category-intervencion-y-accion-social","9":"category-es-servicios-publicos","10":"category-sin-categorizar","11":"tag-accion-sindical-es","12":"tag-destacado-1","13":"tag-servicios-sociocomunitarios","14":"tag-servicios-publicos-es"},"_links":{"self":[{"href":"https:\/\/www.lab.eus\/es\/wp-json\/wp\/v2\/posts\/47219","targetHints":{"allow":["GET"]}}],"collection":[{"href":"https:\/\/www.lab.eus\/es\/wp-json\/wp\/v2\/posts"}],"about":[{"href":"https:\/\/www.lab.eus\/es\/wp-json\/wp\/v2\/types\/post"}],"author":[{"embeddable":true,"href":"https:\/\/www.lab.eus\/es\/wp-json\/wp\/v2\/users\/1189"}],"replies":[{"embeddable":true,"href":"https:\/\/www.lab.eus\/es\/wp-json\/wp\/v2\/comments?post=47219"}],"version-history":[{"count":0,"href":"https:\/\/www.lab.eus\/es\/wp-json\/wp\/v2\/posts\/47219\/revisions"}],"wp:featuredmedia":[{"embeddable":true,"href":"https:\/\/www.lab.eus\/es\/wp-json\/wp\/v2\/media\/47217"}],"wp:attachment":[{"href":"https:\/\/www.lab.eus\/es\/wp-json\/wp\/v2\/media?parent=47219"}],"wp:term":[{"taxonomy":"category","embeddable":true,"href":"https:\/\/www.lab.eus\/es\/wp-json\/wp\/v2\/categories?post=47219"},{"taxonomy":"post_tag","embeddable":true,"href":"https:\/\/www.lab.eus\/es\/wp-json\/wp\/v2\/tags?post=47219"}],"curies":[{"name":"wp","href":"https:\/\/api.w.org\/{rel}","templated":true}]}}