{"id":47148,"date":"2022-05-05T14:25:14","date_gmt":"2022-05-05T14:25:14","guid":{"rendered":"https:\/\/www.lab.eus\/?p=47148"},"modified":"2022-05-05T14:40:02","modified_gmt":"2022-05-05T14:40:02","slug":"llamamos-a-los-trabajadores-y-trabajadoras-del-metal-de-araba-a-la-huelga","status":"publish","type":"post","link":"https:\/\/www.lab.eus\/es\/llamamos-a-los-trabajadores-y-trabajadoras-del-metal-de-araba-a-la-huelga\/","title":{"rendered":"Llamamos a los trabajadores y trabajadoras del metal de Araba a la huelga"},"content":{"rendered":"\n<p>Hoy, 5 de mayo, se ha reunido la mesa negociadora del metal de Araba. En ella no ha habido ning\u00fan avance, por lo que LAB hace un llamamiento a los trabajadores y trabajadoras del metal de Araba a secundar <a href=\"https:\/\/www.lab.eus\/es\/hemos-registrado-tres-jornadas-de-huelga-en-el-metal-de-araba-con-el-objetivo-de-conseguir-un-convenio-digno-para-los-proximos-18-24-y-26-de-mayo\/\">las huelgas convocadas para los d\u00edas 18, 24 y 26 de mayo<\/a> y a participar en las movilizaciones.<\/p>\n\n\n\n<p>En la reuni\u00f3n de hoy la patronal SEA \u00fanicamente ha tra\u00eddo una propuesta de contrataci\u00f3n, pero con la intenci\u00f3n de aumentar la eventualidad. Adem\u00e1s de esto, no ha hecho ning\u00fan avance, por lo que ha perdido una nueva oportunidad para poner sobre la mesa contenidos que realmente respondan a los problemas del sector.<\/p>\n\n\n\n<p>En ese sentido, recordamos que SEA propone incrementos salariales por debajo del IPC, que los trabajadores y trabajadoras pierdan poder adquisitivo cuando la carest\u00eda de la vida es m\u00e1s que evidente. Adem\u00e1s, la patronal no quiere en ning\u00fan caso bajar la jornada laboral, que es, con diferencia, la m\u00e1s alta respecto de los convenios del metal de Euskal Herria. Pretende mantener la precariedad, sin garantizar la subrogaci\u00f3n de todos los trabajadores y trabajadoras de las subcontratas y sin limitar la eventualidad y el uso abusivo de las ETT. No acepta mejoras en condiciones laborales para poner a las personas en el centro, y adem\u00e1s, cuando hemos propuesto medidas efectivas pero sin coste en salud laboral e igualdad para acordar estas dos importantes cuestiones, tampoco han sido aceptadas por la patronal.<\/p>\n\n\n\n<p>Por lo tanto, vista la postura de SEA, LAB hace un llamamiento a los trabajadores y trabajadoras del metal de Araba a sumarse a las huelgas que los d\u00edas 18, 24 y 26 de mayo hemos convocado los sindicatos LAB, ELA, CCOO, USO, ESK, CGT y a participar en las movilizaciones. El d\u00eda 18 la manifestaci\u00f3n ser\u00e1 a las 11:30 horas desde la Plaza Bilbao. Tras el paro el 8 de abril, que supuso una primera activaci\u00f3n de las plantillas, ahora hay que reforzar la lucha para conseguir unas condiciones laborales dignas en el metal de Araba.<\/p>\n","protected":false},"excerpt":{"rendered":"<p>Se ha reunido la mesa negociadora. En ella no ha habido ning\u00fan avance, por lo que llamamos a secundar las huelgas convocadas para los d\u00edas 18, 24 y 26 de mayo y a participar en las movilizaciones.<\/p>\n","protected":false},"author":1189,"featured_media":45451,"comment_status":"closed","ping_status":"closed","sticky":false,"template":"","format":"standard","meta":{"_monsterinsights_skip_tracking":false,"_monsterinsights_sitenote_active":false,"_monsterinsights_sitenote_note":"","_monsterinsights_sitenote_category":0,"footnotes":"","_links_to":"","_links_to_target":""},"categories":[18,2868,108],"tags":[3033,3178,2996,3064],"class_list":{"0":"post-47148","1":"post","2":"type-post","3":"status-publish","4":"format-standard","5":"has-post-thumbnail","7":"category-es-accion-sindical","8":"category-industria-es","9":"category-es-metal","10":"tag-accion-sindical-es","11":"tag-destacado-1","12":"tag-industria-es","13":"tag-metal-es"},"_links":{"self":[{"href":"https:\/\/www.lab.eus\/es\/wp-json\/wp\/v2\/posts\/47148","targetHints":{"allow":["GET"]}}],"collection":[{"href":"https:\/\/www.lab.eus\/es\/wp-json\/wp\/v2\/posts"}],"about":[{"href":"https:\/\/www.lab.eus\/es\/wp-json\/wp\/v2\/types\/post"}],"author":[{"embeddable":true,"href":"https:\/\/www.lab.eus\/es\/wp-json\/wp\/v2\/users\/1189"}],"replies":[{"embeddable":true,"href":"https:\/\/www.lab.eus\/es\/wp-json\/wp\/v2\/comments?post=47148"}],"version-history":[{"count":0,"href":"https:\/\/www.lab.eus\/es\/wp-json\/wp\/v2\/posts\/47148\/revisions"}],"wp:featuredmedia":[{"embeddable":true,"href":"https:\/\/www.lab.eus\/es\/wp-json\/wp\/v2\/media\/45451"}],"wp:attachment":[{"href":"https:\/\/www.lab.eus\/es\/wp-json\/wp\/v2\/media?parent=47148"}],"wp:term":[{"taxonomy":"category","embeddable":true,"href":"https:\/\/www.lab.eus\/es\/wp-json\/wp\/v2\/categories?post=47148"},{"taxonomy":"post_tag","embeddable":true,"href":"https:\/\/www.lab.eus\/es\/wp-json\/wp\/v2\/tags?post=47148"}],"curies":[{"name":"wp","href":"https:\/\/api.w.org\/{rel}","templated":true}]}}