{"id":47139,"date":"2022-05-05T10:54:04","date_gmt":"2022-05-05T10:54:04","guid":{"rendered":"https:\/\/www.lab.eus\/?p=47139"},"modified":"2022-05-05T11:06:25","modified_gmt":"2022-05-05T11:06:25","slug":"hemos-llevado-a-ondarroa-la-denuncia-de-las-muertes-en-el-trabjo","status":"publish","type":"post","link":"https:\/\/www.lab.eus\/es\/hemos-llevado-a-ondarroa-la-denuncia-de-las-muertes-en-el-trabjo\/","title":{"rendered":"Hemos llevado a Ondarroa la denuncia de las muertes en el trabjo"},"content":{"rendered":"\n<p>Un trabajador que realizaba labores de reforma en una vivienda perdi\u00f3 la vida hace unos d\u00edas en Ondarroa. La sangr\u00eda de muertes laborales no cesa, tal y como lo atestiguan <a href=\"https:\/\/www.lab.eus\/es\/no-vamos-a-permitir-que-osalan-y-la-inspeccion-de-trabajo-consideren-el-de-zikunaga-como-un-accidente-de-trafico\/\">los accidentes mortales de estos \u00faltimos d\u00edas<\/a>. As\u00ed lo hemos denunciado en Ondarroa a convocatoria de la mayor\u00eda sindical vasca, bajo el lema \u00abLan istripu gehiagorik ez. Prekaritatea hiltzailea\u00bb.<\/p>\n\n\n\n<p>Por otro lado, junto a Ernai, realizamos ayer una acci\u00f3n para denunciar la muerte laboral de Ondarroa.<\/p>\n\n\n\n<figure class=\"wp-block-embed is-type-rich is-provider-twitter wp-block-embed-twitter\"><div class=\"wp-block-embed__wrapper\">\n<blockquote class=\"twitter-tweet\" data-width=\"550\" data-dnt=\"true\"><p lang=\"eu\" dir=\"ltr\">Nahiku re! Noxarte jarratxukou honekin odol hustukin?<br><br>Ondarrun beste lan-istripu hilgarri bat salatu bihir ixan dou. 35 urteko langilik bizitxi galdu dau herriko etxe baten konpontze lanetan bakarrik ebilela.<br><br>Lan istripu eta herixotxa gehixauaik ez!<br>Prekaritatea hiltzailea! <a href=\"https:\/\/t.co\/OrMzXOKzyw\">pic.twitter.com\/OrMzXOKzyw<\/a><\/p>&mdash; Ondarruko ernai (@ernaiOndarru) <a href=\"https:\/\/twitter.com\/ernaiOndarru\/status\/1521965177171849216?ref_src=twsrc%5Etfw\">May 4, 2022<\/a><\/blockquote><script async src=\"https:\/\/platform.twitter.com\/widgets.js\" charset=\"utf-8\"><\/script>\n<\/div><\/figure>\n\n\n\n<p>En lo que va de a\u00f1o, <a href=\"https:\/\/www.lab.eus\/2022an-lan-istripuan-hildako-langileak\/\">al menos 23 trabajadoras y trabajadores han muerto<\/a> en el trabajo en Euskal Herria.<\/p>\n","protected":false},"excerpt":{"rendered":"<p>Un trabajador que realizaba labores de reforma en una vivienda perdi\u00f3 la vida hace unos d\u00edas en Ondarroa. La sangr\u00eda de muertes laborales no cesa, tal y como lo atestiguan los accidentes mortales de estos \u00faltimos d\u00edas. As\u00ed lo hemos denunciado a convocatoria de la mayor\u00eda sindical vasca.<\/p>\n","protected":false},"author":1189,"featured_media":47136,"comment_status":"closed","ping_status":"closed","sticky":false,"template":"","format":"standard","meta":{"_monsterinsights_skip_tracking":false,"_monsterinsights_sitenote_active":false,"_monsterinsights_sitenote_note":"","_monsterinsights_sitenote_category":0,"footnotes":"","_links_to":"","_links_to_target":""},"categories":[18,130,15],"tags":[3033,3178,3263,3083],"class_list":{"0":"post-47139","1":"post","2":"type-post","3":"status-publish","4":"format-standard","5":"has-post-thumbnail","7":"category-es-accion-sindical","8":"category-es-la-precariedad-mata-es-salud-laboral","9":"category-es-salud-laboral","10":"tag-accion-sindical-es","11":"tag-destacado-1","12":"tag-la-precariedad-mata-es-2","13":"tag-salud-laboral-es"},"_links":{"self":[{"href":"https:\/\/www.lab.eus\/es\/wp-json\/wp\/v2\/posts\/47139","targetHints":{"allow":["GET"]}}],"collection":[{"href":"https:\/\/www.lab.eus\/es\/wp-json\/wp\/v2\/posts"}],"about":[{"href":"https:\/\/www.lab.eus\/es\/wp-json\/wp\/v2\/types\/post"}],"author":[{"embeddable":true,"href":"https:\/\/www.lab.eus\/es\/wp-json\/wp\/v2\/users\/1189"}],"replies":[{"embeddable":true,"href":"https:\/\/www.lab.eus\/es\/wp-json\/wp\/v2\/comments?post=47139"}],"version-history":[{"count":0,"href":"https:\/\/www.lab.eus\/es\/wp-json\/wp\/v2\/posts\/47139\/revisions"}],"wp:featuredmedia":[{"embeddable":true,"href":"https:\/\/www.lab.eus\/es\/wp-json\/wp\/v2\/media\/47136"}],"wp:attachment":[{"href":"https:\/\/www.lab.eus\/es\/wp-json\/wp\/v2\/media?parent=47139"}],"wp:term":[{"taxonomy":"category","embeddable":true,"href":"https:\/\/www.lab.eus\/es\/wp-json\/wp\/v2\/categories?post=47139"},{"taxonomy":"post_tag","embeddable":true,"href":"https:\/\/www.lab.eus\/es\/wp-json\/wp\/v2\/tags?post=47139"}],"curies":[{"name":"wp","href":"https:\/\/api.w.org\/{rel}","templated":true}]}}