{"id":47109,"date":"2022-05-04T10:04:00","date_gmt":"2022-05-04T10:04:00","guid":{"rendered":"https:\/\/www.lab.eus\/?p=47109"},"modified":"2022-05-04T12:05:13","modified_gmt":"2022-05-04T12:05:13","slug":"nos-hemos-movilizado-a-las-puertas-de-la-huelga-en-osakidetza","status":"publish","type":"post","link":"https:\/\/www.lab.eus\/es\/nos-hemos-movilizado-a-las-puertas-de-la-huelga-en-osakidetza\/","title":{"rendered":"Nos hemos movilizado a las puertas de la huelga en Osakidetza"},"content":{"rendered":"\n<p><a href=\"https:\/\/www.lab.eus\/es\/hemos-convocado-otras-dos-jornadas-de-huelga-en-osakidetza-para-el-8-de-abril-y-el-16-de-mayo\/\">El 16 de mayo<\/a> haremos huelga en Osakidetza, a llamamiento de LAB, SATSE, ELA, CCOO, UGT y ESK. A las puertas de esa jornada, hemos llevado a cabo concentraciones en los hospitales y centros de salud mental de Araba, Bizkaia y Gipuzkoa en defensa de unas condiciones laborales dignas.<\/p>\n\n\n\n<p>Osakidetza sigue neg\u00e1ndose a la negociaci\u00f3n y sigue con la imposici\u00f3n y la propaganda; como ejemplo, la noticia de ayer. Y es que supimos a trav\u00e9s de los medios de comunicaci\u00f3n los planes de tasa de estabilizaci\u00f3n hecha p\u00fablica por el ente p\u00fablico, sin negociar nada con los sindicatos. Seg\u00fan denunciamos los sindicatos, las 2.800 plazas anunciadas son insuficientes, teniendo en cuenta que existen 24.000 trabajadoras y trabajadores temporales (58%).<\/p>\n\n\n\n<figure class=\"wp-block-gallery columns-2 is-cropped wp-block-gallery-1 is-layout-flex wp-block-gallery-is-layout-flex\"><ul class=\"blocks-gallery-grid\"><li class=\"blocks-gallery-item\"><figure><img loading=\"lazy\" decoding=\"async\" width=\"1024\" height=\"768\" src=\"https:\/\/www.lab.eus\/wp-content\/uploads\/2022\/05\/Osakidetza2-1024x768.jpg\" alt=\"\" data-id=\"47105\" data-full-url=\"https:\/\/www.lab.eus\/wp-content\/uploads\/2022\/05\/Osakidetza2.jpg\" data-link=\"https:\/\/www.lab.eus\/es\/osakidetza2-6-2\/\" class=\"wp-image-47105\" srcset=\"https:\/\/www.lab.eus\/wp-content\/uploads\/2022\/05\/Osakidetza2-1024x768.jpg 1024w, https:\/\/www.lab.eus\/wp-content\/uploads\/2022\/05\/Osakidetza2-300x225.jpg 300w, https:\/\/www.lab.eus\/wp-content\/uploads\/2022\/05\/Osakidetza2-768x576.jpg 768w, https:\/\/www.lab.eus\/wp-content\/uploads\/2022\/05\/Osakidetza2-1536x1152.jpg 1536w, https:\/\/www.lab.eus\/wp-content\/uploads\/2022\/05\/Osakidetza2-150x113.jpg 150w, https:\/\/www.lab.eus\/wp-content\/uploads\/2022\/05\/Osakidetza2-696x522.jpg 696w, https:\/\/www.lab.eus\/wp-content\/uploads\/2022\/05\/Osakidetza2-1068x801.jpg 1068w, https:\/\/www.lab.eus\/wp-content\/uploads\/2022\/05\/Osakidetza2-1920x1440.jpg 1920w, https:\/\/www.lab.eus\/wp-content\/uploads\/2022\/05\/Osakidetza2-560x420.jpg 560w, https:\/\/www.lab.eus\/wp-content\/uploads\/2022\/05\/Osakidetza2-80x60.jpg 80w, https:\/\/www.lab.eus\/wp-content\/uploads\/2022\/05\/Osakidetza2-265x198.jpg 265w, https:\/\/www.lab.eus\/wp-content\/uploads\/2022\/05\/Osakidetza2.jpg 2048w\" sizes=\"auto, (max-width: 1024px) 100vw, 1024px\" \/><\/figure><\/li><li class=\"blocks-gallery-item\"><figure><img loading=\"lazy\" decoding=\"async\" width=\"1024\" height=\"768\" src=\"https:\/\/www.lab.eus\/wp-content\/uploads\/2022\/05\/Osakidetza3-1024x768.jpg\" alt=\"\" data-id=\"47107\" data-full-url=\"https:\/\/www.lab.eus\/wp-content\/uploads\/2022\/05\/Osakidetza3.jpg\" data-link=\"https:\/\/www.lab.eus\/es\/osakidetza3-2-2\/\" class=\"wp-image-47107\" srcset=\"https:\/\/www.lab.eus\/wp-content\/uploads\/2022\/05\/Osakidetza3-1024x768.jpg 1024w, https:\/\/www.lab.eus\/wp-content\/uploads\/2022\/05\/Osakidetza3-300x225.jpg 300w, https:\/\/www.lab.eus\/wp-content\/uploads\/2022\/05\/Osakidetza3-768x576.jpg 768w, https:\/\/www.lab.eus\/wp-content\/uploads\/2022\/05\/Osakidetza3-1536x1152.jpg 1536w, https:\/\/www.lab.eus\/wp-content\/uploads\/2022\/05\/Osakidetza3-150x113.jpg 150w, https:\/\/www.lab.eus\/wp-content\/uploads\/2022\/05\/Osakidetza3-696x522.jpg 696w, https:\/\/www.lab.eus\/wp-content\/uploads\/2022\/05\/Osakidetza3-1068x801.jpg 1068w, https:\/\/www.lab.eus\/wp-content\/uploads\/2022\/05\/Osakidetza3-1920x1440.jpg 1920w, https:\/\/www.lab.eus\/wp-content\/uploads\/2022\/05\/Osakidetza3-560x420.jpg 560w, https:\/\/www.lab.eus\/wp-content\/uploads\/2022\/05\/Osakidetza3-80x60.jpg 80w, https:\/\/www.lab.eus\/wp-content\/uploads\/2022\/05\/Osakidetza3-265x198.jpg 265w, https:\/\/www.lab.eus\/wp-content\/uploads\/2022\/05\/Osakidetza3.jpg 2048w\" sizes=\"auto, (max-width: 1024px) 100vw, 1024px\" \/><\/figure><\/li><\/ul><\/figure>\n","protected":false},"excerpt":{"rendered":"<p>Con motivo de la huelga convocada para el 16 de mayo, hemos realizado concentraciones en los hospitales y centros de salud mental de Araba, Bizkaia y Gipuzkoa en defensa de unas condiciones laborales dignas.<\/p>\n","protected":false},"author":1189,"featured_media":47103,"comment_status":"closed","ping_status":"closed","sticky":false,"template":"","format":"standard","meta":{"_monsterinsights_skip_tracking":false,"_monsterinsights_sitenote_active":false,"_monsterinsights_sitenote_note":"","_monsterinsights_sitenote_category":0,"footnotes":"","_links_to":"","_links_to_target":""},"categories":[18,3097,6],"tags":[3033,3178,3195,3100,3171],"class_list":{"0":"post-47109","1":"post","2":"type-post","3":"status-publish","4":"format-standard","5":"has-post-thumbnail","7":"category-es-accion-sindical","8":"category-sanidad","9":"category-es-servicios-publicos","10":"tag-accion-sindical-es","11":"tag-destacado-1","12":"tag-osakidetza-es","13":"tag-sanidad-es","14":"tag-servicios-publicos-es"},"_links":{"self":[{"href":"https:\/\/www.lab.eus\/es\/wp-json\/wp\/v2\/posts\/47109","targetHints":{"allow":["GET"]}}],"collection":[{"href":"https:\/\/www.lab.eus\/es\/wp-json\/wp\/v2\/posts"}],"about":[{"href":"https:\/\/www.lab.eus\/es\/wp-json\/wp\/v2\/types\/post"}],"author":[{"embeddable":true,"href":"https:\/\/www.lab.eus\/es\/wp-json\/wp\/v2\/users\/1189"}],"replies":[{"embeddable":true,"href":"https:\/\/www.lab.eus\/es\/wp-json\/wp\/v2\/comments?post=47109"}],"version-history":[{"count":0,"href":"https:\/\/www.lab.eus\/es\/wp-json\/wp\/v2\/posts\/47109\/revisions"}],"wp:featuredmedia":[{"embeddable":true,"href":"https:\/\/www.lab.eus\/es\/wp-json\/wp\/v2\/media\/47103"}],"wp:attachment":[{"href":"https:\/\/www.lab.eus\/es\/wp-json\/wp\/v2\/media?parent=47109"}],"wp:term":[{"taxonomy":"category","embeddable":true,"href":"https:\/\/www.lab.eus\/es\/wp-json\/wp\/v2\/categories?post=47109"},{"taxonomy":"post_tag","embeddable":true,"href":"https:\/\/www.lab.eus\/es\/wp-json\/wp\/v2\/tags?post=47109"}],"curies":[{"name":"wp","href":"https:\/\/api.w.org\/{rel}","templated":true}]}}