{"id":47092,"date":"2022-05-04T10:00:00","date_gmt":"2022-05-04T10:00:00","guid":{"rendered":"https:\/\/www.lab.eus\/?p=47092"},"modified":"2022-05-04T11:39:37","modified_gmt":"2022-05-04T11:39:37","slug":"hemos-denunciado-que-la-muerte-de-las-personas-cuyos-cuerpos-se-han-encontrado-en-zabalgarbi-y-el-parque-de-dona-casilda-es-consecuencia-directa-de-la-necropolitica","status":"publish","type":"post","link":"https:\/\/www.lab.eus\/es\/hemos-denunciado-que-la-muerte-de-las-personas-cuyos-cuerpos-se-han-encontrado-en-zabalgarbi-y-el-parque-de-dona-casilda-es-consecuencia-directa-de-la-necropolitica\/","title":{"rendered":"La muerte de las personas cuyos cuerpos se han encontrado en Zabalgarbi y el parque de Do\u00f1a Casilda es consecuencia directa de la necropol\u00edtica"},"content":{"rendered":"\n<p>No es casualidad. Lo sucedido en la madrugada del pasado martes en la planta de tratamiento de residuos de Zabalgarbi en Bilbo pone de manifiesto la hipocres\u00eda de las pol\u00edticas de vivienda y de acogida de Hego Euskal Herria. La persona que ha aparecido sin vida tiene unas caracter\u00edsticas concretas. Seg\u00fan la informaci\u00f3n difundida, se trata de un joven de procedencia geogr\u00e1fica extranjera, en situaci\u00f3n de calle y en condiciones de precariedad y empobrecimiento. No se trata de una casualidad, ni es un hecho aislado, ya ha sucedido otras veces.<\/p>\n\n\n\n<p>Asimismo, la noticia del hallazgo del cuerpo sin vida de una persona que estaba pernoctando en un banco del parque de Do\u00f1a Casilda de Bilbo no hace m\u00e1s que ratificar lo que venimos denunciando.<\/p>\n\n\n\n<p>Que las personas que se encuentan en situaci\u00f3n de calle tengan que refugiarse en contenedores de basura para no morir de fr\u00edo por la noches tiene nombre y responsables. Se llama necropol\u00edtica, y es la idea de que para los poderosos algunas vidas valen m\u00e1s que otras, se realizan as\u00ed pol\u00edticas publicas desde esa \u00f3ptica y por eso se deja morir a algunas personas. Se trata de muertes que podr\u00edan evitarse si hubiese voluntad pol\u00edtica.<\/p>\n\n\n\n<p>La deficitaria infraestructua p\u00fablica de acogida y la especulaci\u00f3n inmobiliaria subsumen a miles de personas en nuestro territorio a situaciones de violencia institucional, precarizaci\u00f3n y vulneraci\u00f3n de necesidades vitales fundamentales, como lo es el derecho a una vivienda en condiciones dignas. Ejemplo de ello, en Bilbo, es la decisi\u00f3n de cerrar las canchas del barrio de Atxuri donde pernoctan personas que a quien no se ofrece ninguna alternativa, los desahucios que no cesan o las pol\u00edticas que impulsan la especulaci\u00f3n inmobiliaria.<\/p>\n\n\n\n<p>Desde el sindicato LAB repudiamos la apuesta de las administraciones de la CAV y Nafarroa por un modelo excluyente que hace de la vivienda un negocio y prioriza la especulaci\u00f3n y la acumulaci\u00f3n por encima de las vidas de las personas. Mientras desde los ayuntamientos y Diputaciones de Hego Euskal Herria se dejen de evadir las responsabilidades pol\u00edticas y se contin\u00faen negando sistem\u00e1ticamente opciones y oportunidades, se seguir\u00e1 matando de muchos modos a estos j\u00f3venes.<\/p>\n","protected":false},"excerpt":{"rendered":"<p>Que las personas que se encuentan en situaci\u00f3n de calle tengan que refugiarse en contenedores de basura para no morir de fr\u00edo por la noches tiene nombre y responsables.<\/p>\n","protected":false},"author":1189,"featured_media":47114,"comment_status":"closed","ping_status":"closed","sticky":false,"template":"","format":"standard","meta":{"_monsterinsights_skip_tracking":false,"_monsterinsights_sitenote_active":false,"_monsterinsights_sitenote_note":"","_monsterinsights_sitenote_category":0,"footnotes":"","_links_to":"","_links_to_target":""},"categories":[2994],"tags":[3182,3178],"class_list":{"0":"post-47092","1":"post","2":"type-post","3":"status-publish","4":"format-standard","5":"has-post-thumbnail","7":"category-accion-social","8":"tag-accion-social-es","9":"tag-destacado-1"},"_links":{"self":[{"href":"https:\/\/www.lab.eus\/es\/wp-json\/wp\/v2\/posts\/47092","targetHints":{"allow":["GET"]}}],"collection":[{"href":"https:\/\/www.lab.eus\/es\/wp-json\/wp\/v2\/posts"}],"about":[{"href":"https:\/\/www.lab.eus\/es\/wp-json\/wp\/v2\/types\/post"}],"author":[{"embeddable":true,"href":"https:\/\/www.lab.eus\/es\/wp-json\/wp\/v2\/users\/1189"}],"replies":[{"embeddable":true,"href":"https:\/\/www.lab.eus\/es\/wp-json\/wp\/v2\/comments?post=47092"}],"version-history":[{"count":0,"href":"https:\/\/www.lab.eus\/es\/wp-json\/wp\/v2\/posts\/47092\/revisions"}],"wp:featuredmedia":[{"embeddable":true,"href":"https:\/\/www.lab.eus\/es\/wp-json\/wp\/v2\/media\/47114"}],"wp:attachment":[{"href":"https:\/\/www.lab.eus\/es\/wp-json\/wp\/v2\/media?parent=47092"}],"wp:term":[{"taxonomy":"category","embeddable":true,"href":"https:\/\/www.lab.eus\/es\/wp-json\/wp\/v2\/categories?post=47092"},{"taxonomy":"post_tag","embeddable":true,"href":"https:\/\/www.lab.eus\/es\/wp-json\/wp\/v2\/tags?post=47092"}],"curies":[{"name":"wp","href":"https:\/\/api.w.org\/{rel}","templated":true}]}}