{"id":47020,"date":"2022-05-03T12:41:34","date_gmt":"2022-05-03T12:41:34","guid":{"rendered":"https:\/\/www.lab.eus\/?p=47020"},"modified":"2022-05-03T12:49:56","modified_gmt":"2022-05-03T12:49:56","slug":"no-vamos-a-permitir-que-osalan-y-la-inspeccion-de-trabajo-consideren-el-de-zikunaga-como-un-accidente-de-trafico","status":"publish","type":"post","link":"https:\/\/www.lab.eus\/es\/no-vamos-a-permitir-que-osalan-y-la-inspeccion-de-trabajo-consideren-el-de-zikunaga-como-un-accidente-de-trafico\/","title":{"rendered":"No vamos a permitir que Osalan e Inspecci\u00f3n de Trabajo consideren el de Ziku\u00f1aga como un accidente de tr\u00e1fico"},"content":{"rendered":"\n<p>Hemos tenido noticia de otra muerte laboral, esta vez en Hernani. <a href=\"https:\/\/www.lab.eus\/2022an-lan-istripuan-hildako-langileak\/\">Es la 23a muerte de este a\u00f1o<\/a> en Euskal Herria, el derramamiento de sangre no cesa. En primer lugar, quisi\u00e9ramos mostrar nuestra solidaridad con familiares, compa\u00f1eros y compa\u00f1eras y personas allegadas en estos duros momentos.<\/p>\n\n\n\n<p>Seg\u00fan la informaci\u00f3n obtenida gracias a las y los delegados y la afiliaci\u00f3n de la empresa Ziku\u00f1aga, en la zona en la que se coordinan las operaciones de carga y descarga con las y los transportistas en el exterior de la empresa, un cami\u00f3n ha atropellado mortalmente a un transportista.<\/p>\n\n\n\n<p>No podemos entender c\u00f3mo en un \u00e1mbito de actividad laboral en el que la empresa Ziku\u00f1aga deber\u00eda llevar a cabo la \u201ccoordinaci\u00f3n de actividades empresariales\u201d, no exist\u00edan los procedimientos necesarios y las medidas para su ejecuci\u00f3n. Es de sobra conocido el peligro de las zonas de carga y descarga. Hist\u00f3ricamente estos puntos negros han estado debidamente identificados en las evaluaciones de riesgos. Adem\u00e1s, estas situaciones son las \u00fanicas en las que las y los trabajadores aut\u00f3nomos est\u00e1n protegidos por la normativa de salud laboral, concretamente en la coordinaci\u00f3n.<\/p>\n\n\n\n<p>Nada m\u00e1s producirse el accidente, observamos movimientos realizados por la empresa Ziku\u00f1aga para eludir responsabilidades y queremos denunciar firmemente este hecho.<\/p>\n\n\n\n<p>De este modo, no vamos a permitir que Osalan y la inspecci\u00f3n consideren este accidente como un accidente de tr\u00e1fico para mitigar sus estad\u00edsticas. As\u00ed, debemos situar sus causas en la falta de coordinaci\u00f3n de actividades empresariales y denunciar que este nuevo accidente pod\u00eda haber sido evitado.<\/p>\n\n\n\n<p>Tenemos que situar la cuesti\u00f3n de las muertes laborales en la agenda pol\u00edtica, la sociedad no puede esperar m\u00e1s. No podemos aceptar ir a trabajar y no volver con vida.<\/p>\n\n\n\n<p>Por \u00faltimo, hacemos un llamamiento para participar en las convocatorias que en las pr\u00f3ximas horas se puedan convocar reivindicando la defensa de la seguridad y salud de los trabajadores y trabajadoras.<\/p>\n\n\n\n<p><strong>Otra muerte laboral en Ondarroa<\/strong><\/p>\n\n\n\n<p>Debemos lamentar y denunciar otro accidente laboral mortal, en este caso en Ondarroa, la 22a v\u00edctima mortal de este a\u00f1o. El trabajador, de 35 a\u00f1os, ha perdido la vida en las obras de reforma de una casa. <\/p>\n\n\n\n<p>Seg\u00fan hemos sabido, el operario trabajaba en solitario el fin de semana en una obra de reforma. Al parecer, el accidente se produjo el s\u00e1bado y al no haber nadie en el lugar, su cuerpo fue hallado el lunes a mediod\u00eda, desangrado, junto a una sierra radial.<\/p>\n\n\n\n<p>Esta terrible situaci\u00f3n se ha dado en Euskal Herria este mismo fin de semana, demostrando claramente que en este pa\u00eds donde la precariedad llega al extremo se vulneran constantemente las normas de seguridad laboral.<\/p>\n\n\n\n<p>\u00bfC\u00f3mo es posible que hoy d\u00eda un trabajador de la construcci\u00f3n trabaje en solitario? \u00bfD\u00f3nde estaba el coordinador de la obra o el perceptivo recurso preventivo? \u00bfPor qu\u00e9 es tan f\u00e1cil incumplir estas normas por parte de la patronal? \u00bfCu\u00e1ntos trabajadores y trabajadoras han estado en una situaci\u00f3n similar este fin de semana en Euskal Herria?<\/p>\n\n\n\n<p>As\u00ed, la responsabilidad del recurso preventivo ha quedado totalmente desvirtuada por la patronal gracias a la dejadez de la Inspecci\u00f3n de Trabajo y Osalan, y la realidad es que nadie supervisa la correcta ejecuci\u00f3n de los trabajos en las obras desde el punto de vista de la seguridad. Esta realidad es la que produce estos escalofriantes resultados, ya que, como se ha dicho, en lo que va de a\u00f1o han muerto 8 trabajadores en trabajos de construcci\u00f3n. A esto hay que a\u00f1adir que las y los operarios se ven obligados a trabajar en la obra horas extra de forma estructural y adem\u00e1s trabajando en s\u00e1bado, por lo que el n\u00famero de horas semanales de trabajo es alt\u00edsima Siendo la fatiga un factor de riesgo, \u00bfqui\u00e9n controla esta peligrosa realidad?<\/p>\n\n\n\n<p>Hemos visto al se\u00f1or Urkullu salir recientemente de la mano de la patronal contra el absentismo, \u00bfcu\u00e1ndo saldr\u00e1 contra los asesinatos laborales?<\/p>\n\n\n\n<p>Ante esta situaci\u00f3n, \u00bfalguien puede creer que estamos ante la casualidad o la mala suerte? Exigimos a las administraciones explicaciones y medidas inmediatas, control efectivo y pol\u00edticas concretas para combatir esta lacra de los accidentes de trabajo y las enfermedades profesionales.<\/p>\n\n\n\n<p>Queremos decirle a la patronal que nos tendr\u00e1 enfrente, que asesinar a las y los trabajadores no le va a salir gratis.<\/p>\n\n\n\n<p>Pedimos medidas a las instituciones, especialmente para que aumenten las inspecciones y los seguimientos en la construcci\u00f3n, haciendo integrar las normas de seguridad. Para que de esta manera se adopten las medidas necesarias y se realicen pol\u00edticas preventivas reales. Lamentablemente, en la pr\u00e1ctica, ni la Inspecci\u00f3n de<\/p>\n\n\n\n<p>Trabajo ni Osalan aparecen por ninguna parte. Por otra parte, ni el sector ni las y los trabajadores pueden dar por normal esta situaci\u00f3n ni acostumbrarse a ella.<\/p>\n\n\n\n<p>Por \u00faltimo, hacemos un llamamiento a participar en la movilizaci\u00f3n de la mayor\u00eda sindical que tendr\u00e1 lugar este jueves a las 12:00 del mediod\u00eda en la plaza Itsas Aurre, en Ondarroa.<\/p>\n","protected":false},"excerpt":{"rendered":"<p>Han fallecido otros dos trabajadores en sendos accidentes laborales en Hernani y Ondarroa. Son ya 23 las personas muertas este a\u00f1o en el trabajo.<\/p>\n","protected":false},"author":1189,"featured_media":47017,"comment_status":"closed","ping_status":"closed","sticky":false,"template":"","format":"standard","meta":{"_monsterinsights_skip_tracking":false,"_monsterinsights_sitenote_active":false,"_monsterinsights_sitenote_note":"","_monsterinsights_sitenote_category":0,"footnotes":"","_links_to":"","_links_to_target":""},"categories":[18,130,15],"tags":[3178,3263,3083],"class_list":{"0":"post-47020","1":"post","2":"type-post","3":"status-publish","4":"format-standard","5":"has-post-thumbnail","7":"category-es-accion-sindical","8":"category-es-la-precariedad-mata-es-salud-laboral","9":"category-es-salud-laboral","10":"tag-destacado-1","11":"tag-la-precariedad-mata-es-2","12":"tag-salud-laboral-es"},"_links":{"self":[{"href":"https:\/\/www.lab.eus\/es\/wp-json\/wp\/v2\/posts\/47020","targetHints":{"allow":["GET"]}}],"collection":[{"href":"https:\/\/www.lab.eus\/es\/wp-json\/wp\/v2\/posts"}],"about":[{"href":"https:\/\/www.lab.eus\/es\/wp-json\/wp\/v2\/types\/post"}],"author":[{"embeddable":true,"href":"https:\/\/www.lab.eus\/es\/wp-json\/wp\/v2\/users\/1189"}],"replies":[{"embeddable":true,"href":"https:\/\/www.lab.eus\/es\/wp-json\/wp\/v2\/comments?post=47020"}],"version-history":[{"count":0,"href":"https:\/\/www.lab.eus\/es\/wp-json\/wp\/v2\/posts\/47020\/revisions"}],"wp:featuredmedia":[{"embeddable":true,"href":"https:\/\/www.lab.eus\/es\/wp-json\/wp\/v2\/media\/47017"}],"wp:attachment":[{"href":"https:\/\/www.lab.eus\/es\/wp-json\/wp\/v2\/media?parent=47020"}],"wp:term":[{"taxonomy":"category","embeddable":true,"href":"https:\/\/www.lab.eus\/es\/wp-json\/wp\/v2\/categories?post=47020"},{"taxonomy":"post_tag","embeddable":true,"href":"https:\/\/www.lab.eus\/es\/wp-json\/wp\/v2\/tags?post=47020"}],"curies":[{"name":"wp","href":"https:\/\/api.w.org\/{rel}","templated":true}]}}