{"id":46720,"date":"2022-04-29T10:42:39","date_gmt":"2022-04-29T10:42:39","guid":{"rendered":"https:\/\/www.lab.eus\/?p=46720"},"modified":"2022-04-29T10:42:43","modified_gmt":"2022-04-29T10:42:43","slug":"trabajadoras-del-comercio-de-bizkaia-han-realizado-una-jornada-de-huelga-y-movilizacion-en-defensa-de-un-convenio-digno","status":"publish","type":"post","link":"https:\/\/www.lab.eus\/es\/trabajadoras-del-comercio-de-bizkaia-han-realizado-una-jornada-de-huelga-y-movilizacion-en-defensa-de-un-convenio-digno\/","title":{"rendered":"Trabajadoras del comercio de Bizkaia han realizado una jornada de huelga y movilizaci\u00f3n en defensa de un convenio digno"},"content":{"rendered":"\n<p>A llamamiento de los sindicatos LAB, ELA y ESK, las trabajadores del sector textil, cuero y calzado de Bizkaia han llevado a cabo la primera de las tres jornadas de huelga convocadas para los pr\u00f3ximos d\u00edas ante las propuestas regresivas planteadas por las patronales en la negociaci\u00f3n del convenio. <a href=\"https:\/\/www.lab.eus\/es\/llamamos-a-la-huelga-a-las-y-los-trabajadores-del-comercio-de-bizkaia-para-el-29-de-abril-y-el-6-y-el-13-de-mayo\/\">Tambi\u00e9n est\u00e1n convocadas jornadas de huelga para los d\u00edas 6 y 13 de mayo.<\/a><br><br>Hoy, han convocado una manifestaci\u00f3n en Bilbo entre la plaza Arriaga y la sede de la patronal Confebask.<\/p>\n\n\n\n<p><strong>Las trabajadoras est\u00e1n defendiendo las siguiente reivindicaciones:<\/strong><\/p>\n\n\n\n<p>-Incrementos salariales por encima del IPC, con pago de atrasos de a\u00f1os anteriores.<\/p>\n\n\n\n<p>-Consolidaci\u00f3n de jornada para los contratos a tiempo parcial.<\/p>\n\n\n\n<p>-Reducci\u00f3n de jornada importante para empresas que lleven a cabo procesos de trasformaci\u00f3n digital como medida de protecci\u00f3n de empleo. A mayor venta digital, menor jornada de trabajo.<\/p>\n\n\n\n<p>-Regulaci\u00f3n de nuevas categor\u00edas ligadas a la digitalizaci\u00f3n: atenci\u00f3n al cliente, reparto y preparaci\u00f3n de paqueter\u00eda\u2026<\/p>\n\n\n\n<p>-Pluses ligados a las tareas vinculadas a la digitalizaci\u00f3n.<\/p>\n\n\n\n<p>-Obligaci\u00f3n de tener un plan de Igualdad en los centros de \u00e1mbito provincial de Bizkaia incorporando medidas para acabar con la discriminaci\u00f3n de g\u00e9nero.<\/p>\n\n\n\n<figure class=\"wp-block-gallery columns-3 is-cropped wp-block-gallery-1 is-layout-flex wp-block-gallery-is-layout-flex\"><ul class=\"blocks-gallery-grid\"><li class=\"blocks-gallery-item\"><figure><img loading=\"lazy\" decoding=\"async\" width=\"1024\" height=\"461\" src=\"https:\/\/www.lab.eus\/wp-content\/uploads\/2022\/04\/Merkataritza1-1-1024x461.jpg\" alt=\"\" data-id=\"46746\" data-link=\"https:\/\/www.lab.eus\/?attachment_id=46746\" class=\"wp-image-46746\" srcset=\"https:\/\/www.lab.eus\/wp-content\/uploads\/2022\/04\/Merkataritza1-1-1024x461.jpg 1024w, https:\/\/www.lab.eus\/wp-content\/uploads\/2022\/04\/Merkataritza1-1-300x135.jpg 300w, https:\/\/www.lab.eus\/wp-content\/uploads\/2022\/04\/Merkataritza1-1-768x346.jpg 768w, https:\/\/www.lab.eus\/wp-content\/uploads\/2022\/04\/Merkataritza1-1-1536x691.jpg 1536w, https:\/\/www.lab.eus\/wp-content\/uploads\/2022\/04\/Merkataritza1-1-150x68.jpg 150w, https:\/\/www.lab.eus\/wp-content\/uploads\/2022\/04\/Merkataritza1-1-696x313.jpg 696w, https:\/\/www.lab.eus\/wp-content\/uploads\/2022\/04\/Merkataritza1-1-1068x481.jpg 1068w, https:\/\/www.lab.eus\/wp-content\/uploads\/2022\/04\/Merkataritza1-1-1920x864.jpg 1920w, https:\/\/www.lab.eus\/wp-content\/uploads\/2022\/04\/Merkataritza1-1-933x420.jpg 933w, https:\/\/www.lab.eus\/wp-content\/uploads\/2022\/04\/Merkataritza1-1.jpg 2000w\" sizes=\"auto, (max-width: 1024px) 100vw, 1024px\" \/><\/figure><\/li><li class=\"blocks-gallery-item\"><figure><img loading=\"lazy\" decoding=\"async\" width=\"1024\" height=\"461\" src=\"https:\/\/www.lab.eus\/wp-content\/uploads\/2022\/04\/Merkataritza2-1-1024x461.jpg\" alt=\"\" data-id=\"46748\" data-link=\"https:\/\/www.lab.eus\/?attachment_id=46748\" class=\"wp-image-46748\" srcset=\"https:\/\/www.lab.eus\/wp-content\/uploads\/2022\/04\/Merkataritza2-1-1024x461.jpg 1024w, https:\/\/www.lab.eus\/wp-content\/uploads\/2022\/04\/Merkataritza2-1-300x135.jpg 300w, https:\/\/www.lab.eus\/wp-content\/uploads\/2022\/04\/Merkataritza2-1-768x345.jpg 768w, https:\/\/www.lab.eus\/wp-content\/uploads\/2022\/04\/Merkataritza2-1-1536x691.jpg 1536w, https:\/\/www.lab.eus\/wp-content\/uploads\/2022\/04\/Merkataritza2-1-150x67.jpg 150w, https:\/\/www.lab.eus\/wp-content\/uploads\/2022\/04\/Merkataritza2-1-696x313.jpg 696w, https:\/\/www.lab.eus\/wp-content\/uploads\/2022\/04\/Merkataritza2-1-1068x480.jpg 1068w, https:\/\/www.lab.eus\/wp-content\/uploads\/2022\/04\/Merkataritza2-1-1920x863.jpg 1920w, https:\/\/www.lab.eus\/wp-content\/uploads\/2022\/04\/Merkataritza2-1-934x420.jpg 934w, https:\/\/www.lab.eus\/wp-content\/uploads\/2022\/04\/Merkataritza2-1.jpg 2048w\" sizes=\"auto, (max-width: 1024px) 100vw, 1024px\" \/><\/figure><\/li><li class=\"blocks-gallery-item\"><figure><img loading=\"lazy\" decoding=\"async\" width=\"1024\" height=\"461\" src=\"https:\/\/www.lab.eus\/wp-content\/uploads\/2022\/04\/Merkataritza4-1024x461.jpg\" alt=\"\" data-id=\"46750\" data-link=\"https:\/\/www.lab.eus\/?attachment_id=46750\" class=\"wp-image-46750\" srcset=\"https:\/\/www.lab.eus\/wp-content\/uploads\/2022\/04\/Merkataritza4-1024x461.jpg 1024w, https:\/\/www.lab.eus\/wp-content\/uploads\/2022\/04\/Merkataritza4-300x135.jpg 300w, https:\/\/www.lab.eus\/wp-content\/uploads\/2022\/04\/Merkataritza4-768x346.jpg 768w, https:\/\/www.lab.eus\/wp-content\/uploads\/2022\/04\/Merkataritza4-1536x691.jpg 1536w, https:\/\/www.lab.eus\/wp-content\/uploads\/2022\/04\/Merkataritza4-150x68.jpg 150w, https:\/\/www.lab.eus\/wp-content\/uploads\/2022\/04\/Merkataritza4-696x313.jpg 696w, https:\/\/www.lab.eus\/wp-content\/uploads\/2022\/04\/Merkataritza4-1068x481.jpg 1068w, https:\/\/www.lab.eus\/wp-content\/uploads\/2022\/04\/Merkataritza4-1920x864.jpg 1920w, https:\/\/www.lab.eus\/wp-content\/uploads\/2022\/04\/Merkataritza4-933x420.jpg 933w, https:\/\/www.lab.eus\/wp-content\/uploads\/2022\/04\/Merkataritza4.jpg 2000w\" sizes=\"auto, (max-width: 1024px) 100vw, 1024px\" \/><\/figure><\/li><li class=\"blocks-gallery-item\"><figure><img loading=\"lazy\" decoding=\"async\" width=\"1024\" height=\"461\" src=\"https:\/\/www.lab.eus\/wp-content\/uploads\/2022\/04\/Merkataritza5-1024x461.jpg\" alt=\"\" data-id=\"46752\" data-full-url=\"https:\/\/www.lab.eus\/wp-content\/uploads\/2022\/04\/Merkataritza5.jpg\" data-link=\"https:\/\/www.lab.eus\/?attachment_id=46752\" class=\"wp-image-46752\" srcset=\"https:\/\/www.lab.eus\/wp-content\/uploads\/2022\/04\/Merkataritza5-1024x461.jpg 1024w, https:\/\/www.lab.eus\/wp-content\/uploads\/2022\/04\/Merkataritza5-300x135.jpg 300w, https:\/\/www.lab.eus\/wp-content\/uploads\/2022\/04\/Merkataritza5-768x345.jpg 768w, https:\/\/www.lab.eus\/wp-content\/uploads\/2022\/04\/Merkataritza5-1536x691.jpg 1536w, https:\/\/www.lab.eus\/wp-content\/uploads\/2022\/04\/Merkataritza5-150x67.jpg 150w, https:\/\/www.lab.eus\/wp-content\/uploads\/2022\/04\/Merkataritza5-696x313.jpg 696w, https:\/\/www.lab.eus\/wp-content\/uploads\/2022\/04\/Merkataritza5-1068x480.jpg 1068w, https:\/\/www.lab.eus\/wp-content\/uploads\/2022\/04\/Merkataritza5-1920x863.jpg 1920w, https:\/\/www.lab.eus\/wp-content\/uploads\/2022\/04\/Merkataritza5-934x420.jpg 934w, https:\/\/www.lab.eus\/wp-content\/uploads\/2022\/04\/Merkataritza5.jpg 2048w\" sizes=\"auto, (max-width: 1024px) 100vw, 1024px\" \/><\/figure><\/li><\/ul><\/figure>\n","protected":false},"excerpt":{"rendered":"<p>Han convocado una manifestaci\u00f3n en Bilbo entre la plaza Arriaga y la sede de la patronal Confebask.<\/p>\n","protected":false},"author":1189,"featured_media":46745,"comment_status":"closed","ping_status":"closed","sticky":false,"template":"","format":"standard","meta":{"_monsterinsights_skip_tracking":false,"_monsterinsights_sitenote_active":false,"_monsterinsights_sitenote_note":"","_monsterinsights_sitenote_category":0,"footnotes":"","_links_to":"","_links_to_target":""},"categories":[18,2955,8,3283],"tags":[3033,3178,3172],"class_list":{"0":"post-46720","1":"post","2":"type-post","3":"status-publish","4":"format-standard","5":"has-post-thumbnail","7":"category-es-accion-sindical","8":"category-comercio","9":"category-es-servicios-privados","10":"category-sin-categorizar","11":"tag-accion-sindical-es","12":"tag-destacado-1","13":"tag-servicios-privados-es"},"_links":{"self":[{"href":"https:\/\/www.lab.eus\/es\/wp-json\/wp\/v2\/posts\/46720","targetHints":{"allow":["GET"]}}],"collection":[{"href":"https:\/\/www.lab.eus\/es\/wp-json\/wp\/v2\/posts"}],"about":[{"href":"https:\/\/www.lab.eus\/es\/wp-json\/wp\/v2\/types\/post"}],"author":[{"embeddable":true,"href":"https:\/\/www.lab.eus\/es\/wp-json\/wp\/v2\/users\/1189"}],"replies":[{"embeddable":true,"href":"https:\/\/www.lab.eus\/es\/wp-json\/wp\/v2\/comments?post=46720"}],"version-history":[{"count":0,"href":"https:\/\/www.lab.eus\/es\/wp-json\/wp\/v2\/posts\/46720\/revisions"}],"wp:featuredmedia":[{"embeddable":true,"href":"https:\/\/www.lab.eus\/es\/wp-json\/wp\/v2\/media\/46745"}],"wp:attachment":[{"href":"https:\/\/www.lab.eus\/es\/wp-json\/wp\/v2\/media?parent=46720"}],"wp:term":[{"taxonomy":"category","embeddable":true,"href":"https:\/\/www.lab.eus\/es\/wp-json\/wp\/v2\/categories?post=46720"},{"taxonomy":"post_tag","embeddable":true,"href":"https:\/\/www.lab.eus\/es\/wp-json\/wp\/v2\/tags?post=46720"}],"curies":[{"name":"wp","href":"https:\/\/api.w.org\/{rel}","templated":true}]}}