{"id":46621,"date":"2022-04-27T11:32:03","date_gmt":"2022-04-27T11:32:03","guid":{"rendered":"https:\/\/www.lab.eus\/?p=46621"},"modified":"2022-04-27T13:44:52","modified_gmt":"2022-04-27T13:44:52","slug":"jornada-de-huelga-en-nafarroa-reunion-de-la-mesa-negociadora-en-gipuzkoa","status":"publish","type":"post","link":"https:\/\/www.lab.eus\/es\/jornada-de-huelga-en-nafarroa-reunion-de-la-mesa-negociadora-en-gipuzkoa\/","title":{"rendered":"Jornada de huelga en Nafarroa; mesa negociadora en Gipuzkoa"},"content":{"rendered":"\n<p>Las trabajadoras de las residencias de mayores de Hego Euskal Herria se encuentran en lucha. Ha tenido lugar hoy otra jornada de huelga en <a href=\"https:\/\/www.lab.eus\/es\/hemos-reclamado-la-negociacion-del-primer-convenio-de-residencias-de-nafarroa-para-mejorar-las-condiciones-laborales-y-la-calidad-del-servicio\/\">Nafarroa<\/a> en defensa de un convenio digno. En <a href=\"https:\/\/www.lab.eus\/es\/hemos-convocado-huelga-para-el-17-de-marzo-en-las-residencias-de-mayores-de-bizkaia-para-reclamar-mas-personal-y-la-equiparacion-con-las-trabajadoras-del-sector-publico\/\">Bizkaia<\/a> y <a href=\"https:\/\/www.lab.eus\/es\/tambien-realizaremos-huelga-en-las-residencias-de-mayores-de-araba-el-30-de-marzo-en-este-caso\/\">Araba<\/a> tambi\u00e9n est\u00e1n en lucha y, en Gipuzkoa, los sindicatos nos hemos concentrado hoy en Donostia en el Consejo de Relaciones Laborales. Y es que la mesa negociadora se ha reunido dos a\u00f1os despu\u00e9s para iniciar la negociaci\u00f3n del convenio. Ha sido posible tras <a href=\"https:\/\/www.lab.eus\/es\/hemos-convocado-huelga-para-el-24-de-marzo-en-las-residencias-de-mayores-de-gipuzkoa-en-defensa-de-las-trabajadoras-las-y-los-residentes-y-el-interes-colectivo\/\">numerosas jornadas de huelga<\/a>.<\/p>\n\n\n\n<figure class=\"wp-block-image size-large\"><img loading=\"lazy\" decoding=\"async\" width=\"1024\" height=\"475\" src=\"https:\/\/www.lab.eus\/wp-content\/uploads\/2022\/04\/Gip-1024x475.jpg\" alt=\"\" class=\"wp-image-46627\" srcset=\"https:\/\/www.lab.eus\/wp-content\/uploads\/2022\/04\/Gip-1024x475.jpg 1024w, https:\/\/www.lab.eus\/wp-content\/uploads\/2022\/04\/Gip-300x139.jpg 300w, https:\/\/www.lab.eus\/wp-content\/uploads\/2022\/04\/Gip-768x357.jpg 768w, https:\/\/www.lab.eus\/wp-content\/uploads\/2022\/04\/Gip-1536x713.jpg 1536w, https:\/\/www.lab.eus\/wp-content\/uploads\/2022\/04\/Gip-150x70.jpg 150w, https:\/\/www.lab.eus\/wp-content\/uploads\/2022\/04\/Gip-696x323.jpg 696w, https:\/\/www.lab.eus\/wp-content\/uploads\/2022\/04\/Gip-1068x496.jpg 1068w, https:\/\/www.lab.eus\/wp-content\/uploads\/2022\/04\/Gip-1920x892.jpg 1920w, https:\/\/www.lab.eus\/wp-content\/uploads\/2022\/04\/Gip-905x420.jpg 905w, https:\/\/www.lab.eus\/wp-content\/uploads\/2022\/04\/Gip.jpg 1977w\" sizes=\"auto, (max-width: 1024px) 100vw, 1024px\" \/><\/figure>\n","protected":false},"excerpt":{"rendered":"<p>Las trabajadoras de las residencias de mayores de Hego Euskal Herria se encuentran en lucha. En Nafarroa tienen otra jornada de huelga y, en Gipuzkoa, la mesa negociadora se ha reunido en el Consejo de Relaciones Laborales, dos a\u00f1os despu\u00e9s, para volver a negociar el convenio.<\/p>\n","protected":false},"author":1189,"featured_media":46625,"comment_status":"closed","ping_status":"closed","sticky":false,"template":"","format":"standard","meta":{"_monsterinsights_skip_tracking":false,"_monsterinsights_sitenote_active":false,"_monsterinsights_sitenote_note":"","_monsterinsights_sitenote_category":0,"footnotes":"","_links_to":"","_links_to_target":""},"categories":[18,3000,6,3283],"tags":[3178,3217,3171],"class_list":{"0":"post-46621","1":"post","2":"type-post","3":"status-publish","4":"format-standard","5":"has-post-thumbnail","7":"category-es-accion-sindical","8":"category-servicio-sociocomunitario","9":"category-es-servicios-publicos","10":"category-sin-categorizar","11":"tag-destacado-1","12":"tag-servicios-sociocomunitarios","13":"tag-servicios-publicos-es"},"_links":{"self":[{"href":"https:\/\/www.lab.eus\/es\/wp-json\/wp\/v2\/posts\/46621","targetHints":{"allow":["GET"]}}],"collection":[{"href":"https:\/\/www.lab.eus\/es\/wp-json\/wp\/v2\/posts"}],"about":[{"href":"https:\/\/www.lab.eus\/es\/wp-json\/wp\/v2\/types\/post"}],"author":[{"embeddable":true,"href":"https:\/\/www.lab.eus\/es\/wp-json\/wp\/v2\/users\/1189"}],"replies":[{"embeddable":true,"href":"https:\/\/www.lab.eus\/es\/wp-json\/wp\/v2\/comments?post=46621"}],"version-history":[{"count":0,"href":"https:\/\/www.lab.eus\/es\/wp-json\/wp\/v2\/posts\/46621\/revisions"}],"wp:featuredmedia":[{"embeddable":true,"href":"https:\/\/www.lab.eus\/es\/wp-json\/wp\/v2\/media\/46625"}],"wp:attachment":[{"href":"https:\/\/www.lab.eus\/es\/wp-json\/wp\/v2\/media?parent=46621"}],"wp:term":[{"taxonomy":"category","embeddable":true,"href":"https:\/\/www.lab.eus\/es\/wp-json\/wp\/v2\/categories?post=46621"},{"taxonomy":"post_tag","embeddable":true,"href":"https:\/\/www.lab.eus\/es\/wp-json\/wp\/v2\/tags?post=46621"}],"curies":[{"name":"wp","href":"https:\/\/api.w.org\/{rel}","templated":true}]}}