{"id":46603,"date":"2022-04-27T10:36:51","date_gmt":"2022-04-27T10:36:51","guid":{"rendered":"https:\/\/www.lab.eus\/?p=46603"},"modified":"2022-04-27T10:41:44","modified_gmt":"2022-04-27T10:41:44","slug":"nos-hemos-movilizado-en-el-hospital-donostia-en-defensa-de-una-sanidad-publica-de-calidad","status":"publish","type":"post","link":"https:\/\/www.lab.eus\/es\/nos-hemos-movilizado-en-el-hospital-donostia-en-defensa-de-una-sanidad-publica-de-calidad\/","title":{"rendered":"Nos hemos movilizado en el Hospital Donostia en defensa de una sanidad p\u00fablica de calidad"},"content":{"rendered":"\n<p>Los sindicatos seguimos con las movilizaciones en defensa de la sanidad p\u00fablica. Nos hemos concentrado esta vez frente al Hospital Donostia, el d\u00eda en que estaba convocada la reuni\u00f3n de la mesa sectorial de Osakidetza, a la que nos hemos negado a acudir. Tras la concentraci\u00f3n, hemos ocupado la entrada del centro hospitalario, donde hemos podido hablar con el gerente del hospital.<\/p>\n\n\n\n<figure class=\"wp-block-embed is-type-rich is-provider-twitter wp-block-embed-twitter\"><div class=\"wp-block-embed__wrapper\">\n<blockquote class=\"twitter-tweet\" data-width=\"550\" data-dnt=\"true\"><p lang=\"eu\" dir=\"ltr\">Osakidetzako zuzendaritzaren jarrera salatzeko, Donostia Ospitalean kontzentrazioa egin ondoren, bertako Hall-ean itxialdia hasi dugu!! <a href=\"https:\/\/t.co\/xC2P0mCjnv\">pic.twitter.com\/xC2P0mCjnv<\/a><\/p>&mdash; LAB Osakidetza (@LABosakidetza) <a href=\"https:\/\/twitter.com\/LABosakidetza\/status\/1519256534496296961?ref_src=twsrc%5Etfw\">April 27, 2022<\/a><\/blockquote><script async src=\"https:\/\/platform.twitter.com\/widgets.js\" charset=\"utf-8\"><\/script>\n<\/div><\/figure>\n\n\n\n<p>Concretamente, <a href=\"https:\/\/www.lab.eus\/es\/los-sindicatos-no-acudiremos-a-la-mesa-sectorial-de-osakidetza\/\">los sindicatos anunciamos que no acudir\u00edamos a la mesa sectorial<\/a> si no se dan pasos en la direcci\u00f3n de las reivindicaciones realizadas las y los trabajadores de Osakidetza y reafirmamos que continuar\u00edamos con las protestas. As\u00ed lo hemos hecho hoy, con la ocupaci\u00f3n de la entrada del Hospital Donostia para que se escuche a las y los trabajadores.<\/p>\n\n\n\n<figure class=\"wp-block-gallery columns-1 is-cropped wp-block-gallery-1 is-layout-flex wp-block-gallery-is-layout-flex\"><ul class=\"blocks-gallery-grid\"><li class=\"blocks-gallery-item\"><figure><img loading=\"lazy\" decoding=\"async\" width=\"1024\" height=\"768\" src=\"https:\/\/www.lab.eus\/wp-content\/uploads\/2022\/04\/Aurrean-1024x768.jpeg\" alt=\"\" data-id=\"46613\" data-full-url=\"https:\/\/www.lab.eus\/wp-content\/uploads\/2022\/04\/Aurrean.jpeg\" data-link=\"https:\/\/www.lab.eus\/es\/?attachment_id=46613\" class=\"wp-image-46613\" srcset=\"https:\/\/www.lab.eus\/wp-content\/uploads\/2022\/04\/Aurrean-1024x768.jpeg 1024w, https:\/\/www.lab.eus\/wp-content\/uploads\/2022\/04\/Aurrean-300x225.jpeg 300w, https:\/\/www.lab.eus\/wp-content\/uploads\/2022\/04\/Aurrean-768x576.jpeg 768w, https:\/\/www.lab.eus\/wp-content\/uploads\/2022\/04\/Aurrean-1536x1152.jpeg 1536w, https:\/\/www.lab.eus\/wp-content\/uploads\/2022\/04\/Aurrean-150x113.jpeg 150w, https:\/\/www.lab.eus\/wp-content\/uploads\/2022\/04\/Aurrean-696x522.jpeg 696w, https:\/\/www.lab.eus\/wp-content\/uploads\/2022\/04\/Aurrean-1068x801.jpeg 1068w, https:\/\/www.lab.eus\/wp-content\/uploads\/2022\/04\/Aurrean-1920x1440.jpeg 1920w, https:\/\/www.lab.eus\/wp-content\/uploads\/2022\/04\/Aurrean-560x420.jpeg 560w, https:\/\/www.lab.eus\/wp-content\/uploads\/2022\/04\/Aurrean-80x60.jpeg 80w, https:\/\/www.lab.eus\/wp-content\/uploads\/2022\/04\/Aurrean-265x198.jpeg 265w, https:\/\/www.lab.eus\/wp-content\/uploads\/2022\/04\/Aurrean.jpeg 2048w\" sizes=\"auto, (max-width: 1024px) 100vw, 1024px\" \/><\/figure><\/li><\/ul><\/figure>\n","protected":false},"excerpt":{"rendered":"<p>Los sindicatos seguimos con las movilizaciones en defensa de la sanidad p\u00fablica. Nos hemos concentrado esta vez frente al Hospital Donostia, el d\u00eda en que estaba convocada la reuni\u00f3n de la mesa sectorial de Osakidetza, a la que nos hemos negado a acudir. Tras la concentraci\u00f3n, hemos ocupado la entrada del centro hospitalario, donde hemos podido hablar con el gerente del hospital.<\/p>\n","protected":false},"author":1189,"featured_media":46611,"comment_status":"closed","ping_status":"closed","sticky":false,"template":"","format":"standard","meta":{"_monsterinsights_skip_tracking":false,"_monsterinsights_sitenote_active":false,"_monsterinsights_sitenote_note":"","_monsterinsights_sitenote_category":0,"footnotes":"","_links_to":"","_links_to_target":""},"categories":[18,3097,6],"tags":[3033,3178,3195,3100,3171],"class_list":{"0":"post-46603","1":"post","2":"type-post","3":"status-publish","4":"format-standard","5":"has-post-thumbnail","7":"category-es-accion-sindical","8":"category-sanidad","9":"category-es-servicios-publicos","10":"tag-accion-sindical-es","11":"tag-destacado-1","12":"tag-osakidetza-es","13":"tag-sanidad-es","14":"tag-servicios-publicos-es"},"_links":{"self":[{"href":"https:\/\/www.lab.eus\/es\/wp-json\/wp\/v2\/posts\/46603","targetHints":{"allow":["GET"]}}],"collection":[{"href":"https:\/\/www.lab.eus\/es\/wp-json\/wp\/v2\/posts"}],"about":[{"href":"https:\/\/www.lab.eus\/es\/wp-json\/wp\/v2\/types\/post"}],"author":[{"embeddable":true,"href":"https:\/\/www.lab.eus\/es\/wp-json\/wp\/v2\/users\/1189"}],"replies":[{"embeddable":true,"href":"https:\/\/www.lab.eus\/es\/wp-json\/wp\/v2\/comments?post=46603"}],"version-history":[{"count":0,"href":"https:\/\/www.lab.eus\/es\/wp-json\/wp\/v2\/posts\/46603\/revisions"}],"wp:featuredmedia":[{"embeddable":true,"href":"https:\/\/www.lab.eus\/es\/wp-json\/wp\/v2\/media\/46611"}],"wp:attachment":[{"href":"https:\/\/www.lab.eus\/es\/wp-json\/wp\/v2\/media?parent=46603"}],"wp:term":[{"taxonomy":"category","embeddable":true,"href":"https:\/\/www.lab.eus\/es\/wp-json\/wp\/v2\/categories?post=46603"},{"taxonomy":"post_tag","embeddable":true,"href":"https:\/\/www.lab.eus\/es\/wp-json\/wp\/v2\/tags?post=46603"}],"curies":[{"name":"wp","href":"https:\/\/api.w.org\/{rel}","templated":true}]}}