{"id":46586,"date":"2022-04-27T07:57:02","date_gmt":"2022-04-27T07:57:02","guid":{"rendered":"https:\/\/www.lab.eus\/?p=46586"},"modified":"2022-05-09T14:49:11","modified_gmt":"2022-05-09T14:49:11","slug":"el-colectivo-gora-garbitzaileak-ha-hecho-aun-mas-visible-la-lucha-de-las-trabajadoras-de-limpieza-de-bizkaia","status":"publish","type":"post","link":"https:\/\/www.lab.eus\/es\/el-colectivo-gora-garbitzaileak-ha-hecho-aun-mas-visible-la-lucha-de-las-trabajadoras-de-limpieza-de-bizkaia\/","title":{"rendered":"El colectivo Gora Garbitzaileak ha hecho a\u00fan m\u00e1s visible la lucha de las trabajadoras de limpieza de Bizkaia"},"content":{"rendered":"\n<p>Las trabajadoras de la limpieza de Bizkaia secundan este mi\u00e9rcoles <a href=\"https:\/\/www.lab.eus\/es\/las-trabajadoras-de-limpieza-de-bizkaia-secundan-la-primera-de-las-cinco-jornadas-de-huelga-convocadas\/\">la tercera jornada de huelga<\/a> en defensa de unas condiciones laborales dignas. Tambi\u00e9n hicieron huelga el 31 de marzo, la primera en el sector. En este sentido, el colectivo Gora Garbitzaileak, promovido por los sindicatos LAB y ESK, ha realizado un encierro esta noche en Hika Ateneoa del Casco Viejo de Bilbo, adheri\u00e9ndose a la lucha de las huelguistas.<\/p>\n\n\n\n<p>El encierro no buscaba solo ser un acto de protesta sino de encuentro, reflexi\u00f3n y empoderamiento colectivo. Se ha prolongado por espacio de 12 horas, hasta las 08:00 de la ma\u00f1ana. Esta inciativa ha servido para mantener viva la llama de la huelga, pero tambi\u00e9n para intercambiar experiencias entre trabajadoras y debatir sobre los retos que el colectivo tiene por delante. Aunque sea solo por unas horas, estas mujeres han dejado de ser limpiadoras, cuidadoras y amas de casa para ser huelguistas a tiempo completo.<\/p>\n\n\n\n<p>Las trabajadoras ten\u00edan previsto acudir juntas a los piquetes que han dado inicio a una nueva jornada de huelga.<\/p>\n\n\n\n<p>Esta iniciativa forma parte de <a href=\"https:\/\/www.lab.eus\/es\/gora-garbitzaileak-nos-quieren-escondidas-pero-nosotras-ya-nos-hemos-situado-en-primera-linea-de-la-lucha\/\">otras muchas<\/a> que Gora Garbitzaileak est\u00e1 llevando a cabo a lo largo de estos meses en defensa de un convenio digno para el sector, con el respaldo de los sindicatos LAB y ESK. C\u00f3mo ya advirtieron, nacieron para pelear por un convenio digno y mantendr\u00e1n el pulso hasta su firma definitiva.<\/p>\n","protected":false},"excerpt":{"rendered":"<p>Las trabajadoras de limpieza de Bizkaia secundan este mi\u00e9rcoles la tercera jornada de huelga en defensa de unas condiciones laborales dignas. En este sentido, el colectivo Gora Garbitzaileak, promovido por los sindicatos LAB y ESK, ha realizado un encierro esta noche en Hila Ateneoa del Casco Viejo de Bilbo, adheri\u00e9ndose a la lucha de las huelguistas. Este colectivo naci\u00f3 para pelear por un convenio digno y mantendr\u00e1 el pulso hasta su firma definitiva.<\/p>\n","protected":false},"author":1189,"featured_media":46591,"comment_status":"closed","ping_status":"closed","sticky":false,"template":"","format":"standard","meta":{"_monsterinsights_skip_tracking":false,"_monsterinsights_sitenote_active":false,"_monsterinsights_sitenote_note":"","_monsterinsights_sitenote_category":0,"footnotes":"","_links_to":"","_links_to_target":""},"categories":[18,2944,8,3283],"tags":[3033,3178,3172],"class_list":{"0":"post-46586","1":"post","2":"type-post","3":"status-publish","4":"format-standard","5":"has-post-thumbnail","7":"category-es-accion-sindical","8":"category-limpieza","9":"category-es-servicios-privados","10":"category-sin-categorizar","11":"tag-accion-sindical-es","12":"tag-destacado-1","13":"tag-servicios-privados-es"},"_links":{"self":[{"href":"https:\/\/www.lab.eus\/es\/wp-json\/wp\/v2\/posts\/46586","targetHints":{"allow":["GET"]}}],"collection":[{"href":"https:\/\/www.lab.eus\/es\/wp-json\/wp\/v2\/posts"}],"about":[{"href":"https:\/\/www.lab.eus\/es\/wp-json\/wp\/v2\/types\/post"}],"author":[{"embeddable":true,"href":"https:\/\/www.lab.eus\/es\/wp-json\/wp\/v2\/users\/1189"}],"replies":[{"embeddable":true,"href":"https:\/\/www.lab.eus\/es\/wp-json\/wp\/v2\/comments?post=46586"}],"version-history":[{"count":0,"href":"https:\/\/www.lab.eus\/es\/wp-json\/wp\/v2\/posts\/46586\/revisions"}],"wp:featuredmedia":[{"embeddable":true,"href":"https:\/\/www.lab.eus\/es\/wp-json\/wp\/v2\/media\/46591"}],"wp:attachment":[{"href":"https:\/\/www.lab.eus\/es\/wp-json\/wp\/v2\/media?parent=46586"}],"wp:term":[{"taxonomy":"category","embeddable":true,"href":"https:\/\/www.lab.eus\/es\/wp-json\/wp\/v2\/categories?post=46586"},{"taxonomy":"post_tag","embeddable":true,"href":"https:\/\/www.lab.eus\/es\/wp-json\/wp\/v2\/tags?post=46586"}],"curies":[{"name":"wp","href":"https:\/\/api.w.org\/{rel}","templated":true}]}}