{"id":46569,"date":"2022-04-26T12:38:56","date_gmt":"2022-04-26T12:38:56","guid":{"rendered":"https:\/\/www.lab.eus\/?p=46569"},"modified":"2022-04-26T12:53:09","modified_gmt":"2022-04-26T12:53:09","slug":"nos-movilizaremos-en-bilbo-e-irunea-en-el-dia-internacional-de-la-seguridad-y-salud-laboral","status":"publish","type":"post","link":"https:\/\/www.lab.eus\/es\/nos-movilizaremos-en-bilbo-e-irunea-en-el-dia-internacional-de-la-seguridad-y-salud-laboral\/","title":{"rendered":"Nos movilizaremos en Bilbo e Iru\u00f1ea en el D\u00eda Internacional de la Seguridad y Salud Laboral"},"content":{"rendered":"\n<p>El 28 de abril es el D\u00eda Internacional de la Seguridad y Salud Laboral, y, como todos los a\u00f1os, nos movilizaremos en las calles de Hego Euskal Herria. Este a\u00f1o, a convocatoria de la mayor\u00eda sindical vasca, llevaremos a cabo manifestaciones en Bilbo (11:30, Plaza Moyua) e Iru\u00f1ea (11:30, antigua estaci\u00f3n de autob\u00fas).<\/p>\n\n\n\n<div class=\"wp-block-file\"><a href=\"https:\/\/www.lab.eus\/wp-content\/uploads\/2022\/04\/Apirilak28.pdf\">28 de abril: lectura de la mayor\u00eda sindical vasca<\/a><a href=\"https:\/\/www.lab.eus\/wp-content\/uploads\/2022\/04\/Apirilak28.pdf\" class=\"wp-block-file__button\" download>Deskargatu<\/a><\/div>\n","protected":false},"excerpt":{"rendered":"<p>El 28 de abril, a convocatoria de la mayor\u00eda sindical vasca, nos movilizaremos en Bilbo (11:30, Plaza Moyua) e Iru\u00f1ea (11:30, antigua estaci\u00f3n de autob\u00fas).<\/p>\n","protected":false},"author":1189,"featured_media":46576,"comment_status":"closed","ping_status":"closed","sticky":false,"template":"","format":"standard","meta":{"_monsterinsights_skip_tracking":false,"_monsterinsights_sitenote_active":false,"_monsterinsights_sitenote_note":"","_monsterinsights_sitenote_category":0,"footnotes":"","_links_to":"","_links_to_target":""},"categories":[18,130,15,3283],"tags":[3178,3263,3083],"class_list":{"0":"post-46569","1":"post","2":"type-post","3":"status-publish","4":"format-standard","5":"has-post-thumbnail","7":"category-es-accion-sindical","8":"category-es-la-precariedad-mata-es-salud-laboral","9":"category-es-salud-laboral","10":"category-sin-categorizar","11":"tag-destacado-1","12":"tag-la-precariedad-mata-es-2","13":"tag-salud-laboral-es"},"_links":{"self":[{"href":"https:\/\/www.lab.eus\/es\/wp-json\/wp\/v2\/posts\/46569","targetHints":{"allow":["GET"]}}],"collection":[{"href":"https:\/\/www.lab.eus\/es\/wp-json\/wp\/v2\/posts"}],"about":[{"href":"https:\/\/www.lab.eus\/es\/wp-json\/wp\/v2\/types\/post"}],"author":[{"embeddable":true,"href":"https:\/\/www.lab.eus\/es\/wp-json\/wp\/v2\/users\/1189"}],"replies":[{"embeddable":true,"href":"https:\/\/www.lab.eus\/es\/wp-json\/wp\/v2\/comments?post=46569"}],"version-history":[{"count":0,"href":"https:\/\/www.lab.eus\/es\/wp-json\/wp\/v2\/posts\/46569\/revisions"}],"wp:featuredmedia":[{"embeddable":true,"href":"https:\/\/www.lab.eus\/es\/wp-json\/wp\/v2\/media\/46576"}],"wp:attachment":[{"href":"https:\/\/www.lab.eus\/es\/wp-json\/wp\/v2\/media?parent=46569"}],"wp:term":[{"taxonomy":"category","embeddable":true,"href":"https:\/\/www.lab.eus\/es\/wp-json\/wp\/v2\/categories?post=46569"},{"taxonomy":"post_tag","embeddable":true,"href":"https:\/\/www.lab.eus\/es\/wp-json\/wp\/v2\/tags?post=46569"}],"curies":[{"name":"wp","href":"https:\/\/api.w.org\/{rel}","templated":true}]}}