{"id":46565,"date":"2022-04-26T11:22:33","date_gmt":"2022-04-26T11:22:33","guid":{"rendered":"https:\/\/www.lab.eus\/?p=46565"},"modified":"2022-04-26T11:22:35","modified_gmt":"2022-04-26T11:22:35","slug":"hemos-denunciado-que-la-intencion-de-adegi-es-dilatar-las-negociaciones-y-reducir-el-poder-adquisitivo-de-los-trabajadores-y-trabajadoras-de-artes-graficas-de-gipuzkoa","status":"publish","type":"post","link":"https:\/\/www.lab.eus\/es\/hemos-denunciado-que-la-intencion-de-adegi-es-dilatar-las-negociaciones-y-reducir-el-poder-adquisitivo-de-los-trabajadores-y-trabajadoras-de-artes-graficas-de-gipuzkoa\/","title":{"rendered":"Hemos denunciado que la intenci\u00f3n de ADEGI es dilatar las negociaciones y reducir el poder adquisitivo de los trabajadores y trabajadoras de artes gr\u00e1ficas de Gipuzkoa"},"content":{"rendered":"\n<p>Se ha llevado a cabo la cuarta reuni\u00f3n de la mesa de negociaci\u00f3n del convenio de artes gr\u00e1ficas de Gipuzkoa en el Consejo de Relaciones Laborales de Donostia. Antes de la misma, LAB, ELA y UGT nos hemos movilizado para reclamar un convenio digno para el sector. Tras la finalizaci\u00f3n de la reuni\u00f3n lo \u00fanico que podemos decir es que la intenci\u00f3n de ADEGI es dilatar las negociaciones y reducir el poder adquisitivo de los trabajadores y trabajadoras del sector.<\/p>\n\n\n\n<p>Los sindicatos tenemos nuestros deberes hechos, ya que hemos presentado nuestras plataformas. Lo \u00fanico que podemos decir se la reuni\u00f3n de hoy es, por un lado, que una propuesta que no garantiza ning\u00fan incremento salarial no es una propuesta. Y por otro, que la ultraactividad ilimitada est\u00e1 garantizada por la reforma actual, esa no es una oferta de la patronal.<\/p>\n\n\n\n<p>Queremos avanzar en las negociaciones del convenio y por eso exigimos a ADEGI que haga una propuesta que se pueda valorar de una vez por todas en la reuni\u00f3n del 12 de mayo, tal y como quieren y necesitan los trabajadores y trabajadoras del sector.<\/p>\n","protected":false},"excerpt":{"rendered":"<p>Se ha llevado a cabo la cuarta reuni\u00f3n de la mesa de negociaci\u00f3n en el Consejo de Relaciones Laborales de Donostia. Nos hemos movilizado para reclamar un convenio digno para el sector.<\/p>\n","protected":false},"author":1189,"featured_media":46554,"comment_status":"closed","ping_status":"closed","sticky":false,"template":"","format":"standard","meta":{"_monsterinsights_skip_tracking":false,"_monsterinsights_sitenote_active":false,"_monsterinsights_sitenote_note":"","_monsterinsights_sitenote_category":0,"footnotes":"","_links_to":"","_links_to_target":""},"categories":[18,100,2868,3283],"tags":[3033,3178,2996],"class_list":{"0":"post-46565","1":"post","2":"type-post","3":"status-publish","4":"format-standard","5":"has-post-thumbnail","7":"category-es-accion-sindical","8":"category-es-artes-graficas","9":"category-industria-es","10":"category-sin-categorizar","11":"tag-accion-sindical-es","12":"tag-destacado-1","13":"tag-industria-es"},"_links":{"self":[{"href":"https:\/\/www.lab.eus\/es\/wp-json\/wp\/v2\/posts\/46565","targetHints":{"allow":["GET"]}}],"collection":[{"href":"https:\/\/www.lab.eus\/es\/wp-json\/wp\/v2\/posts"}],"about":[{"href":"https:\/\/www.lab.eus\/es\/wp-json\/wp\/v2\/types\/post"}],"author":[{"embeddable":true,"href":"https:\/\/www.lab.eus\/es\/wp-json\/wp\/v2\/users\/1189"}],"replies":[{"embeddable":true,"href":"https:\/\/www.lab.eus\/es\/wp-json\/wp\/v2\/comments?post=46565"}],"version-history":[{"count":0,"href":"https:\/\/www.lab.eus\/es\/wp-json\/wp\/v2\/posts\/46565\/revisions"}],"wp:featuredmedia":[{"embeddable":true,"href":"https:\/\/www.lab.eus\/es\/wp-json\/wp\/v2\/media\/46554"}],"wp:attachment":[{"href":"https:\/\/www.lab.eus\/es\/wp-json\/wp\/v2\/media?parent=46565"}],"wp:term":[{"taxonomy":"category","embeddable":true,"href":"https:\/\/www.lab.eus\/es\/wp-json\/wp\/v2\/categories?post=46565"},{"taxonomy":"post_tag","embeddable":true,"href":"https:\/\/www.lab.eus\/es\/wp-json\/wp\/v2\/tags?post=46565"}],"curies":[{"name":"wp","href":"https:\/\/api.w.org\/{rel}","templated":true}]}}