{"id":46543,"date":"2022-04-26T10:20:28","date_gmt":"2022-04-26T10:20:28","guid":{"rendered":"https:\/\/www.lab.eus\/?p=46543"},"modified":"2022-05-09T14:47:58","modified_gmt":"2022-05-09T14:47:58","slug":"las-trabajadoras-de-limpieza-de-bizkaia-secundan-la-primera-de-las-cinco-jornadas-de-huelga-convocadas","status":"publish","type":"post","link":"https:\/\/www.lab.eus\/es\/las-trabajadoras-de-limpieza-de-bizkaia-secundan-la-primera-de-las-cinco-jornadas-de-huelga-convocadas\/","title":{"rendered":"Las trabajadoras de limpieza de Bizkaia secundan la primera de las otras cinco jornadas de huelga convocadas"},"content":{"rendered":"\n<p>Las trabajadoras de limpieza de Bizkaia <a href=\"https:\/\/www.lab.eus\/es\/con-el-objetivo-de-conseguir-un-convenio-que-recoja-15-pagas-de-1-200-euros-hemos-anunciado-5-jornadas-de-huelga-en-la-limpieza-de-bizkaia\/\">han convocado huelgas para los d\u00edas 26 y 27 de abril y los d\u00edas 10, 11 y 12 de mayo<\/a> en defensa de un convenio digno. Antes, el 31 de marzo, secundaron otra huelga; la primera. Diferentes movilizaciones se han sucedido a lo largo de la ma\u00f1ana y, por la tarde, en solidaridad con las huelguistas, el colectivo Gora Garbitzaileak llevar\u00e1 a cabo un encierro en el local que Hika Ateneo tiene en el Casco Viejo de Bilbo. Van a pasar la noche all\u00ed.<\/p>\n\n\n\n<figure class=\"wp-block-gallery columns-2 is-cropped wp-block-gallery-1 is-layout-flex wp-block-gallery-is-layout-flex\"><ul class=\"blocks-gallery-grid\"><li class=\"blocks-gallery-item\"><figure><img loading=\"lazy\" decoding=\"async\" width=\"1024\" height=\"1024\" src=\"https:\/\/www.lab.eus\/wp-content\/uploads\/2022\/04\/Garbitzaileak2-1-1024x1024.jpg\" alt=\"\" data-id=\"46545\" data-full-url=\"https:\/\/www.lab.eus\/wp-content\/uploads\/2022\/04\/Garbitzaileak2-1.jpg\" data-link=\"https:\/\/www.lab.eus\/es\/garbitzaileak2-1\/\" class=\"wp-image-46545\" srcset=\"https:\/\/www.lab.eus\/wp-content\/uploads\/2022\/04\/Garbitzaileak2-1-1024x1024.jpg 1024w, https:\/\/www.lab.eus\/wp-content\/uploads\/2022\/04\/Garbitzaileak2-1-300x300.jpg 300w, https:\/\/www.lab.eus\/wp-content\/uploads\/2022\/04\/Garbitzaileak2-1-150x150.jpg 150w, https:\/\/www.lab.eus\/wp-content\/uploads\/2022\/04\/Garbitzaileak2-1-768x768.jpg 768w, https:\/\/www.lab.eus\/wp-content\/uploads\/2022\/04\/Garbitzaileak2-1-1536x1536.jpg 1536w, https:\/\/www.lab.eus\/wp-content\/uploads\/2022\/04\/Garbitzaileak2-1.jpg 2048w, https:\/\/www.lab.eus\/wp-content\/uploads\/2022\/04\/Garbitzaileak2-1-696x696.jpg 696w, https:\/\/www.lab.eus\/wp-content\/uploads\/2022\/04\/Garbitzaileak2-1-1068x1068.jpg 1068w, https:\/\/www.lab.eus\/wp-content\/uploads\/2022\/04\/Garbitzaileak2-1-1920x1920.jpg 1920w, https:\/\/www.lab.eus\/wp-content\/uploads\/2022\/04\/Garbitzaileak2-1-420x420.jpg 420w\" sizes=\"auto, (max-width: 1024px) 100vw, 1024px\" \/><\/figure><\/li><li class=\"blocks-gallery-item\"><figure><img loading=\"lazy\" decoding=\"async\" width=\"1024\" height=\"768\" src=\"https:\/\/www.lab.eus\/wp-content\/uploads\/2022\/04\/Garbitzaileak3-1024x768.jpg\" alt=\"\" data-id=\"46541\" data-full-url=\"https:\/\/www.lab.eus\/wp-content\/uploads\/2022\/04\/Garbitzaileak3.jpg\" data-link=\"https:\/\/www.lab.eus\/es\/garbitzaileak3-2\/\" class=\"wp-image-46541\" srcset=\"https:\/\/www.lab.eus\/wp-content\/uploads\/2022\/04\/Garbitzaileak3-1024x768.jpg 1024w, https:\/\/www.lab.eus\/wp-content\/uploads\/2022\/04\/Garbitzaileak3-300x225.jpg 300w, https:\/\/www.lab.eus\/wp-content\/uploads\/2022\/04\/Garbitzaileak3-768x576.jpg 768w, https:\/\/www.lab.eus\/wp-content\/uploads\/2022\/04\/Garbitzaileak3-1536x1152.jpg 1536w, https:\/\/www.lab.eus\/wp-content\/uploads\/2022\/04\/Garbitzaileak3-150x113.jpg 150w, https:\/\/www.lab.eus\/wp-content\/uploads\/2022\/04\/Garbitzaileak3-696x522.jpg 696w, https:\/\/www.lab.eus\/wp-content\/uploads\/2022\/04\/Garbitzaileak3-1068x801.jpg 1068w, https:\/\/www.lab.eus\/wp-content\/uploads\/2022\/04\/Garbitzaileak3-1920x1440.jpg 1920w, https:\/\/www.lab.eus\/wp-content\/uploads\/2022\/04\/Garbitzaileak3-560x420.jpg 560w, https:\/\/www.lab.eus\/wp-content\/uploads\/2022\/04\/Garbitzaileak3-80x60.jpg 80w, https:\/\/www.lab.eus\/wp-content\/uploads\/2022\/04\/Garbitzaileak3-265x198.jpg 265w, https:\/\/www.lab.eus\/wp-content\/uploads\/2022\/04\/Garbitzaileak3.jpg 2000w\" sizes=\"auto, (max-width: 1024px) 100vw, 1024px\" \/><\/figure><\/li><\/ul><\/figure>\n","protected":false},"excerpt":{"rendered":"<p>Han anunciado huelgas para los d\u00edas 26 y 27 de abril y los d\u00edas 10, 11 y 12 de mayo en defensa de un convenio digno. <\/p>\n","protected":false},"author":1189,"featured_media":46537,"comment_status":"closed","ping_status":"closed","sticky":false,"template":"","format":"standard","meta":{"_monsterinsights_skip_tracking":false,"_monsterinsights_sitenote_active":false,"_monsterinsights_sitenote_note":"","_monsterinsights_sitenote_category":0,"footnotes":"","_links_to":"","_links_to_target":""},"categories":[18,2944,8,3283],"tags":[3033,3178,3172],"class_list":{"0":"post-46543","1":"post","2":"type-post","3":"status-publish","4":"format-standard","5":"has-post-thumbnail","7":"category-es-accion-sindical","8":"category-limpieza","9":"category-es-servicios-privados","10":"category-sin-categorizar","11":"tag-accion-sindical-es","12":"tag-destacado-1","13":"tag-servicios-privados-es"},"_links":{"self":[{"href":"https:\/\/www.lab.eus\/es\/wp-json\/wp\/v2\/posts\/46543","targetHints":{"allow":["GET"]}}],"collection":[{"href":"https:\/\/www.lab.eus\/es\/wp-json\/wp\/v2\/posts"}],"about":[{"href":"https:\/\/www.lab.eus\/es\/wp-json\/wp\/v2\/types\/post"}],"author":[{"embeddable":true,"href":"https:\/\/www.lab.eus\/es\/wp-json\/wp\/v2\/users\/1189"}],"replies":[{"embeddable":true,"href":"https:\/\/www.lab.eus\/es\/wp-json\/wp\/v2\/comments?post=46543"}],"version-history":[{"count":0,"href":"https:\/\/www.lab.eus\/es\/wp-json\/wp\/v2\/posts\/46543\/revisions"}],"wp:featuredmedia":[{"embeddable":true,"href":"https:\/\/www.lab.eus\/es\/wp-json\/wp\/v2\/media\/46537"}],"wp:attachment":[{"href":"https:\/\/www.lab.eus\/es\/wp-json\/wp\/v2\/media?parent=46543"}],"wp:term":[{"taxonomy":"category","embeddable":true,"href":"https:\/\/www.lab.eus\/es\/wp-json\/wp\/v2\/categories?post=46543"},{"taxonomy":"post_tag","embeddable":true,"href":"https:\/\/www.lab.eus\/es\/wp-json\/wp\/v2\/tags?post=46543"}],"curies":[{"name":"wp","href":"https:\/\/api.w.org\/{rel}","templated":true}]}}