{"id":46517,"date":"2022-05-01T10:53:51","date_gmt":"2022-05-01T10:53:51","guid":{"rendered":"https:\/\/www.lab.eus\/?p=46517"},"modified":"2022-05-01T17:03:02","modified_gmt":"2022-05-01T17:03:02","slug":"con-la-llegada-del-primero-de-mayo-nos-hemos-movilizado-en-hego-e-ipar-euskal-herria-para-reclamar-el-reparto-de-los-cuidados-el-empleo-y-la-riqueza","status":"publish","type":"post","link":"https:\/\/www.lab.eus\/es\/con-la-llegada-del-primero-de-mayo-nos-hemos-movilizado-en-hego-e-ipar-euskal-herria-para-reclamar-el-reparto-de-los-cuidados-el-empleo-y-la-riqueza\/","title":{"rendered":"Con la llegada del Primero de Mayo nos hemos movilizado en Hego e Ipar Euskal Herria para reclamar el reparto de los cuidados, el empleo y la riqueza"},"content":{"rendered":"\n<p>Con la llegada del Primero de Mayo hemos reclamado en la calle el reparto de los cuidados, el empleo y la riqueza bajo el lema \u00abAltxa! Egin dezagun posible. Por el reparto de los cuidados, el empleo y la riqueza\u00bb.<\/p>\n\n\n\n<p>Bilbo, Donostia, Eibar, Gasteiz, Baiona, Maule, Iru\u00f1ea, Azkoien, Lizarra, Tafalla, Tutera, Doneztebe, Altsasu, Leitza\u2026 nos hemos congregado m\u00e1s de 10.000 personas en las movilizaciones realizadas tanto en Hego como en Ipar Euskal Herria, donde hemos reiterado nuestra apuesta por el triple reparto.<\/p>\n\n\n\n<figure class=\"wp-block-embed is-type-video is-provider-youtube wp-block-embed-youtube wp-embed-aspect-16-9 wp-has-aspect-ratio\"><div class=\"wp-block-embed__wrapper\">\n<iframe loading=\"lazy\" title=\"M1  Altxa! Egin dezagun posible\" width=\"696\" height=\"392\" src=\"https:\/\/www.youtube.com\/embed\/KazCu9p-Ttk?feature=oembed\" frameborder=\"0\" allow=\"accelerometer; autoplay; clipboard-write; encrypted-media; gyroscope; picture-in-picture\" allowfullscreen><\/iframe>\n<\/div><\/figure>\n\n\n\n<p>La situaci\u00f3n es insostenible social y ecol\u00f3gicamente. Las y los trabajadores llevamos a\u00f1os en crisis y tampoco ahora el encarecimiento de la vida lo sufrimos todas las personas por igual. En el capitalismo las y los trabajadores no tenemos futuro, tenemos que empezar a caminar hacia otro modelo econ\u00f3mico y social.<\/p>\n\n\n\n<p>Hay que abrir un debate social y hay que adoptar medidas pol\u00edticas para el reparto, para la redistribuci\u00f3n. La propuesta del triple reparto de LAB es una aportaci\u00f3n en esa direcci\u00f3n y tenemos que hacerla posible aqu\u00ed, en Euskal Herria.<\/p>\n\n\n\n<p>As\u00ed lo hemos reivindicado en las movilizaciones convocadas a lo largo y ancho de Euskal Herria. Una vez finalizadas, hemos organizado espacios l\u00fadicos para que la jornada reivindicativa se convierta tambi\u00e9n en una jornada festiva.<\/p>\n\n\n\n<p>Ahora nos toca dar nuevos pasos y avanzar en esa direcci\u00f3n, desde ya, a partir del 2 de mayo. Impulsemos luchas a nivel laboral y sectorial. Luchemos para cambiar las pol\u00edticas p\u00fablicas. Altxa! \u00a1Hag\u00e1moslo posible!<\/p>\n\n\n\n<figure class=\"wp-block-gallery columns-3 is-cropped wp-block-gallery-1 is-layout-flex wp-block-gallery-is-layout-flex\"><ul class=\"blocks-gallery-grid\"><li class=\"blocks-gallery-item\"><figure><img loading=\"lazy\" decoding=\"async\" width=\"1024\" height=\"768\" src=\"https:\/\/www.lab.eus\/wp-content\/uploads\/2022\/05\/IMG_20220501_124621_938-1024x768.jpg\" alt=\"\" data-id=\"46778\" data-link=\"https:\/\/www.lab.eus\/?attachment_id=46778\" class=\"wp-image-46778\" srcset=\"https:\/\/www.lab.eus\/wp-content\/uploads\/2022\/05\/IMG_20220501_124621_938-1024x768.jpg 1024w, https:\/\/www.lab.eus\/wp-content\/uploads\/2022\/05\/IMG_20220501_124621_938-300x225.jpg 300w, https:\/\/www.lab.eus\/wp-content\/uploads\/2022\/05\/IMG_20220501_124621_938-768x576.jpg 768w, https:\/\/www.lab.eus\/wp-content\/uploads\/2022\/05\/IMG_20220501_124621_938-150x113.jpg 150w, https:\/\/www.lab.eus\/wp-content\/uploads\/2022\/05\/IMG_20220501_124621_938-696x522.jpg 696w, https:\/\/www.lab.eus\/wp-content\/uploads\/2022\/05\/IMG_20220501_124621_938-1068x801.jpg 1068w, https:\/\/www.lab.eus\/wp-content\/uploads\/2022\/05\/IMG_20220501_124621_938-560x420.jpg 560w, https:\/\/www.lab.eus\/wp-content\/uploads\/2022\/05\/IMG_20220501_124621_938-80x60.jpg 80w, https:\/\/www.lab.eus\/wp-content\/uploads\/2022\/05\/IMG_20220501_124621_938-265x198.jpg 265w, https:\/\/www.lab.eus\/wp-content\/uploads\/2022\/05\/IMG_20220501_124621_938.jpg 1280w\" sizes=\"auto, (max-width: 1024px) 100vw, 1024px\" \/><\/figure><\/li><li class=\"blocks-gallery-item\"><figure><img loading=\"lazy\" decoding=\"async\" width=\"1024\" height=\"768\" src=\"https:\/\/www.lab.eus\/wp-content\/uploads\/2022\/05\/IMG_20220501_124118_061-1024x768.jpg\" alt=\"\" data-id=\"46780\" data-link=\"https:\/\/www.lab.eus\/?attachment_id=46780\" class=\"wp-image-46780\" srcset=\"https:\/\/www.lab.eus\/wp-content\/uploads\/2022\/05\/IMG_20220501_124118_061-1024x768.jpg 1024w, https:\/\/www.lab.eus\/wp-content\/uploads\/2022\/05\/IMG_20220501_124118_061-300x225.jpg 300w, https:\/\/www.lab.eus\/wp-content\/uploads\/2022\/05\/IMG_20220501_124118_061-768x576.jpg 768w, https:\/\/www.lab.eus\/wp-content\/uploads\/2022\/05\/IMG_20220501_124118_061-150x113.jpg 150w, https:\/\/www.lab.eus\/wp-content\/uploads\/2022\/05\/IMG_20220501_124118_061-696x522.jpg 696w, https:\/\/www.lab.eus\/wp-content\/uploads\/2022\/05\/IMG_20220501_124118_061-1068x801.jpg 1068w, https:\/\/www.lab.eus\/wp-content\/uploads\/2022\/05\/IMG_20220501_124118_061-560x420.jpg 560w, https:\/\/www.lab.eus\/wp-content\/uploads\/2022\/05\/IMG_20220501_124118_061-80x60.jpg 80w, https:\/\/www.lab.eus\/wp-content\/uploads\/2022\/05\/IMG_20220501_124118_061-265x198.jpg 265w, https:\/\/www.lab.eus\/wp-content\/uploads\/2022\/05\/IMG_20220501_124118_061.jpg 1280w\" sizes=\"auto, (max-width: 1024px) 100vw, 1024px\" \/><\/figure><\/li><li class=\"blocks-gallery-item\"><figure><img loading=\"lazy\" decoding=\"async\" width=\"1024\" height=\"768\" src=\"https:\/\/www.lab.eus\/wp-content\/uploads\/2022\/05\/IMG_20220501_124114_474-1024x768.jpg\" alt=\"\" data-id=\"46782\" data-link=\"https:\/\/www.lab.eus\/?attachment_id=46782\" class=\"wp-image-46782\" srcset=\"https:\/\/www.lab.eus\/wp-content\/uploads\/2022\/05\/IMG_20220501_124114_474-1024x768.jpg 1024w, https:\/\/www.lab.eus\/wp-content\/uploads\/2022\/05\/IMG_20220501_124114_474-300x225.jpg 300w, https:\/\/www.lab.eus\/wp-content\/uploads\/2022\/05\/IMG_20220501_124114_474-768x576.jpg 768w, https:\/\/www.lab.eus\/wp-content\/uploads\/2022\/05\/IMG_20220501_124114_474-150x113.jpg 150w, https:\/\/www.lab.eus\/wp-content\/uploads\/2022\/05\/IMG_20220501_124114_474-696x522.jpg 696w, https:\/\/www.lab.eus\/wp-content\/uploads\/2022\/05\/IMG_20220501_124114_474-1068x801.jpg 1068w, https:\/\/www.lab.eus\/wp-content\/uploads\/2022\/05\/IMG_20220501_124114_474-560x420.jpg 560w, https:\/\/www.lab.eus\/wp-content\/uploads\/2022\/05\/IMG_20220501_124114_474-80x60.jpg 80w, https:\/\/www.lab.eus\/wp-content\/uploads\/2022\/05\/IMG_20220501_124114_474-265x198.jpg 265w, https:\/\/www.lab.eus\/wp-content\/uploads\/2022\/05\/IMG_20220501_124114_474.jpg 1280w\" sizes=\"auto, (max-width: 1024px) 100vw, 1024px\" \/><\/figure><\/li><li class=\"blocks-gallery-item\"><figure><img loading=\"lazy\" decoding=\"async\" width=\"1024\" height=\"768\" src=\"https:\/\/www.lab.eus\/wp-content\/uploads\/2022\/05\/20220501_123834-1024x768.jpg\" alt=\"\" data-id=\"46784\" data-link=\"https:\/\/www.lab.eus\/?attachment_id=46784\" class=\"wp-image-46784\" srcset=\"https:\/\/www.lab.eus\/wp-content\/uploads\/2022\/05\/20220501_123834-1024x768.jpg 1024w, https:\/\/www.lab.eus\/wp-content\/uploads\/2022\/05\/20220501_123834-300x225.jpg 300w, https:\/\/www.lab.eus\/wp-content\/uploads\/2022\/05\/20220501_123834-768x576.jpg 768w, https:\/\/www.lab.eus\/wp-content\/uploads\/2022\/05\/20220501_123834-1536x1152.jpg 1536w, https:\/\/www.lab.eus\/wp-content\/uploads\/2022\/05\/20220501_123834-150x113.jpg 150w, https:\/\/www.lab.eus\/wp-content\/uploads\/2022\/05\/20220501_123834-696x522.jpg 696w, https:\/\/www.lab.eus\/wp-content\/uploads\/2022\/05\/20220501_123834-1068x801.jpg 1068w, https:\/\/www.lab.eus\/wp-content\/uploads\/2022\/05\/20220501_123834-1920x1440.jpg 1920w, https:\/\/www.lab.eus\/wp-content\/uploads\/2022\/05\/20220501_123834-560x420.jpg 560w, https:\/\/www.lab.eus\/wp-content\/uploads\/2022\/05\/20220501_123834-80x60.jpg 80w, https:\/\/www.lab.eus\/wp-content\/uploads\/2022\/05\/20220501_123834-265x198.jpg 265w, https:\/\/www.lab.eus\/wp-content\/uploads\/2022\/05\/20220501_123834.jpg 2048w\" sizes=\"auto, (max-width: 1024px) 100vw, 1024px\" \/><\/figure><\/li><li class=\"blocks-gallery-item\"><figure><img loading=\"lazy\" decoding=\"async\" width=\"1024\" height=\"768\" src=\"https:\/\/www.lab.eus\/wp-content\/uploads\/2022\/05\/20220501_123832-1024x768.jpg\" alt=\"\" data-id=\"46786\" data-link=\"https:\/\/www.lab.eus\/?attachment_id=46786\" class=\"wp-image-46786\" srcset=\"https:\/\/www.lab.eus\/wp-content\/uploads\/2022\/05\/20220501_123832-1024x768.jpg 1024w, https:\/\/www.lab.eus\/wp-content\/uploads\/2022\/05\/20220501_123832-300x225.jpg 300w, https:\/\/www.lab.eus\/wp-content\/uploads\/2022\/05\/20220501_123832-768x576.jpg 768w, https:\/\/www.lab.eus\/wp-content\/uploads\/2022\/05\/20220501_123832-1536x1152.jpg 1536w, https:\/\/www.lab.eus\/wp-content\/uploads\/2022\/05\/20220501_123832-150x113.jpg 150w, https:\/\/www.lab.eus\/wp-content\/uploads\/2022\/05\/20220501_123832-696x522.jpg 696w, https:\/\/www.lab.eus\/wp-content\/uploads\/2022\/05\/20220501_123832-1068x801.jpg 1068w, https:\/\/www.lab.eus\/wp-content\/uploads\/2022\/05\/20220501_123832-1920x1440.jpg 1920w, https:\/\/www.lab.eus\/wp-content\/uploads\/2022\/05\/20220501_123832-560x420.jpg 560w, https:\/\/www.lab.eus\/wp-content\/uploads\/2022\/05\/20220501_123832-80x60.jpg 80w, https:\/\/www.lab.eus\/wp-content\/uploads\/2022\/05\/20220501_123832-265x198.jpg 265w, https:\/\/www.lab.eus\/wp-content\/uploads\/2022\/05\/20220501_123832.jpg 2048w\" sizes=\"auto, (max-width: 1024px) 100vw, 1024px\" \/><\/figure><\/li><li class=\"blocks-gallery-item\"><figure><img loading=\"lazy\" decoding=\"async\" width=\"1024\" height=\"768\" src=\"https:\/\/www.lab.eus\/wp-content\/uploads\/2022\/05\/20220501_123829-1024x768.jpg\" alt=\"\" data-id=\"46788\" data-link=\"https:\/\/www.lab.eus\/?attachment_id=46788\" class=\"wp-image-46788\" srcset=\"https:\/\/www.lab.eus\/wp-content\/uploads\/2022\/05\/20220501_123829-1024x768.jpg 1024w, https:\/\/www.lab.eus\/wp-content\/uploads\/2022\/05\/20220501_123829-300x225.jpg 300w, https:\/\/www.lab.eus\/wp-content\/uploads\/2022\/05\/20220501_123829-768x576.jpg 768w, https:\/\/www.lab.eus\/wp-content\/uploads\/2022\/05\/20220501_123829-1536x1152.jpg 1536w, https:\/\/www.lab.eus\/wp-content\/uploads\/2022\/05\/20220501_123829-150x113.jpg 150w, https:\/\/www.lab.eus\/wp-content\/uploads\/2022\/05\/20220501_123829-696x522.jpg 696w, https:\/\/www.lab.eus\/wp-content\/uploads\/2022\/05\/20220501_123829-1068x801.jpg 1068w, https:\/\/www.lab.eus\/wp-content\/uploads\/2022\/05\/20220501_123829-1920x1440.jpg 1920w, https:\/\/www.lab.eus\/wp-content\/uploads\/2022\/05\/20220501_123829-560x420.jpg 560w, https:\/\/www.lab.eus\/wp-content\/uploads\/2022\/05\/20220501_123829-80x60.jpg 80w, https:\/\/www.lab.eus\/wp-content\/uploads\/2022\/05\/20220501_123829-265x198.jpg 265w, https:\/\/www.lab.eus\/wp-content\/uploads\/2022\/05\/20220501_123829.jpg 2048w\" sizes=\"auto, (max-width: 1024px) 100vw, 1024px\" \/><\/figure><\/li><li class=\"blocks-gallery-item\"><figure><img loading=\"lazy\" decoding=\"async\" width=\"1024\" height=\"768\" src=\"https:\/\/www.lab.eus\/wp-content\/uploads\/2022\/05\/20220501_123826-1024x768.jpg\" alt=\"\" data-id=\"46790\" data-link=\"https:\/\/www.lab.eus\/?attachment_id=46790\" class=\"wp-image-46790\" srcset=\"https:\/\/www.lab.eus\/wp-content\/uploads\/2022\/05\/20220501_123826-1024x768.jpg 1024w, https:\/\/www.lab.eus\/wp-content\/uploads\/2022\/05\/20220501_123826-300x225.jpg 300w, https:\/\/www.lab.eus\/wp-content\/uploads\/2022\/05\/20220501_123826-768x576.jpg 768w, https:\/\/www.lab.eus\/wp-content\/uploads\/2022\/05\/20220501_123826-1536x1152.jpg 1536w, https:\/\/www.lab.eus\/wp-content\/uploads\/2022\/05\/20220501_123826-150x113.jpg 150w, https:\/\/www.lab.eus\/wp-content\/uploads\/2022\/05\/20220501_123826-696x522.jpg 696w, https:\/\/www.lab.eus\/wp-content\/uploads\/2022\/05\/20220501_123826-1068x801.jpg 1068w, https:\/\/www.lab.eus\/wp-content\/uploads\/2022\/05\/20220501_123826-1920x1440.jpg 1920w, https:\/\/www.lab.eus\/wp-content\/uploads\/2022\/05\/20220501_123826-560x420.jpg 560w, https:\/\/www.lab.eus\/wp-content\/uploads\/2022\/05\/20220501_123826-80x60.jpg 80w, https:\/\/www.lab.eus\/wp-content\/uploads\/2022\/05\/20220501_123826-265x198.jpg 265w, https:\/\/www.lab.eus\/wp-content\/uploads\/2022\/05\/20220501_123826.jpg 2048w\" sizes=\"auto, (max-width: 1024px) 100vw, 1024px\" \/><\/figure><\/li><li class=\"blocks-gallery-item\"><figure><img loading=\"lazy\" decoding=\"async\" width=\"1024\" height=\"768\" src=\"https:\/\/www.lab.eus\/wp-content\/uploads\/2022\/05\/20220501_123814-1024x768.jpg\" alt=\"\" data-id=\"46792\" data-link=\"https:\/\/www.lab.eus\/?attachment_id=46792\" class=\"wp-image-46792\" srcset=\"https:\/\/www.lab.eus\/wp-content\/uploads\/2022\/05\/20220501_123814-1024x768.jpg 1024w, https:\/\/www.lab.eus\/wp-content\/uploads\/2022\/05\/20220501_123814-300x225.jpg 300w, https:\/\/www.lab.eus\/wp-content\/uploads\/2022\/05\/20220501_123814-768x576.jpg 768w, https:\/\/www.lab.eus\/wp-content\/uploads\/2022\/05\/20220501_123814-1536x1152.jpg 1536w, https:\/\/www.lab.eus\/wp-content\/uploads\/2022\/05\/20220501_123814-150x113.jpg 150w, https:\/\/www.lab.eus\/wp-content\/uploads\/2022\/05\/20220501_123814-696x522.jpg 696w, https:\/\/www.lab.eus\/wp-content\/uploads\/2022\/05\/20220501_123814-1068x801.jpg 1068w, https:\/\/www.lab.eus\/wp-content\/uploads\/2022\/05\/20220501_123814-1920x1440.jpg 1920w, https:\/\/www.lab.eus\/wp-content\/uploads\/2022\/05\/20220501_123814-560x420.jpg 560w, https:\/\/www.lab.eus\/wp-content\/uploads\/2022\/05\/20220501_123814-80x60.jpg 80w, https:\/\/www.lab.eus\/wp-content\/uploads\/2022\/05\/20220501_123814-265x198.jpg 265w, https:\/\/www.lab.eus\/wp-content\/uploads\/2022\/05\/20220501_123814.jpg 2048w\" sizes=\"auto, (max-width: 1024px) 100vw, 1024px\" \/><\/figure><\/li><li class=\"blocks-gallery-item\"><figure><img loading=\"lazy\" decoding=\"async\" width=\"1024\" height=\"768\" src=\"https:\/\/www.lab.eus\/wp-content\/uploads\/2022\/05\/20220501_123811-1024x768.jpg\" alt=\"\" data-id=\"46794\" data-link=\"https:\/\/www.lab.eus\/?attachment_id=46794\" class=\"wp-image-46794\" srcset=\"https:\/\/www.lab.eus\/wp-content\/uploads\/2022\/05\/20220501_123811-1024x768.jpg 1024w, https:\/\/www.lab.eus\/wp-content\/uploads\/2022\/05\/20220501_123811-300x225.jpg 300w, https:\/\/www.lab.eus\/wp-content\/uploads\/2022\/05\/20220501_123811-768x576.jpg 768w, https:\/\/www.lab.eus\/wp-content\/uploads\/2022\/05\/20220501_123811-1536x1152.jpg 1536w, https:\/\/www.lab.eus\/wp-content\/uploads\/2022\/05\/20220501_123811-150x113.jpg 150w, https:\/\/www.lab.eus\/wp-content\/uploads\/2022\/05\/20220501_123811-696x522.jpg 696w, https:\/\/www.lab.eus\/wp-content\/uploads\/2022\/05\/20220501_123811-1068x801.jpg 1068w, https:\/\/www.lab.eus\/wp-content\/uploads\/2022\/05\/20220501_123811-1920x1440.jpg 1920w, https:\/\/www.lab.eus\/wp-content\/uploads\/2022\/05\/20220501_123811-560x420.jpg 560w, https:\/\/www.lab.eus\/wp-content\/uploads\/2022\/05\/20220501_123811-80x60.jpg 80w, https:\/\/www.lab.eus\/wp-content\/uploads\/2022\/05\/20220501_123811-265x198.jpg 265w, https:\/\/www.lab.eus\/wp-content\/uploads\/2022\/05\/20220501_123811.jpg 2048w\" sizes=\"auto, (max-width: 1024px) 100vw, 1024px\" \/><\/figure><\/li><li class=\"blocks-gallery-item\"><figure><img loading=\"lazy\" decoding=\"async\" width=\"1024\" height=\"768\" src=\"https:\/\/www.lab.eus\/wp-content\/uploads\/2022\/05\/20220501_123807-1024x768.jpg\" alt=\"\" data-id=\"46796\" data-link=\"https:\/\/www.lab.eus\/?attachment_id=46796\" class=\"wp-image-46796\" srcset=\"https:\/\/www.lab.eus\/wp-content\/uploads\/2022\/05\/20220501_123807-1024x768.jpg 1024w, https:\/\/www.lab.eus\/wp-content\/uploads\/2022\/05\/20220501_123807-300x225.jpg 300w, https:\/\/www.lab.eus\/wp-content\/uploads\/2022\/05\/20220501_123807-768x576.jpg 768w, https:\/\/www.lab.eus\/wp-content\/uploads\/2022\/05\/20220501_123807-1536x1152.jpg 1536w, https:\/\/www.lab.eus\/wp-content\/uploads\/2022\/05\/20220501_123807-150x113.jpg 150w, https:\/\/www.lab.eus\/wp-content\/uploads\/2022\/05\/20220501_123807-696x522.jpg 696w, https:\/\/www.lab.eus\/wp-content\/uploads\/2022\/05\/20220501_123807-1068x801.jpg 1068w, https:\/\/www.lab.eus\/wp-content\/uploads\/2022\/05\/20220501_123807-1920x1440.jpg 1920w, https:\/\/www.lab.eus\/wp-content\/uploads\/2022\/05\/20220501_123807-560x420.jpg 560w, https:\/\/www.lab.eus\/wp-content\/uploads\/2022\/05\/20220501_123807-80x60.jpg 80w, https:\/\/www.lab.eus\/wp-content\/uploads\/2022\/05\/20220501_123807-265x198.jpg 265w, https:\/\/www.lab.eus\/wp-content\/uploads\/2022\/05\/20220501_123807.jpg 2048w\" sizes=\"auto, (max-width: 1024px) 100vw, 1024px\" \/><\/figure><\/li><li class=\"blocks-gallery-item\"><figure><img loading=\"lazy\" decoding=\"async\" width=\"768\" height=\"1024\" src=\"https:\/\/www.lab.eus\/wp-content\/uploads\/2022\/05\/20220501_123724-768x1024.jpg\" alt=\"\" data-id=\"46798\" data-link=\"https:\/\/www.lab.eus\/?attachment_id=46798\" class=\"wp-image-46798\" srcset=\"https:\/\/www.lab.eus\/wp-content\/uploads\/2022\/05\/20220501_123724-768x1024.jpg 768w, https:\/\/www.lab.eus\/wp-content\/uploads\/2022\/05\/20220501_123724-225x300.jpg 225w, https:\/\/www.lab.eus\/wp-content\/uploads\/2022\/05\/20220501_123724-1152x1536.jpg 1152w, https:\/\/www.lab.eus\/wp-content\/uploads\/2022\/05\/20220501_123724-150x200.jpg 150w, https:\/\/www.lab.eus\/wp-content\/uploads\/2022\/05\/20220501_123724-300x400.jpg 300w, https:\/\/www.lab.eus\/wp-content\/uploads\/2022\/05\/20220501_123724-696x928.jpg 696w, https:\/\/www.lab.eus\/wp-content\/uploads\/2022\/05\/20220501_123724-1068x1424.jpg 1068w, https:\/\/www.lab.eus\/wp-content\/uploads\/2022\/05\/20220501_123724-315x420.jpg 315w, https:\/\/www.lab.eus\/wp-content\/uploads\/2022\/05\/20220501_123724.jpg 1536w\" sizes=\"auto, (max-width: 768px) 100vw, 768px\" \/><\/figure><\/li><li class=\"blocks-gallery-item\"><figure><img loading=\"lazy\" decoding=\"async\" width=\"768\" height=\"1024\" src=\"https:\/\/www.lab.eus\/wp-content\/uploads\/2022\/05\/20220501_123720-768x1024.jpg\" alt=\"\" data-id=\"46800\" data-link=\"https:\/\/www.lab.eus\/?attachment_id=46800\" class=\"wp-image-46800\" srcset=\"https:\/\/www.lab.eus\/wp-content\/uploads\/2022\/05\/20220501_123720-768x1024.jpg 768w, https:\/\/www.lab.eus\/wp-content\/uploads\/2022\/05\/20220501_123720-225x300.jpg 225w, https:\/\/www.lab.eus\/wp-content\/uploads\/2022\/05\/20220501_123720-1152x1536.jpg 1152w, https:\/\/www.lab.eus\/wp-content\/uploads\/2022\/05\/20220501_123720-150x200.jpg 150w, https:\/\/www.lab.eus\/wp-content\/uploads\/2022\/05\/20220501_123720-300x400.jpg 300w, https:\/\/www.lab.eus\/wp-content\/uploads\/2022\/05\/20220501_123720-696x928.jpg 696w, https:\/\/www.lab.eus\/wp-content\/uploads\/2022\/05\/20220501_123720-1068x1424.jpg 1068w, https:\/\/www.lab.eus\/wp-content\/uploads\/2022\/05\/20220501_123720-315x420.jpg 315w, https:\/\/www.lab.eus\/wp-content\/uploads\/2022\/05\/20220501_123720.jpg 1536w\" sizes=\"auto, (max-width: 768px) 100vw, 768px\" \/><\/figure><\/li><li class=\"blocks-gallery-item\"><figure><img loading=\"lazy\" decoding=\"async\" width=\"1024\" height=\"768\" src=\"https:\/\/www.lab.eus\/wp-content\/uploads\/2022\/05\/20220501_123716-1024x768.jpg\" alt=\"\" data-id=\"46802\" data-link=\"https:\/\/www.lab.eus\/?attachment_id=46802\" class=\"wp-image-46802\" srcset=\"https:\/\/www.lab.eus\/wp-content\/uploads\/2022\/05\/20220501_123716-1024x768.jpg 1024w, https:\/\/www.lab.eus\/wp-content\/uploads\/2022\/05\/20220501_123716-300x225.jpg 300w, https:\/\/www.lab.eus\/wp-content\/uploads\/2022\/05\/20220501_123716-768x576.jpg 768w, https:\/\/www.lab.eus\/wp-content\/uploads\/2022\/05\/20220501_123716-1536x1152.jpg 1536w, https:\/\/www.lab.eus\/wp-content\/uploads\/2022\/05\/20220501_123716-150x113.jpg 150w, https:\/\/www.lab.eus\/wp-content\/uploads\/2022\/05\/20220501_123716-696x522.jpg 696w, https:\/\/www.lab.eus\/wp-content\/uploads\/2022\/05\/20220501_123716-1068x801.jpg 1068w, https:\/\/www.lab.eus\/wp-content\/uploads\/2022\/05\/20220501_123716-1920x1440.jpg 1920w, https:\/\/www.lab.eus\/wp-content\/uploads\/2022\/05\/20220501_123716-560x420.jpg 560w, https:\/\/www.lab.eus\/wp-content\/uploads\/2022\/05\/20220501_123716-80x60.jpg 80w, https:\/\/www.lab.eus\/wp-content\/uploads\/2022\/05\/20220501_123716-265x198.jpg 265w, https:\/\/www.lab.eus\/wp-content\/uploads\/2022\/05\/20220501_123716.jpg 2048w\" sizes=\"auto, (max-width: 1024px) 100vw, 1024px\" \/><\/figure><\/li><li class=\"blocks-gallery-item\"><figure><img loading=\"lazy\" decoding=\"async\" width=\"1024\" height=\"768\" src=\"https:\/\/www.lab.eus\/wp-content\/uploads\/2022\/05\/IMG_20220501_123401_278-1024x768.jpg\" alt=\"\" data-id=\"46804\" data-link=\"https:\/\/www.lab.eus\/?attachment_id=46804\" class=\"wp-image-46804\" srcset=\"https:\/\/www.lab.eus\/wp-content\/uploads\/2022\/05\/IMG_20220501_123401_278-1024x768.jpg 1024w, https:\/\/www.lab.eus\/wp-content\/uploads\/2022\/05\/IMG_20220501_123401_278-300x225.jpg 300w, https:\/\/www.lab.eus\/wp-content\/uploads\/2022\/05\/IMG_20220501_123401_278-768x576.jpg 768w, https:\/\/www.lab.eus\/wp-content\/uploads\/2022\/05\/IMG_20220501_123401_278-150x113.jpg 150w, https:\/\/www.lab.eus\/wp-content\/uploads\/2022\/05\/IMG_20220501_123401_278-696x522.jpg 696w, https:\/\/www.lab.eus\/wp-content\/uploads\/2022\/05\/IMG_20220501_123401_278-1068x801.jpg 1068w, https:\/\/www.lab.eus\/wp-content\/uploads\/2022\/05\/IMG_20220501_123401_278-560x420.jpg 560w, https:\/\/www.lab.eus\/wp-content\/uploads\/2022\/05\/IMG_20220501_123401_278-80x60.jpg 80w, https:\/\/www.lab.eus\/wp-content\/uploads\/2022\/05\/IMG_20220501_123401_278-265x198.jpg 265w, https:\/\/www.lab.eus\/wp-content\/uploads\/2022\/05\/IMG_20220501_123401_278.jpg 1280w\" sizes=\"auto, (max-width: 1024px) 100vw, 1024px\" \/><\/figure><\/li><li class=\"blocks-gallery-item\"><figure><img loading=\"lazy\" decoding=\"async\" width=\"1024\" height=\"768\" src=\"https:\/\/www.lab.eus\/wp-content\/uploads\/2022\/05\/IMG_20220501_123356_174-1024x768.jpg\" alt=\"\" data-id=\"46806\" data-link=\"https:\/\/www.lab.eus\/?attachment_id=46806\" class=\"wp-image-46806\" srcset=\"https:\/\/www.lab.eus\/wp-content\/uploads\/2022\/05\/IMG_20220501_123356_174-1024x768.jpg 1024w, https:\/\/www.lab.eus\/wp-content\/uploads\/2022\/05\/IMG_20220501_123356_174-300x225.jpg 300w, https:\/\/www.lab.eus\/wp-content\/uploads\/2022\/05\/IMG_20220501_123356_174-768x576.jpg 768w, https:\/\/www.lab.eus\/wp-content\/uploads\/2022\/05\/IMG_20220501_123356_174-150x113.jpg 150w, https:\/\/www.lab.eus\/wp-content\/uploads\/2022\/05\/IMG_20220501_123356_174-696x522.jpg 696w, https:\/\/www.lab.eus\/wp-content\/uploads\/2022\/05\/IMG_20220501_123356_174-1068x801.jpg 1068w, https:\/\/www.lab.eus\/wp-content\/uploads\/2022\/05\/IMG_20220501_123356_174-560x420.jpg 560w, https:\/\/www.lab.eus\/wp-content\/uploads\/2022\/05\/IMG_20220501_123356_174-80x60.jpg 80w, https:\/\/www.lab.eus\/wp-content\/uploads\/2022\/05\/IMG_20220501_123356_174-265x198.jpg 265w, https:\/\/www.lab.eus\/wp-content\/uploads\/2022\/05\/IMG_20220501_123356_174.jpg 1280w\" sizes=\"auto, (max-width: 1024px) 100vw, 1024px\" \/><\/figure><\/li><li class=\"blocks-gallery-item\"><figure><img loading=\"lazy\" decoding=\"async\" width=\"1024\" height=\"768\" src=\"https:\/\/www.lab.eus\/wp-content\/uploads\/2022\/05\/IMG_20220501_123350_006-1024x768.jpg\" alt=\"\" data-id=\"46808\" data-link=\"https:\/\/www.lab.eus\/?attachment_id=46808\" class=\"wp-image-46808\" srcset=\"https:\/\/www.lab.eus\/wp-content\/uploads\/2022\/05\/IMG_20220501_123350_006-1024x768.jpg 1024w, https:\/\/www.lab.eus\/wp-content\/uploads\/2022\/05\/IMG_20220501_123350_006-300x225.jpg 300w, https:\/\/www.lab.eus\/wp-content\/uploads\/2022\/05\/IMG_20220501_123350_006-768x576.jpg 768w, https:\/\/www.lab.eus\/wp-content\/uploads\/2022\/05\/IMG_20220501_123350_006-150x113.jpg 150w, https:\/\/www.lab.eus\/wp-content\/uploads\/2022\/05\/IMG_20220501_123350_006-696x522.jpg 696w, https:\/\/www.lab.eus\/wp-content\/uploads\/2022\/05\/IMG_20220501_123350_006-1068x801.jpg 1068w, https:\/\/www.lab.eus\/wp-content\/uploads\/2022\/05\/IMG_20220501_123350_006-560x420.jpg 560w, https:\/\/www.lab.eus\/wp-content\/uploads\/2022\/05\/IMG_20220501_123350_006-80x60.jpg 80w, https:\/\/www.lab.eus\/wp-content\/uploads\/2022\/05\/IMG_20220501_123350_006-265x198.jpg 265w, https:\/\/www.lab.eus\/wp-content\/uploads\/2022\/05\/IMG_20220501_123350_006.jpg 1280w\" sizes=\"auto, (max-width: 1024px) 100vw, 1024px\" \/><\/figure><\/li><li class=\"blocks-gallery-item\"><figure><img loading=\"lazy\" decoding=\"async\" width=\"1024\" height=\"768\" src=\"https:\/\/www.lab.eus\/wp-content\/uploads\/2022\/05\/IMG_20220501_123339_101-1024x768.jpg\" alt=\"\" data-id=\"46810\" data-link=\"https:\/\/www.lab.eus\/?attachment_id=46810\" class=\"wp-image-46810\" srcset=\"https:\/\/www.lab.eus\/wp-content\/uploads\/2022\/05\/IMG_20220501_123339_101-1024x768.jpg 1024w, https:\/\/www.lab.eus\/wp-content\/uploads\/2022\/05\/IMG_20220501_123339_101-300x225.jpg 300w, https:\/\/www.lab.eus\/wp-content\/uploads\/2022\/05\/IMG_20220501_123339_101-768x576.jpg 768w, https:\/\/www.lab.eus\/wp-content\/uploads\/2022\/05\/IMG_20220501_123339_101-150x113.jpg 150w, https:\/\/www.lab.eus\/wp-content\/uploads\/2022\/05\/IMG_20220501_123339_101-696x522.jpg 696w, https:\/\/www.lab.eus\/wp-content\/uploads\/2022\/05\/IMG_20220501_123339_101-1068x801.jpg 1068w, https:\/\/www.lab.eus\/wp-content\/uploads\/2022\/05\/IMG_20220501_123339_101-560x420.jpg 560w, https:\/\/www.lab.eus\/wp-content\/uploads\/2022\/05\/IMG_20220501_123339_101-80x60.jpg 80w, https:\/\/www.lab.eus\/wp-content\/uploads\/2022\/05\/IMG_20220501_123339_101-265x198.jpg 265w, https:\/\/www.lab.eus\/wp-content\/uploads\/2022\/05\/IMG_20220501_123339_101.jpg 1280w\" sizes=\"auto, (max-width: 1024px) 100vw, 1024px\" \/><\/figure><\/li><li class=\"blocks-gallery-item\"><figure><img loading=\"lazy\" decoding=\"async\" width=\"1024\" height=\"576\" src=\"https:\/\/www.lab.eus\/wp-content\/uploads\/2022\/05\/IMG_20220501_122501_549-1024x576.jpg\" alt=\"\" data-id=\"46812\" data-link=\"https:\/\/www.lab.eus\/?attachment_id=46812\" class=\"wp-image-46812\" srcset=\"https:\/\/www.lab.eus\/wp-content\/uploads\/2022\/05\/IMG_20220501_122501_549-1024x576.jpg 1024w, https:\/\/www.lab.eus\/wp-content\/uploads\/2022\/05\/IMG_20220501_122501_549-300x169.jpg 300w, https:\/\/www.lab.eus\/wp-content\/uploads\/2022\/05\/IMG_20220501_122501_549-768x432.jpg 768w, https:\/\/www.lab.eus\/wp-content\/uploads\/2022\/05\/IMG_20220501_122501_549-150x84.jpg 150w, https:\/\/www.lab.eus\/wp-content\/uploads\/2022\/05\/IMG_20220501_122501_549-696x392.jpg 696w, https:\/\/www.lab.eus\/wp-content\/uploads\/2022\/05\/IMG_20220501_122501_549-1068x601.jpg 1068w, https:\/\/www.lab.eus\/wp-content\/uploads\/2022\/05\/IMG_20220501_122501_549-747x420.jpg 747w, https:\/\/www.lab.eus\/wp-content\/uploads\/2022\/05\/IMG_20220501_122501_549.jpg 1280w\" sizes=\"auto, (max-width: 1024px) 100vw, 1024px\" \/><\/figure><\/li><li class=\"blocks-gallery-item\"><figure><img loading=\"lazy\" decoding=\"async\" width=\"1024\" height=\"811\" src=\"https:\/\/www.lab.eus\/wp-content\/uploads\/2022\/05\/IMG_20220501_122308_820-1024x811.jpg\" alt=\"\" data-id=\"46814\" data-link=\"https:\/\/www.lab.eus\/?attachment_id=46814\" class=\"wp-image-46814\" srcset=\"https:\/\/www.lab.eus\/wp-content\/uploads\/2022\/05\/IMG_20220501_122308_820-1024x811.jpg 1024w, https:\/\/www.lab.eus\/wp-content\/uploads\/2022\/05\/IMG_20220501_122308_820-300x238.jpg 300w, https:\/\/www.lab.eus\/wp-content\/uploads\/2022\/05\/IMG_20220501_122308_820-768x608.jpg 768w, https:\/\/www.lab.eus\/wp-content\/uploads\/2022\/05\/IMG_20220501_122308_820-150x119.jpg 150w, https:\/\/www.lab.eus\/wp-content\/uploads\/2022\/05\/IMG_20220501_122308_820-696x551.jpg 696w, https:\/\/www.lab.eus\/wp-content\/uploads\/2022\/05\/IMG_20220501_122308_820-1068x846.jpg 1068w, https:\/\/www.lab.eus\/wp-content\/uploads\/2022\/05\/IMG_20220501_122308_820-530x420.jpg 530w, https:\/\/www.lab.eus\/wp-content\/uploads\/2022\/05\/IMG_20220501_122308_820.jpg 1280w\" sizes=\"auto, (max-width: 1024px) 100vw, 1024px\" \/><\/figure><\/li><li class=\"blocks-gallery-item\"><figure><img loading=\"lazy\" decoding=\"async\" width=\"1024\" height=\"769\" src=\"https:\/\/www.lab.eus\/wp-content\/uploads\/2022\/05\/IMG_20220501_115554_393-1024x769.jpg\" alt=\"\" data-id=\"46816\" data-link=\"https:\/\/www.lab.eus\/?attachment_id=46816\" class=\"wp-image-46816\" srcset=\"https:\/\/www.lab.eus\/wp-content\/uploads\/2022\/05\/IMG_20220501_115554_393-1024x769.jpg 1024w, https:\/\/www.lab.eus\/wp-content\/uploads\/2022\/05\/IMG_20220501_115554_393-300x225.jpg 300w, https:\/\/www.lab.eus\/wp-content\/uploads\/2022\/05\/IMG_20220501_115554_393-768x577.jpg 768w, https:\/\/www.lab.eus\/wp-content\/uploads\/2022\/05\/IMG_20220501_115554_393-150x113.jpg 150w, https:\/\/www.lab.eus\/wp-content\/uploads\/2022\/05\/IMG_20220501_115554_393-696x523.jpg 696w, https:\/\/www.lab.eus\/wp-content\/uploads\/2022\/05\/IMG_20220501_115554_393-1068x802.jpg 1068w, https:\/\/www.lab.eus\/wp-content\/uploads\/2022\/05\/IMG_20220501_115554_393-559x420.jpg 559w, https:\/\/www.lab.eus\/wp-content\/uploads\/2022\/05\/IMG_20220501_115554_393-80x60.jpg 80w, https:\/\/www.lab.eus\/wp-content\/uploads\/2022\/05\/IMG_20220501_115554_393-265x198.jpg 265w, https:\/\/www.lab.eus\/wp-content\/uploads\/2022\/05\/IMG_20220501_115554_393.jpg 1280w\" sizes=\"auto, (max-width: 1024px) 100vw, 1024px\" \/><\/figure><\/li><li class=\"blocks-gallery-item\"><figure><img loading=\"lazy\" decoding=\"async\" width=\"1024\" height=\"730\" src=\"https:\/\/www.lab.eus\/wp-content\/uploads\/2022\/05\/IMG_20220501_115332_455-1024x730.jpg\" alt=\"\" data-id=\"46818\" data-link=\"https:\/\/www.lab.eus\/?attachment_id=46818\" class=\"wp-image-46818\" srcset=\"https:\/\/www.lab.eus\/wp-content\/uploads\/2022\/05\/IMG_20220501_115332_455-1024x730.jpg 1024w, https:\/\/www.lab.eus\/wp-content\/uploads\/2022\/05\/IMG_20220501_115332_455-300x214.jpg 300w, https:\/\/www.lab.eus\/wp-content\/uploads\/2022\/05\/IMG_20220501_115332_455-768x548.jpg 768w, https:\/\/www.lab.eus\/wp-content\/uploads\/2022\/05\/IMG_20220501_115332_455-150x107.jpg 150w, https:\/\/www.lab.eus\/wp-content\/uploads\/2022\/05\/IMG_20220501_115332_455-696x496.jpg 696w, https:\/\/www.lab.eus\/wp-content\/uploads\/2022\/05\/IMG_20220501_115332_455-1068x762.jpg 1068w, https:\/\/www.lab.eus\/wp-content\/uploads\/2022\/05\/IMG_20220501_115332_455-589x420.jpg 589w, https:\/\/www.lab.eus\/wp-content\/uploads\/2022\/05\/IMG_20220501_115332_455-100x70.jpg 100w, https:\/\/www.lab.eus\/wp-content\/uploads\/2022\/05\/IMG_20220501_115332_455.jpg 1280w\" sizes=\"auto, (max-width: 1024px) 100vw, 1024px\" \/><\/figure><\/li><li class=\"blocks-gallery-item\"><figure><img loading=\"lazy\" decoding=\"async\" width=\"1024\" height=\"517\" src=\"https:\/\/www.lab.eus\/wp-content\/uploads\/2022\/05\/IMG_20220501_113801_014-1024x517.jpg\" alt=\"\" data-id=\"46820\" data-link=\"https:\/\/www.lab.eus\/?attachment_id=46820\" class=\"wp-image-46820\" srcset=\"https:\/\/www.lab.eus\/wp-content\/uploads\/2022\/05\/IMG_20220501_113801_014-1024x517.jpg 1024w, https:\/\/www.lab.eus\/wp-content\/uploads\/2022\/05\/IMG_20220501_113801_014-300x151.jpg 300w, https:\/\/www.lab.eus\/wp-content\/uploads\/2022\/05\/IMG_20220501_113801_014-768x388.jpg 768w, https:\/\/www.lab.eus\/wp-content\/uploads\/2022\/05\/IMG_20220501_113801_014-150x76.jpg 150w, https:\/\/www.lab.eus\/wp-content\/uploads\/2022\/05\/IMG_20220501_113801_014-696x351.jpg 696w, https:\/\/www.lab.eus\/wp-content\/uploads\/2022\/05\/IMG_20220501_113801_014-1068x539.jpg 1068w, https:\/\/www.lab.eus\/wp-content\/uploads\/2022\/05\/IMG_20220501_113801_014-832x420.jpg 832w, https:\/\/www.lab.eus\/wp-content\/uploads\/2022\/05\/IMG_20220501_113801_014.jpg 1280w\" sizes=\"auto, (max-width: 1024px) 100vw, 1024px\" \/><\/figure><\/li><li class=\"blocks-gallery-item\"><figure><img loading=\"lazy\" decoding=\"async\" width=\"1024\" height=\"769\" src=\"https:\/\/www.lab.eus\/wp-content\/uploads\/2022\/05\/IMG_20220501_112328_455-1024x769.jpg\" alt=\"\" data-id=\"46822\" data-link=\"https:\/\/www.lab.eus\/?attachment_id=46822\" class=\"wp-image-46822\" srcset=\"https:\/\/www.lab.eus\/wp-content\/uploads\/2022\/05\/IMG_20220501_112328_455-1024x769.jpg 1024w, https:\/\/www.lab.eus\/wp-content\/uploads\/2022\/05\/IMG_20220501_112328_455-300x225.jpg 300w, https:\/\/www.lab.eus\/wp-content\/uploads\/2022\/05\/IMG_20220501_112328_455-768x577.jpg 768w, https:\/\/www.lab.eus\/wp-content\/uploads\/2022\/05\/IMG_20220501_112328_455-150x113.jpg 150w, https:\/\/www.lab.eus\/wp-content\/uploads\/2022\/05\/IMG_20220501_112328_455-696x523.jpg 696w, https:\/\/www.lab.eus\/wp-content\/uploads\/2022\/05\/IMG_20220501_112328_455-1068x802.jpg 1068w, https:\/\/www.lab.eus\/wp-content\/uploads\/2022\/05\/IMG_20220501_112328_455-559x420.jpg 559w, https:\/\/www.lab.eus\/wp-content\/uploads\/2022\/05\/IMG_20220501_112328_455-80x60.jpg 80w, https:\/\/www.lab.eus\/wp-content\/uploads\/2022\/05\/IMG_20220501_112328_455-265x198.jpg 265w, https:\/\/www.lab.eus\/wp-content\/uploads\/2022\/05\/IMG_20220501_112328_455.jpg 1280w\" sizes=\"auto, (max-width: 1024px) 100vw, 1024px\" \/><\/figure><\/li><li class=\"blocks-gallery-item\"><figure><img loading=\"lazy\" decoding=\"async\" width=\"1024\" height=\"769\" src=\"https:\/\/www.lab.eus\/wp-content\/uploads\/2022\/05\/IMG_20220501_112229_921-1024x769.jpg\" alt=\"\" data-id=\"46824\" data-link=\"https:\/\/www.lab.eus\/?attachment_id=46824\" class=\"wp-image-46824\" srcset=\"https:\/\/www.lab.eus\/wp-content\/uploads\/2022\/05\/IMG_20220501_112229_921-1024x769.jpg 1024w, https:\/\/www.lab.eus\/wp-content\/uploads\/2022\/05\/IMG_20220501_112229_921-300x225.jpg 300w, https:\/\/www.lab.eus\/wp-content\/uploads\/2022\/05\/IMG_20220501_112229_921-768x577.jpg 768w, https:\/\/www.lab.eus\/wp-content\/uploads\/2022\/05\/IMG_20220501_112229_921-150x113.jpg 150w, https:\/\/www.lab.eus\/wp-content\/uploads\/2022\/05\/IMG_20220501_112229_921-696x523.jpg 696w, https:\/\/www.lab.eus\/wp-content\/uploads\/2022\/05\/IMG_20220501_112229_921-1068x802.jpg 1068w, https:\/\/www.lab.eus\/wp-content\/uploads\/2022\/05\/IMG_20220501_112229_921-559x420.jpg 559w, https:\/\/www.lab.eus\/wp-content\/uploads\/2022\/05\/IMG_20220501_112229_921-80x60.jpg 80w, https:\/\/www.lab.eus\/wp-content\/uploads\/2022\/05\/IMG_20220501_112229_921-265x198.jpg 265w, https:\/\/www.lab.eus\/wp-content\/uploads\/2022\/05\/IMG_20220501_112229_921.jpg 1280w\" sizes=\"auto, (max-width: 1024px) 100vw, 1024px\" \/><\/figure><\/li><li class=\"blocks-gallery-item\"><figure><img loading=\"lazy\" decoding=\"async\" width=\"1024\" height=\"436\" src=\"https:\/\/www.lab.eus\/wp-content\/uploads\/2022\/05\/IMG_20220501_111913_311-1024x436.jpg\" alt=\"\" data-id=\"46826\" data-link=\"https:\/\/www.lab.eus\/?attachment_id=46826\" class=\"wp-image-46826\" srcset=\"https:\/\/www.lab.eus\/wp-content\/uploads\/2022\/05\/IMG_20220501_111913_311-1024x436.jpg 1024w, https:\/\/www.lab.eus\/wp-content\/uploads\/2022\/05\/IMG_20220501_111913_311-300x128.jpg 300w, https:\/\/www.lab.eus\/wp-content\/uploads\/2022\/05\/IMG_20220501_111913_311-768x327.jpg 768w, https:\/\/www.lab.eus\/wp-content\/uploads\/2022\/05\/IMG_20220501_111913_311-150x64.jpg 150w, https:\/\/www.lab.eus\/wp-content\/uploads\/2022\/05\/IMG_20220501_111913_311-696x296.jpg 696w, https:\/\/www.lab.eus\/wp-content\/uploads\/2022\/05\/IMG_20220501_111913_311-1068x455.jpg 1068w, https:\/\/www.lab.eus\/wp-content\/uploads\/2022\/05\/IMG_20220501_111913_311-986x420.jpg 986w, https:\/\/www.lab.eus\/wp-content\/uploads\/2022\/05\/IMG_20220501_111913_311.jpg 1280w\" sizes=\"auto, (max-width: 1024px) 100vw, 1024px\" \/><\/figure><\/li><li class=\"blocks-gallery-item\"><figure><img loading=\"lazy\" decoding=\"async\" width=\"1024\" height=\"768\" src=\"https:\/\/www.lab.eus\/wp-content\/uploads\/2022\/05\/20220501_130414-1024x768.jpg\" alt=\"\" data-id=\"46833\" data-link=\"https:\/\/www.lab.eus\/hego-zein-ipar-euskal-herrian-mobilizatu-gara-maiatzaren-lehenaren-etorrerarekin-zaintza-lanak-enplegua-eta-aberastasuna-banatzeko-aldarria-ardatz\/20220501_130414\/\" class=\"wp-image-46833\" srcset=\"https:\/\/www.lab.eus\/wp-content\/uploads\/2022\/05\/20220501_130414-1024x768.jpg 1024w, https:\/\/www.lab.eus\/wp-content\/uploads\/2022\/05\/20220501_130414-300x225.jpg 300w, https:\/\/www.lab.eus\/wp-content\/uploads\/2022\/05\/20220501_130414-768x576.jpg 768w, https:\/\/www.lab.eus\/wp-content\/uploads\/2022\/05\/20220501_130414-1536x1152.jpg 1536w, https:\/\/www.lab.eus\/wp-content\/uploads\/2022\/05\/20220501_130414-150x113.jpg 150w, https:\/\/www.lab.eus\/wp-content\/uploads\/2022\/05\/20220501_130414-696x522.jpg 696w, https:\/\/www.lab.eus\/wp-content\/uploads\/2022\/05\/20220501_130414-1068x801.jpg 1068w, https:\/\/www.lab.eus\/wp-content\/uploads\/2022\/05\/20220501_130414-1920x1440.jpg 1920w, https:\/\/www.lab.eus\/wp-content\/uploads\/2022\/05\/20220501_130414-560x420.jpg 560w, https:\/\/www.lab.eus\/wp-content\/uploads\/2022\/05\/20220501_130414-80x60.jpg 80w, https:\/\/www.lab.eus\/wp-content\/uploads\/2022\/05\/20220501_130414-265x198.jpg 265w, https:\/\/www.lab.eus\/wp-content\/uploads\/2022\/05\/20220501_130414.jpg 2048w\" sizes=\"auto, (max-width: 1024px) 100vw, 1024px\" \/><\/figure><\/li><li class=\"blocks-gallery-item\"><figure><img loading=\"lazy\" decoding=\"async\" width=\"1024\" height=\"768\" src=\"https:\/\/www.lab.eus\/wp-content\/uploads\/2022\/05\/20220501_130409-1024x768.jpg\" alt=\"\" data-id=\"46835\" data-link=\"https:\/\/www.lab.eus\/hego-zein-ipar-euskal-herrian-mobilizatu-gara-maiatzaren-lehenaren-etorrerarekin-zaintza-lanak-enplegua-eta-aberastasuna-banatzeko-aldarria-ardatz\/20220501_130409\/\" class=\"wp-image-46835\" srcset=\"https:\/\/www.lab.eus\/wp-content\/uploads\/2022\/05\/20220501_130409-1024x768.jpg 1024w, https:\/\/www.lab.eus\/wp-content\/uploads\/2022\/05\/20220501_130409-300x225.jpg 300w, https:\/\/www.lab.eus\/wp-content\/uploads\/2022\/05\/20220501_130409-768x576.jpg 768w, https:\/\/www.lab.eus\/wp-content\/uploads\/2022\/05\/20220501_130409-1536x1152.jpg 1536w, https:\/\/www.lab.eus\/wp-content\/uploads\/2022\/05\/20220501_130409-150x113.jpg 150w, https:\/\/www.lab.eus\/wp-content\/uploads\/2022\/05\/20220501_130409-696x522.jpg 696w, https:\/\/www.lab.eus\/wp-content\/uploads\/2022\/05\/20220501_130409-1068x801.jpg 1068w, https:\/\/www.lab.eus\/wp-content\/uploads\/2022\/05\/20220501_130409-1920x1440.jpg 1920w, https:\/\/www.lab.eus\/wp-content\/uploads\/2022\/05\/20220501_130409-560x420.jpg 560w, https:\/\/www.lab.eus\/wp-content\/uploads\/2022\/05\/20220501_130409-80x60.jpg 80w, https:\/\/www.lab.eus\/wp-content\/uploads\/2022\/05\/20220501_130409-265x198.jpg 265w, https:\/\/www.lab.eus\/wp-content\/uploads\/2022\/05\/20220501_130409.jpg 2048w\" sizes=\"auto, (max-width: 1024px) 100vw, 1024px\" \/><\/figure><\/li><li class=\"blocks-gallery-item\"><figure><img loading=\"lazy\" decoding=\"async\" width=\"1024\" height=\"1024\" src=\"https:\/\/www.lab.eus\/wp-content\/uploads\/2022\/05\/20220501_130339-1024x1024.jpg\" alt=\"\" data-id=\"46837\" data-link=\"https:\/\/www.lab.eus\/hego-zein-ipar-euskal-herrian-mobilizatu-gara-maiatzaren-lehenaren-etorrerarekin-zaintza-lanak-enplegua-eta-aberastasuna-banatzeko-aldarria-ardatz\/20220501_130339\/\" class=\"wp-image-46837\" srcset=\"https:\/\/www.lab.eus\/wp-content\/uploads\/2022\/05\/20220501_130339-1024x1024.jpg 1024w, https:\/\/www.lab.eus\/wp-content\/uploads\/2022\/05\/20220501_130339-300x300.jpg 300w, https:\/\/www.lab.eus\/wp-content\/uploads\/2022\/05\/20220501_130339-150x150.jpg 150w, https:\/\/www.lab.eus\/wp-content\/uploads\/2022\/05\/20220501_130339-768x768.jpg 768w, https:\/\/www.lab.eus\/wp-content\/uploads\/2022\/05\/20220501_130339-696x696.jpg 696w, https:\/\/www.lab.eus\/wp-content\/uploads\/2022\/05\/20220501_130339-1068x1068.jpg 1068w, https:\/\/www.lab.eus\/wp-content\/uploads\/2022\/05\/20220501_130339-420x420.jpg 420w, https:\/\/www.lab.eus\/wp-content\/uploads\/2022\/05\/20220501_130339.jpg 1280w\" sizes=\"auto, (max-width: 1024px) 100vw, 1024px\" \/><\/figure><\/li><li class=\"blocks-gallery-item\"><figure><img loading=\"lazy\" decoding=\"async\" width=\"1024\" height=\"1024\" src=\"https:\/\/www.lab.eus\/wp-content\/uploads\/2022\/05\/20220501_130336-1024x1024.jpg\" alt=\"\" data-id=\"46839\" data-link=\"https:\/\/www.lab.eus\/hego-zein-ipar-euskal-herrian-mobilizatu-gara-maiatzaren-lehenaren-etorrerarekin-zaintza-lanak-enplegua-eta-aberastasuna-banatzeko-aldarria-ardatz\/20220501_130336\/\" class=\"wp-image-46839\" srcset=\"https:\/\/www.lab.eus\/wp-content\/uploads\/2022\/05\/20220501_130336-1024x1024.jpg 1024w, https:\/\/www.lab.eus\/wp-content\/uploads\/2022\/05\/20220501_130336-300x300.jpg 300w, https:\/\/www.lab.eus\/wp-content\/uploads\/2022\/05\/20220501_130336-150x150.jpg 150w, https:\/\/www.lab.eus\/wp-content\/uploads\/2022\/05\/20220501_130336-768x768.jpg 768w, https:\/\/www.lab.eus\/wp-content\/uploads\/2022\/05\/20220501_130336-696x696.jpg 696w, https:\/\/www.lab.eus\/wp-content\/uploads\/2022\/05\/20220501_130336-1068x1068.jpg 1068w, https:\/\/www.lab.eus\/wp-content\/uploads\/2022\/05\/20220501_130336-420x420.jpg 420w, https:\/\/www.lab.eus\/wp-content\/uploads\/2022\/05\/20220501_130336.jpg 1280w\" sizes=\"auto, (max-width: 1024px) 100vw, 1024px\" \/><\/figure><\/li><li class=\"blocks-gallery-item\"><figure><img loading=\"lazy\" decoding=\"async\" width=\"1024\" height=\"1024\" src=\"https:\/\/www.lab.eus\/wp-content\/uploads\/2022\/05\/20220501_130332-1024x1024.jpg\" alt=\"\" data-id=\"46841\" data-link=\"https:\/\/www.lab.eus\/hego-zein-ipar-euskal-herrian-mobilizatu-gara-maiatzaren-lehenaren-etorrerarekin-zaintza-lanak-enplegua-eta-aberastasuna-banatzeko-aldarria-ardatz\/20220501_130332\/\" class=\"wp-image-46841\" srcset=\"https:\/\/www.lab.eus\/wp-content\/uploads\/2022\/05\/20220501_130332-1024x1024.jpg 1024w, https:\/\/www.lab.eus\/wp-content\/uploads\/2022\/05\/20220501_130332-300x300.jpg 300w, https:\/\/www.lab.eus\/wp-content\/uploads\/2022\/05\/20220501_130332-150x150.jpg 150w, https:\/\/www.lab.eus\/wp-content\/uploads\/2022\/05\/20220501_130332-768x768.jpg 768w, https:\/\/www.lab.eus\/wp-content\/uploads\/2022\/05\/20220501_130332-696x696.jpg 696w, https:\/\/www.lab.eus\/wp-content\/uploads\/2022\/05\/20220501_130332-1068x1068.jpg 1068w, https:\/\/www.lab.eus\/wp-content\/uploads\/2022\/05\/20220501_130332-420x420.jpg 420w, https:\/\/www.lab.eus\/wp-content\/uploads\/2022\/05\/20220501_130332.jpg 1280w\" sizes=\"auto, (max-width: 1024px) 100vw, 1024px\" \/><\/figure><\/li><li class=\"blocks-gallery-item\"><figure><img loading=\"lazy\" decoding=\"async\" width=\"1024\" height=\"768\" src=\"https:\/\/www.lab.eus\/wp-content\/uploads\/2022\/05\/20220501_130320-1024x768.jpg\" alt=\"\" data-id=\"46843\" data-link=\"https:\/\/www.lab.eus\/hego-zein-ipar-euskal-herrian-mobilizatu-gara-maiatzaren-lehenaren-etorrerarekin-zaintza-lanak-enplegua-eta-aberastasuna-banatzeko-aldarria-ardatz\/20220501_130320\/\" class=\"wp-image-46843\" srcset=\"https:\/\/www.lab.eus\/wp-content\/uploads\/2022\/05\/20220501_130320-1024x768.jpg 1024w, https:\/\/www.lab.eus\/wp-content\/uploads\/2022\/05\/20220501_130320-300x225.jpg 300w, https:\/\/www.lab.eus\/wp-content\/uploads\/2022\/05\/20220501_130320-768x576.jpg 768w, https:\/\/www.lab.eus\/wp-content\/uploads\/2022\/05\/20220501_130320-1536x1152.jpg 1536w, https:\/\/www.lab.eus\/wp-content\/uploads\/2022\/05\/20220501_130320-150x113.jpg 150w, https:\/\/www.lab.eus\/wp-content\/uploads\/2022\/05\/20220501_130320-696x522.jpg 696w, https:\/\/www.lab.eus\/wp-content\/uploads\/2022\/05\/20220501_130320-1068x801.jpg 1068w, https:\/\/www.lab.eus\/wp-content\/uploads\/2022\/05\/20220501_130320-1920x1440.jpg 1920w, https:\/\/www.lab.eus\/wp-content\/uploads\/2022\/05\/20220501_130320-560x420.jpg 560w, https:\/\/www.lab.eus\/wp-content\/uploads\/2022\/05\/20220501_130320-80x60.jpg 80w, https:\/\/www.lab.eus\/wp-content\/uploads\/2022\/05\/20220501_130320-265x198.jpg 265w, https:\/\/www.lab.eus\/wp-content\/uploads\/2022\/05\/20220501_130320.jpg 2048w\" sizes=\"auto, (max-width: 1024px) 100vw, 1024px\" \/><\/figure><\/li><li class=\"blocks-gallery-item\"><figure><img loading=\"lazy\" decoding=\"async\" width=\"1024\" height=\"768\" src=\"https:\/\/www.lab.eus\/wp-content\/uploads\/2022\/05\/20220501_130316-1024x768.jpg\" alt=\"\" data-id=\"46845\" data-link=\"https:\/\/www.lab.eus\/hego-zein-ipar-euskal-herrian-mobilizatu-gara-maiatzaren-lehenaren-etorrerarekin-zaintza-lanak-enplegua-eta-aberastasuna-banatzeko-aldarria-ardatz\/20220501_130316\/\" class=\"wp-image-46845\" srcset=\"https:\/\/www.lab.eus\/wp-content\/uploads\/2022\/05\/20220501_130316-1024x768.jpg 1024w, https:\/\/www.lab.eus\/wp-content\/uploads\/2022\/05\/20220501_130316-300x225.jpg 300w, https:\/\/www.lab.eus\/wp-content\/uploads\/2022\/05\/20220501_130316-768x576.jpg 768w, https:\/\/www.lab.eus\/wp-content\/uploads\/2022\/05\/20220501_130316-1536x1152.jpg 1536w, https:\/\/www.lab.eus\/wp-content\/uploads\/2022\/05\/20220501_130316-150x113.jpg 150w, https:\/\/www.lab.eus\/wp-content\/uploads\/2022\/05\/20220501_130316-696x522.jpg 696w, https:\/\/www.lab.eus\/wp-content\/uploads\/2022\/05\/20220501_130316-1068x801.jpg 1068w, https:\/\/www.lab.eus\/wp-content\/uploads\/2022\/05\/20220501_130316-1920x1440.jpg 1920w, https:\/\/www.lab.eus\/wp-content\/uploads\/2022\/05\/20220501_130316-560x420.jpg 560w, https:\/\/www.lab.eus\/wp-content\/uploads\/2022\/05\/20220501_130316-80x60.jpg 80w, https:\/\/www.lab.eus\/wp-content\/uploads\/2022\/05\/20220501_130316-265x198.jpg 265w, https:\/\/www.lab.eus\/wp-content\/uploads\/2022\/05\/20220501_130316.jpg 2048w\" sizes=\"auto, (max-width: 1024px) 100vw, 1024px\" \/><\/figure><\/li><li class=\"blocks-gallery-item\"><figure><img loading=\"lazy\" decoding=\"async\" width=\"1024\" height=\"768\" src=\"https:\/\/www.lab.eus\/wp-content\/uploads\/2022\/05\/IMG_20220501_130228_591-1024x768.jpg\" alt=\"\" data-id=\"46848\" data-link=\"https:\/\/www.lab.eus\/hego-zein-ipar-euskal-herrian-mobilizatu-gara-maiatzaren-lehenaren-etorrerarekin-zaintza-lanak-enplegua-eta-aberastasuna-banatzeko-aldarria-ardatz\/img_20220501_130228_591\/\" class=\"wp-image-46848\" srcset=\"https:\/\/www.lab.eus\/wp-content\/uploads\/2022\/05\/IMG_20220501_130228_591-1024x768.jpg 1024w, https:\/\/www.lab.eus\/wp-content\/uploads\/2022\/05\/IMG_20220501_130228_591-300x225.jpg 300w, https:\/\/www.lab.eus\/wp-content\/uploads\/2022\/05\/IMG_20220501_130228_591-768x576.jpg 768w, https:\/\/www.lab.eus\/wp-content\/uploads\/2022\/05\/IMG_20220501_130228_591-150x113.jpg 150w, https:\/\/www.lab.eus\/wp-content\/uploads\/2022\/05\/IMG_20220501_130228_591-696x522.jpg 696w, https:\/\/www.lab.eus\/wp-content\/uploads\/2022\/05\/IMG_20220501_130228_591-1068x801.jpg 1068w, https:\/\/www.lab.eus\/wp-content\/uploads\/2022\/05\/IMG_20220501_130228_591-560x420.jpg 560w, https:\/\/www.lab.eus\/wp-content\/uploads\/2022\/05\/IMG_20220501_130228_591-80x60.jpg 80w, https:\/\/www.lab.eus\/wp-content\/uploads\/2022\/05\/IMG_20220501_130228_591-265x198.jpg 265w, https:\/\/www.lab.eus\/wp-content\/uploads\/2022\/05\/IMG_20220501_130228_591.jpg 1280w\" sizes=\"auto, (max-width: 1024px) 100vw, 1024px\" \/><\/figure><\/li><li class=\"blocks-gallery-item\"><figure><img loading=\"lazy\" decoding=\"async\" width=\"1024\" height=\"768\" src=\"https:\/\/www.lab.eus\/wp-content\/uploads\/2022\/05\/IMG_20220501_130122_680-1024x768.jpg\" alt=\"\" data-id=\"46850\" data-link=\"https:\/\/www.lab.eus\/hego-zein-ipar-euskal-herrian-mobilizatu-gara-maiatzaren-lehenaren-etorrerarekin-zaintza-lanak-enplegua-eta-aberastasuna-banatzeko-aldarria-ardatz\/img_20220501_130122_680\/\" class=\"wp-image-46850\" srcset=\"https:\/\/www.lab.eus\/wp-content\/uploads\/2022\/05\/IMG_20220501_130122_680-1024x768.jpg 1024w, https:\/\/www.lab.eus\/wp-content\/uploads\/2022\/05\/IMG_20220501_130122_680-300x225.jpg 300w, https:\/\/www.lab.eus\/wp-content\/uploads\/2022\/05\/IMG_20220501_130122_680-768x576.jpg 768w, https:\/\/www.lab.eus\/wp-content\/uploads\/2022\/05\/IMG_20220501_130122_680-150x113.jpg 150w, https:\/\/www.lab.eus\/wp-content\/uploads\/2022\/05\/IMG_20220501_130122_680-696x522.jpg 696w, https:\/\/www.lab.eus\/wp-content\/uploads\/2022\/05\/IMG_20220501_130122_680-1068x801.jpg 1068w, https:\/\/www.lab.eus\/wp-content\/uploads\/2022\/05\/IMG_20220501_130122_680-560x420.jpg 560w, https:\/\/www.lab.eus\/wp-content\/uploads\/2022\/05\/IMG_20220501_130122_680-80x60.jpg 80w, https:\/\/www.lab.eus\/wp-content\/uploads\/2022\/05\/IMG_20220501_130122_680-265x198.jpg 265w, https:\/\/www.lab.eus\/wp-content\/uploads\/2022\/05\/IMG_20220501_130122_680.jpg 1280w\" sizes=\"auto, (max-width: 1024px) 100vw, 1024px\" \/><\/figure><\/li><li class=\"blocks-gallery-item\"><figure><img loading=\"lazy\" decoding=\"async\" width=\"1024\" height=\"768\" src=\"https:\/\/www.lab.eus\/wp-content\/uploads\/2022\/05\/IMG-20220501-WA0013.jpg\" alt=\"\" data-id=\"46852\" data-link=\"https:\/\/www.lab.eus\/hego-zein-ipar-euskal-herrian-mobilizatu-gara-maiatzaren-lehenaren-etorrerarekin-zaintza-lanak-enplegua-eta-aberastasuna-banatzeko-aldarria-ardatz\/img-20220501-wa0013\/\" class=\"wp-image-46853\" srcset=\"https:\/\/www.lab.eus\/wp-content\/uploads\/2022\/05\/IMG-20220501-WA0013.jpg 1024w, https:\/\/www.lab.eus\/wp-content\/uploads\/2022\/05\/IMG-20220501-WA0013-300x225.jpg 300w, https:\/\/www.lab.eus\/wp-content\/uploads\/2022\/05\/IMG-20220501-WA0013-768x576.jpg 768w, https:\/\/www.lab.eus\/wp-content\/uploads\/2022\/05\/IMG-20220501-WA0013-150x113.jpg 150w, https:\/\/www.lab.eus\/wp-content\/uploads\/2022\/05\/IMG-20220501-WA0013-696x522.jpg 696w, https:\/\/www.lab.eus\/wp-content\/uploads\/2022\/05\/IMG-20220501-WA0013-560x420.jpg 560w, https:\/\/www.lab.eus\/wp-content\/uploads\/2022\/05\/IMG-20220501-WA0013-80x60.jpg 80w, https:\/\/www.lab.eus\/wp-content\/uploads\/2022\/05\/IMG-20220501-WA0013-265x198.jpg 265w\" sizes=\"auto, (max-width: 1024px) 100vw, 1024px\" \/><\/figure><\/li><li class=\"blocks-gallery-item\"><figure><img loading=\"lazy\" decoding=\"async\" width=\"1024\" height=\"768\" src=\"https:\/\/www.lab.eus\/wp-content\/uploads\/2022\/05\/IMG-20220501-WA0015.jpg\" alt=\"\" data-id=\"46854\" data-link=\"https:\/\/www.lab.eus\/hego-zein-ipar-euskal-herrian-mobilizatu-gara-maiatzaren-lehenaren-etorrerarekin-zaintza-lanak-enplegua-eta-aberastasuna-banatzeko-aldarria-ardatz\/img-20220501-wa0015\/\" class=\"wp-image-46855\" srcset=\"https:\/\/www.lab.eus\/wp-content\/uploads\/2022\/05\/IMG-20220501-WA0015.jpg 1024w, https:\/\/www.lab.eus\/wp-content\/uploads\/2022\/05\/IMG-20220501-WA0015-300x225.jpg 300w, https:\/\/www.lab.eus\/wp-content\/uploads\/2022\/05\/IMG-20220501-WA0015-768x576.jpg 768w, https:\/\/www.lab.eus\/wp-content\/uploads\/2022\/05\/IMG-20220501-WA0015-150x113.jpg 150w, https:\/\/www.lab.eus\/wp-content\/uploads\/2022\/05\/IMG-20220501-WA0015-696x522.jpg 696w, https:\/\/www.lab.eus\/wp-content\/uploads\/2022\/05\/IMG-20220501-WA0015-560x420.jpg 560w, https:\/\/www.lab.eus\/wp-content\/uploads\/2022\/05\/IMG-20220501-WA0015-80x60.jpg 80w, https:\/\/www.lab.eus\/wp-content\/uploads\/2022\/05\/IMG-20220501-WA0015-265x198.jpg 265w\" sizes=\"auto, (max-width: 1024px) 100vw, 1024px\" \/><\/figure><\/li><li class=\"blocks-gallery-item\"><figure><img loading=\"lazy\" decoding=\"async\" width=\"1024\" height=\"768\" src=\"https:\/\/www.lab.eus\/wp-content\/uploads\/2022\/05\/IMG-20220501-WA0007.jpg\" alt=\"\" data-id=\"46856\" data-link=\"https:\/\/www.lab.eus\/hego-zein-ipar-euskal-herrian-mobilizatu-gara-maiatzaren-lehenaren-etorrerarekin-zaintza-lanak-enplegua-eta-aberastasuna-banatzeko-aldarria-ardatz\/img-20220501-wa0007\/\" class=\"wp-image-46857\" srcset=\"https:\/\/www.lab.eus\/wp-content\/uploads\/2022\/05\/IMG-20220501-WA0007.jpg 1024w, https:\/\/www.lab.eus\/wp-content\/uploads\/2022\/05\/IMG-20220501-WA0007-300x225.jpg 300w, https:\/\/www.lab.eus\/wp-content\/uploads\/2022\/05\/IMG-20220501-WA0007-768x576.jpg 768w, https:\/\/www.lab.eus\/wp-content\/uploads\/2022\/05\/IMG-20220501-WA0007-150x113.jpg 150w, https:\/\/www.lab.eus\/wp-content\/uploads\/2022\/05\/IMG-20220501-WA0007-696x522.jpg 696w, https:\/\/www.lab.eus\/wp-content\/uploads\/2022\/05\/IMG-20220501-WA0007-560x420.jpg 560w, https:\/\/www.lab.eus\/wp-content\/uploads\/2022\/05\/IMG-20220501-WA0007-80x60.jpg 80w, https:\/\/www.lab.eus\/wp-content\/uploads\/2022\/05\/IMG-20220501-WA0007-265x198.jpg 265w\" sizes=\"auto, (max-width: 1024px) 100vw, 1024px\" \/><\/figure><\/li><li class=\"blocks-gallery-item\"><figure><img loading=\"lazy\" decoding=\"async\" width=\"1024\" height=\"768\" src=\"https:\/\/www.lab.eus\/wp-content\/uploads\/2022\/05\/IMG_20220501_133925_524-1024x768.jpg\" alt=\"\" data-id=\"46869\" data-link=\"https:\/\/www.lab.eus\/hego-zein-ipar-euskal-herrian-mobilizatu-gara-maiatzaren-lehenaren-etorrerarekin-zaintza-lanak-enplegua-eta-aberastasuna-banatzeko-aldarria-ardatz\/img_20220501_133925_524\/\" class=\"wp-image-46869\" srcset=\"https:\/\/www.lab.eus\/wp-content\/uploads\/2022\/05\/IMG_20220501_133925_524-1024x768.jpg 1024w, https:\/\/www.lab.eus\/wp-content\/uploads\/2022\/05\/IMG_20220501_133925_524-300x225.jpg 300w, https:\/\/www.lab.eus\/wp-content\/uploads\/2022\/05\/IMG_20220501_133925_524-768x576.jpg 768w, https:\/\/www.lab.eus\/wp-content\/uploads\/2022\/05\/IMG_20220501_133925_524-150x113.jpg 150w, https:\/\/www.lab.eus\/wp-content\/uploads\/2022\/05\/IMG_20220501_133925_524-696x522.jpg 696w, https:\/\/www.lab.eus\/wp-content\/uploads\/2022\/05\/IMG_20220501_133925_524-1068x801.jpg 1068w, https:\/\/www.lab.eus\/wp-content\/uploads\/2022\/05\/IMG_20220501_133925_524-560x420.jpg 560w, https:\/\/www.lab.eus\/wp-content\/uploads\/2022\/05\/IMG_20220501_133925_524-80x60.jpg 80w, https:\/\/www.lab.eus\/wp-content\/uploads\/2022\/05\/IMG_20220501_133925_524-265x198.jpg 265w, https:\/\/www.lab.eus\/wp-content\/uploads\/2022\/05\/IMG_20220501_133925_524.jpg 1280w\" sizes=\"auto, (max-width: 1024px) 100vw, 1024px\" \/><\/figure><\/li><li class=\"blocks-gallery-item\"><figure><img loading=\"lazy\" decoding=\"async\" width=\"1024\" height=\"866\" src=\"https:\/\/www.lab.eus\/wp-content\/uploads\/2022\/05\/IMG_20220501_133912_326-1024x866.jpg\" alt=\"\" data-id=\"46871\" data-link=\"https:\/\/www.lab.eus\/hego-zein-ipar-euskal-herrian-mobilizatu-gara-maiatzaren-lehenaren-etorrerarekin-zaintza-lanak-enplegua-eta-aberastasuna-banatzeko-aldarria-ardatz\/img_20220501_133912_326\/\" class=\"wp-image-46871\" srcset=\"https:\/\/www.lab.eus\/wp-content\/uploads\/2022\/05\/IMG_20220501_133912_326-1024x866.jpg 1024w, https:\/\/www.lab.eus\/wp-content\/uploads\/2022\/05\/IMG_20220501_133912_326-300x254.jpg 300w, https:\/\/www.lab.eus\/wp-content\/uploads\/2022\/05\/IMG_20220501_133912_326-768x650.jpg 768w, https:\/\/www.lab.eus\/wp-content\/uploads\/2022\/05\/IMG_20220501_133912_326-150x127.jpg 150w, https:\/\/www.lab.eus\/wp-content\/uploads\/2022\/05\/IMG_20220501_133912_326-696x589.jpg 696w, https:\/\/www.lab.eus\/wp-content\/uploads\/2022\/05\/IMG_20220501_133912_326-1068x904.jpg 1068w, https:\/\/www.lab.eus\/wp-content\/uploads\/2022\/05\/IMG_20220501_133912_326-496x420.jpg 496w, https:\/\/www.lab.eus\/wp-content\/uploads\/2022\/05\/IMG_20220501_133912_326.jpg 1280w\" sizes=\"auto, (max-width: 1024px) 100vw, 1024px\" \/><\/figure><\/li><li class=\"blocks-gallery-item\"><figure><img loading=\"lazy\" decoding=\"async\" width=\"1024\" height=\"768\" src=\"https:\/\/www.lab.eus\/wp-content\/uploads\/2022\/05\/20220501_133822-1024x768.jpg\" alt=\"\" data-id=\"46873\" data-link=\"https:\/\/www.lab.eus\/hego-zein-ipar-euskal-herrian-mobilizatu-gara-maiatzaren-lehenaren-etorrerarekin-zaintza-lanak-enplegua-eta-aberastasuna-banatzeko-aldarria-ardatz\/20220501_133822\/\" class=\"wp-image-46873\" srcset=\"https:\/\/www.lab.eus\/wp-content\/uploads\/2022\/05\/20220501_133822-1024x768.jpg 1024w, https:\/\/www.lab.eus\/wp-content\/uploads\/2022\/05\/20220501_133822-300x225.jpg 300w, https:\/\/www.lab.eus\/wp-content\/uploads\/2022\/05\/20220501_133822-768x576.jpg 768w, https:\/\/www.lab.eus\/wp-content\/uploads\/2022\/05\/20220501_133822-150x113.jpg 150w, https:\/\/www.lab.eus\/wp-content\/uploads\/2022\/05\/20220501_133822-696x522.jpg 696w, https:\/\/www.lab.eus\/wp-content\/uploads\/2022\/05\/20220501_133822-1068x801.jpg 1068w, https:\/\/www.lab.eus\/wp-content\/uploads\/2022\/05\/20220501_133822-560x420.jpg 560w, https:\/\/www.lab.eus\/wp-content\/uploads\/2022\/05\/20220501_133822-80x60.jpg 80w, https:\/\/www.lab.eus\/wp-content\/uploads\/2022\/05\/20220501_133822-265x198.jpg 265w, https:\/\/www.lab.eus\/wp-content\/uploads\/2022\/05\/20220501_133822.jpg 1280w\" sizes=\"auto, (max-width: 1024px) 100vw, 1024px\" \/><\/figure><\/li><li class=\"blocks-gallery-item\"><figure><img loading=\"lazy\" decoding=\"async\" width=\"1024\" height=\"768\" src=\"https:\/\/www.lab.eus\/wp-content\/uploads\/2022\/05\/IMG_20220501_132920_884-1024x768.jpg\" alt=\"\" data-id=\"46875\" data-link=\"https:\/\/www.lab.eus\/hego-zein-ipar-euskal-herrian-mobilizatu-gara-maiatzaren-lehenaren-etorrerarekin-zaintza-lanak-enplegua-eta-aberastasuna-banatzeko-aldarria-ardatz\/img_20220501_132920_884\/\" class=\"wp-image-46875\" srcset=\"https:\/\/www.lab.eus\/wp-content\/uploads\/2022\/05\/IMG_20220501_132920_884-1024x768.jpg 1024w, https:\/\/www.lab.eus\/wp-content\/uploads\/2022\/05\/IMG_20220501_132920_884-300x225.jpg 300w, https:\/\/www.lab.eus\/wp-content\/uploads\/2022\/05\/IMG_20220501_132920_884-768x576.jpg 768w, https:\/\/www.lab.eus\/wp-content\/uploads\/2022\/05\/IMG_20220501_132920_884-150x113.jpg 150w, https:\/\/www.lab.eus\/wp-content\/uploads\/2022\/05\/IMG_20220501_132920_884-696x522.jpg 696w, https:\/\/www.lab.eus\/wp-content\/uploads\/2022\/05\/IMG_20220501_132920_884-1068x801.jpg 1068w, https:\/\/www.lab.eus\/wp-content\/uploads\/2022\/05\/IMG_20220501_132920_884-560x420.jpg 560w, https:\/\/www.lab.eus\/wp-content\/uploads\/2022\/05\/IMG_20220501_132920_884-80x60.jpg 80w, https:\/\/www.lab.eus\/wp-content\/uploads\/2022\/05\/IMG_20220501_132920_884-265x198.jpg 265w, https:\/\/www.lab.eus\/wp-content\/uploads\/2022\/05\/IMG_20220501_132920_884.jpg 1280w\" sizes=\"auto, (max-width: 1024px) 100vw, 1024px\" \/><\/figure><\/li><li class=\"blocks-gallery-item\"><figure><img loading=\"lazy\" decoding=\"async\" width=\"1024\" height=\"768\" src=\"https:\/\/www.lab.eus\/wp-content\/uploads\/2022\/05\/IMG_20220501_132910_878-1024x768.jpg\" alt=\"\" data-id=\"46877\" data-link=\"https:\/\/www.lab.eus\/hego-zein-ipar-euskal-herrian-mobilizatu-gara-maiatzaren-lehenaren-etorrerarekin-zaintza-lanak-enplegua-eta-aberastasuna-banatzeko-aldarria-ardatz\/img_20220501_132910_878\/\" class=\"wp-image-46877\" srcset=\"https:\/\/www.lab.eus\/wp-content\/uploads\/2022\/05\/IMG_20220501_132910_878-1024x768.jpg 1024w, https:\/\/www.lab.eus\/wp-content\/uploads\/2022\/05\/IMG_20220501_132910_878-300x225.jpg 300w, https:\/\/www.lab.eus\/wp-content\/uploads\/2022\/05\/IMG_20220501_132910_878-768x576.jpg 768w, https:\/\/www.lab.eus\/wp-content\/uploads\/2022\/05\/IMG_20220501_132910_878-150x113.jpg 150w, https:\/\/www.lab.eus\/wp-content\/uploads\/2022\/05\/IMG_20220501_132910_878-696x522.jpg 696w, https:\/\/www.lab.eus\/wp-content\/uploads\/2022\/05\/IMG_20220501_132910_878-1068x801.jpg 1068w, https:\/\/www.lab.eus\/wp-content\/uploads\/2022\/05\/IMG_20220501_132910_878-560x420.jpg 560w, https:\/\/www.lab.eus\/wp-content\/uploads\/2022\/05\/IMG_20220501_132910_878-80x60.jpg 80w, https:\/\/www.lab.eus\/wp-content\/uploads\/2022\/05\/IMG_20220501_132910_878-265x198.jpg 265w, https:\/\/www.lab.eus\/wp-content\/uploads\/2022\/05\/IMG_20220501_132910_878.jpg 1280w\" sizes=\"auto, (max-width: 1024px) 100vw, 1024px\" \/><\/figure><\/li><li class=\"blocks-gallery-item\"><figure><img loading=\"lazy\" decoding=\"async\" width=\"1024\" height=\"768\" src=\"https:\/\/www.lab.eus\/wp-content\/uploads\/2022\/05\/IMG_20220501_132853_103-1024x768.jpg\" alt=\"\" data-id=\"46881\" data-link=\"https:\/\/www.lab.eus\/hego-zein-ipar-euskal-herrian-mobilizatu-gara-maiatzaren-lehenaren-etorrerarekin-zaintza-lanak-enplegua-eta-aberastasuna-banatzeko-aldarria-ardatz\/img_20220501_132853_103\/\" class=\"wp-image-46881\" srcset=\"https:\/\/www.lab.eus\/wp-content\/uploads\/2022\/05\/IMG_20220501_132853_103-1024x768.jpg 1024w, https:\/\/www.lab.eus\/wp-content\/uploads\/2022\/05\/IMG_20220501_132853_103-300x225.jpg 300w, https:\/\/www.lab.eus\/wp-content\/uploads\/2022\/05\/IMG_20220501_132853_103-768x576.jpg 768w, https:\/\/www.lab.eus\/wp-content\/uploads\/2022\/05\/IMG_20220501_132853_103-150x113.jpg 150w, https:\/\/www.lab.eus\/wp-content\/uploads\/2022\/05\/IMG_20220501_132853_103-696x522.jpg 696w, https:\/\/www.lab.eus\/wp-content\/uploads\/2022\/05\/IMG_20220501_132853_103-1068x801.jpg 1068w, https:\/\/www.lab.eus\/wp-content\/uploads\/2022\/05\/IMG_20220501_132853_103-560x420.jpg 560w, https:\/\/www.lab.eus\/wp-content\/uploads\/2022\/05\/IMG_20220501_132853_103-80x60.jpg 80w, https:\/\/www.lab.eus\/wp-content\/uploads\/2022\/05\/IMG_20220501_132853_103-265x198.jpg 265w, https:\/\/www.lab.eus\/wp-content\/uploads\/2022\/05\/IMG_20220501_132853_103.jpg 1280w\" sizes=\"auto, (max-width: 1024px) 100vw, 1024px\" \/><\/figure><\/li><li class=\"blocks-gallery-item\"><figure><img loading=\"lazy\" decoding=\"async\" width=\"1024\" height=\"768\" src=\"https:\/\/www.lab.eus\/wp-content\/uploads\/2022\/05\/IMG_20220501_132845_374-1024x768.jpg\" alt=\"\" data-id=\"46884\" data-link=\"https:\/\/www.lab.eus\/hego-zein-ipar-euskal-herrian-mobilizatu-gara-maiatzaren-lehenaren-etorrerarekin-zaintza-lanak-enplegua-eta-aberastasuna-banatzeko-aldarria-ardatz\/img_20220501_132845_374\/\" class=\"wp-image-46884\" srcset=\"https:\/\/www.lab.eus\/wp-content\/uploads\/2022\/05\/IMG_20220501_132845_374-1024x768.jpg 1024w, https:\/\/www.lab.eus\/wp-content\/uploads\/2022\/05\/IMG_20220501_132845_374-300x225.jpg 300w, https:\/\/www.lab.eus\/wp-content\/uploads\/2022\/05\/IMG_20220501_132845_374-768x576.jpg 768w, https:\/\/www.lab.eus\/wp-content\/uploads\/2022\/05\/IMG_20220501_132845_374-150x113.jpg 150w, https:\/\/www.lab.eus\/wp-content\/uploads\/2022\/05\/IMG_20220501_132845_374-696x522.jpg 696w, https:\/\/www.lab.eus\/wp-content\/uploads\/2022\/05\/IMG_20220501_132845_374-1068x801.jpg 1068w, https:\/\/www.lab.eus\/wp-content\/uploads\/2022\/05\/IMG_20220501_132845_374-560x420.jpg 560w, https:\/\/www.lab.eus\/wp-content\/uploads\/2022\/05\/IMG_20220501_132845_374-80x60.jpg 80w, https:\/\/www.lab.eus\/wp-content\/uploads\/2022\/05\/IMG_20220501_132845_374-265x198.jpg 265w, https:\/\/www.lab.eus\/wp-content\/uploads\/2022\/05\/IMG_20220501_132845_374.jpg 1280w\" sizes=\"auto, (max-width: 1024px) 100vw, 1024px\" \/><\/figure><\/li><li class=\"blocks-gallery-item\"><figure><img loading=\"lazy\" decoding=\"async\" width=\"1024\" height=\"768\" src=\"https:\/\/www.lab.eus\/wp-content\/uploads\/2022\/05\/20220501_143052-1024x768.jpg\" alt=\"\" data-id=\"46890\" data-link=\"https:\/\/www.lab.eus\/hego-zein-ipar-euskal-herrian-mobilizatu-gara-maiatzaren-lehenaren-etorrerarekin-zaintza-lanak-enplegua-eta-aberastasuna-banatzeko-aldarria-ardatz\/20220501_143052\/\" class=\"wp-image-46890\" srcset=\"https:\/\/www.lab.eus\/wp-content\/uploads\/2022\/05\/20220501_143052-1024x768.jpg 1024w, https:\/\/www.lab.eus\/wp-content\/uploads\/2022\/05\/20220501_143052-300x225.jpg 300w, https:\/\/www.lab.eus\/wp-content\/uploads\/2022\/05\/20220501_143052-768x576.jpg 768w, https:\/\/www.lab.eus\/wp-content\/uploads\/2022\/05\/20220501_143052-1536x1152.jpg 1536w, https:\/\/www.lab.eus\/wp-content\/uploads\/2022\/05\/20220501_143052-150x113.jpg 150w, https:\/\/www.lab.eus\/wp-content\/uploads\/2022\/05\/20220501_143052-696x522.jpg 696w, https:\/\/www.lab.eus\/wp-content\/uploads\/2022\/05\/20220501_143052-1068x801.jpg 1068w, https:\/\/www.lab.eus\/wp-content\/uploads\/2022\/05\/20220501_143052-1920x1440.jpg 1920w, https:\/\/www.lab.eus\/wp-content\/uploads\/2022\/05\/20220501_143052-560x420.jpg 560w, https:\/\/www.lab.eus\/wp-content\/uploads\/2022\/05\/20220501_143052-80x60.jpg 80w, https:\/\/www.lab.eus\/wp-content\/uploads\/2022\/05\/20220501_143052-265x198.jpg 265w, https:\/\/www.lab.eus\/wp-content\/uploads\/2022\/05\/20220501_143052.jpg 2048w\" sizes=\"auto, (max-width: 1024px) 100vw, 1024px\" \/><\/figure><\/li><li class=\"blocks-gallery-item\"><figure><img loading=\"lazy\" decoding=\"async\" width=\"1024\" height=\"768\" src=\"https:\/\/www.lab.eus\/wp-content\/uploads\/2022\/05\/20220501_143049-1024x768.jpg\" alt=\"\" data-id=\"46892\" data-link=\"https:\/\/www.lab.eus\/hego-zein-ipar-euskal-herrian-mobilizatu-gara-maiatzaren-lehenaren-etorrerarekin-zaintza-lanak-enplegua-eta-aberastasuna-banatzeko-aldarria-ardatz\/20220501_143049\/\" class=\"wp-image-46892\" srcset=\"https:\/\/www.lab.eus\/wp-content\/uploads\/2022\/05\/20220501_143049-1024x768.jpg 1024w, https:\/\/www.lab.eus\/wp-content\/uploads\/2022\/05\/20220501_143049-300x225.jpg 300w, https:\/\/www.lab.eus\/wp-content\/uploads\/2022\/05\/20220501_143049-768x576.jpg 768w, https:\/\/www.lab.eus\/wp-content\/uploads\/2022\/05\/20220501_143049-1536x1152.jpg 1536w, https:\/\/www.lab.eus\/wp-content\/uploads\/2022\/05\/20220501_143049-150x113.jpg 150w, https:\/\/www.lab.eus\/wp-content\/uploads\/2022\/05\/20220501_143049-696x522.jpg 696w, https:\/\/www.lab.eus\/wp-content\/uploads\/2022\/05\/20220501_143049-1068x801.jpg 1068w, https:\/\/www.lab.eus\/wp-content\/uploads\/2022\/05\/20220501_143049-1920x1440.jpg 1920w, https:\/\/www.lab.eus\/wp-content\/uploads\/2022\/05\/20220501_143049-560x420.jpg 560w, https:\/\/www.lab.eus\/wp-content\/uploads\/2022\/05\/20220501_143049-80x60.jpg 80w, https:\/\/www.lab.eus\/wp-content\/uploads\/2022\/05\/20220501_143049-265x198.jpg 265w, https:\/\/www.lab.eus\/wp-content\/uploads\/2022\/05\/20220501_143049.jpg 2048w\" sizes=\"auto, (max-width: 1024px) 100vw, 1024px\" \/><\/figure><\/li><li class=\"blocks-gallery-item\"><figure><img loading=\"lazy\" decoding=\"async\" width=\"1024\" height=\"768\" src=\"https:\/\/www.lab.eus\/wp-content\/uploads\/2022\/05\/20220501_143043-1024x768.jpg\" alt=\"\" data-id=\"46894\" data-link=\"https:\/\/www.lab.eus\/hego-zein-ipar-euskal-herrian-mobilizatu-gara-maiatzaren-lehenaren-etorrerarekin-zaintza-lanak-enplegua-eta-aberastasuna-banatzeko-aldarria-ardatz\/20220501_143043\/\" class=\"wp-image-46894\" srcset=\"https:\/\/www.lab.eus\/wp-content\/uploads\/2022\/05\/20220501_143043-1024x768.jpg 1024w, https:\/\/www.lab.eus\/wp-content\/uploads\/2022\/05\/20220501_143043-300x225.jpg 300w, https:\/\/www.lab.eus\/wp-content\/uploads\/2022\/05\/20220501_143043-768x576.jpg 768w, https:\/\/www.lab.eus\/wp-content\/uploads\/2022\/05\/20220501_143043-1536x1152.jpg 1536w, https:\/\/www.lab.eus\/wp-content\/uploads\/2022\/05\/20220501_143043-150x113.jpg 150w, https:\/\/www.lab.eus\/wp-content\/uploads\/2022\/05\/20220501_143043-696x522.jpg 696w, https:\/\/www.lab.eus\/wp-content\/uploads\/2022\/05\/20220501_143043-1068x801.jpg 1068w, https:\/\/www.lab.eus\/wp-content\/uploads\/2022\/05\/20220501_143043-1920x1440.jpg 1920w, https:\/\/www.lab.eus\/wp-content\/uploads\/2022\/05\/20220501_143043-560x420.jpg 560w, https:\/\/www.lab.eus\/wp-content\/uploads\/2022\/05\/20220501_143043-80x60.jpg 80w, https:\/\/www.lab.eus\/wp-content\/uploads\/2022\/05\/20220501_143043-265x198.jpg 265w, https:\/\/www.lab.eus\/wp-content\/uploads\/2022\/05\/20220501_143043.jpg 2048w\" sizes=\"auto, (max-width: 1024px) 100vw, 1024px\" \/><\/figure><\/li><li class=\"blocks-gallery-item\"><figure><img loading=\"lazy\" decoding=\"async\" width=\"1024\" height=\"768\" src=\"https:\/\/www.lab.eus\/wp-content\/uploads\/2022\/05\/20220501_143026-1024x768.jpg\" alt=\"\" data-id=\"46896\" data-link=\"https:\/\/www.lab.eus\/hego-zein-ipar-euskal-herrian-mobilizatu-gara-maiatzaren-lehenaren-etorrerarekin-zaintza-lanak-enplegua-eta-aberastasuna-banatzeko-aldarria-ardatz\/20220501_143026\/\" class=\"wp-image-46896\" srcset=\"https:\/\/www.lab.eus\/wp-content\/uploads\/2022\/05\/20220501_143026-1024x768.jpg 1024w, https:\/\/www.lab.eus\/wp-content\/uploads\/2022\/05\/20220501_143026-300x225.jpg 300w, https:\/\/www.lab.eus\/wp-content\/uploads\/2022\/05\/20220501_143026-768x576.jpg 768w, https:\/\/www.lab.eus\/wp-content\/uploads\/2022\/05\/20220501_143026-150x113.jpg 150w, https:\/\/www.lab.eus\/wp-content\/uploads\/2022\/05\/20220501_143026-696x522.jpg 696w, https:\/\/www.lab.eus\/wp-content\/uploads\/2022\/05\/20220501_143026-1068x801.jpg 1068w, https:\/\/www.lab.eus\/wp-content\/uploads\/2022\/05\/20220501_143026-560x420.jpg 560w, https:\/\/www.lab.eus\/wp-content\/uploads\/2022\/05\/20220501_143026-80x60.jpg 80w, https:\/\/www.lab.eus\/wp-content\/uploads\/2022\/05\/20220501_143026-265x198.jpg 265w, https:\/\/www.lab.eus\/wp-content\/uploads\/2022\/05\/20220501_143026.jpg 1280w\" sizes=\"auto, (max-width: 1024px) 100vw, 1024px\" \/><\/figure><\/li><li class=\"blocks-gallery-item\"><figure><img loading=\"lazy\" decoding=\"async\" width=\"1024\" height=\"768\" src=\"https:\/\/www.lab.eus\/wp-content\/uploads\/2022\/05\/20220501_143022-1024x768.jpg\" alt=\"\" data-id=\"46898\" data-link=\"https:\/\/www.lab.eus\/hego-zein-ipar-euskal-herrian-mobilizatu-gara-maiatzaren-lehenaren-etorrerarekin-zaintza-lanak-enplegua-eta-aberastasuna-banatzeko-aldarria-ardatz\/20220501_143022\/\" class=\"wp-image-46898\" srcset=\"https:\/\/www.lab.eus\/wp-content\/uploads\/2022\/05\/20220501_143022-1024x768.jpg 1024w, https:\/\/www.lab.eus\/wp-content\/uploads\/2022\/05\/20220501_143022-300x225.jpg 300w, https:\/\/www.lab.eus\/wp-content\/uploads\/2022\/05\/20220501_143022-768x576.jpg 768w, https:\/\/www.lab.eus\/wp-content\/uploads\/2022\/05\/20220501_143022-150x113.jpg 150w, https:\/\/www.lab.eus\/wp-content\/uploads\/2022\/05\/20220501_143022-696x522.jpg 696w, https:\/\/www.lab.eus\/wp-content\/uploads\/2022\/05\/20220501_143022-1068x801.jpg 1068w, https:\/\/www.lab.eus\/wp-content\/uploads\/2022\/05\/20220501_143022-560x420.jpg 560w, https:\/\/www.lab.eus\/wp-content\/uploads\/2022\/05\/20220501_143022-80x60.jpg 80w, https:\/\/www.lab.eus\/wp-content\/uploads\/2022\/05\/20220501_143022-265x198.jpg 265w, https:\/\/www.lab.eus\/wp-content\/uploads\/2022\/05\/20220501_143022.jpg 1280w\" sizes=\"auto, (max-width: 1024px) 100vw, 1024px\" \/><\/figure><\/li><li class=\"blocks-gallery-item\"><figure><img loading=\"lazy\" decoding=\"async\" width=\"1024\" height=\"683\" src=\"https:\/\/www.lab.eus\/wp-content\/uploads\/2022\/05\/20220501_143016-1024x683.jpg\" alt=\"\" data-id=\"46901\" data-link=\"https:\/\/www.lab.eus\/hego-zein-ipar-euskal-herrian-mobilizatu-gara-maiatzaren-lehenaren-etorrerarekin-zaintza-lanak-enplegua-eta-aberastasuna-banatzeko-aldarria-ardatz\/20220501_143016\/\" class=\"wp-image-46901\" srcset=\"https:\/\/www.lab.eus\/wp-content\/uploads\/2022\/05\/20220501_143016-1024x683.jpg 1024w, https:\/\/www.lab.eus\/wp-content\/uploads\/2022\/05\/20220501_143016-300x200.jpg 300w, https:\/\/www.lab.eus\/wp-content\/uploads\/2022\/05\/20220501_143016-768x512.jpg 768w, https:\/\/www.lab.eus\/wp-content\/uploads\/2022\/05\/20220501_143016-1536x1024.jpg 1536w, https:\/\/www.lab.eus\/wp-content\/uploads\/2022\/05\/20220501_143016-2048x1366.jpg 2048w, https:\/\/www.lab.eus\/wp-content\/uploads\/2022\/05\/20220501_143016-150x100.jpg 150w, https:\/\/www.lab.eus\/wp-content\/uploads\/2022\/05\/20220501_143016-696x464.jpg 696w, https:\/\/www.lab.eus\/wp-content\/uploads\/2022\/05\/20220501_143016-1068x712.jpg 1068w, https:\/\/www.lab.eus\/wp-content\/uploads\/2022\/05\/20220501_143016-1920x1280.jpg 1920w, https:\/\/www.lab.eus\/wp-content\/uploads\/2022\/05\/20220501_143016-630x420.jpg 630w\" sizes=\"auto, (max-width: 1024px) 100vw, 1024px\" \/><\/figure><\/li><li class=\"blocks-gallery-item\"><figure><img loading=\"lazy\" decoding=\"async\" width=\"1024\" height=\"683\" src=\"https:\/\/www.lab.eus\/wp-content\/uploads\/2022\/05\/20220501_143011-1024x683.jpg\" alt=\"\" data-id=\"46903\" data-link=\"https:\/\/www.lab.eus\/hego-zein-ipar-euskal-herrian-mobilizatu-gara-maiatzaren-lehenaren-etorrerarekin-zaintza-lanak-enplegua-eta-aberastasuna-banatzeko-aldarria-ardatz\/20220501_143011\/\" class=\"wp-image-46903\" srcset=\"https:\/\/www.lab.eus\/wp-content\/uploads\/2022\/05\/20220501_143011-1024x683.jpg 1024w, https:\/\/www.lab.eus\/wp-content\/uploads\/2022\/05\/20220501_143011-300x200.jpg 300w, https:\/\/www.lab.eus\/wp-content\/uploads\/2022\/05\/20220501_143011-768x512.jpg 768w, https:\/\/www.lab.eus\/wp-content\/uploads\/2022\/05\/20220501_143011-1536x1024.jpg 1536w, https:\/\/www.lab.eus\/wp-content\/uploads\/2022\/05\/20220501_143011-2048x1366.jpg 2048w, https:\/\/www.lab.eus\/wp-content\/uploads\/2022\/05\/20220501_143011-150x100.jpg 150w, https:\/\/www.lab.eus\/wp-content\/uploads\/2022\/05\/20220501_143011-696x464.jpg 696w, https:\/\/www.lab.eus\/wp-content\/uploads\/2022\/05\/20220501_143011-1068x712.jpg 1068w, https:\/\/www.lab.eus\/wp-content\/uploads\/2022\/05\/20220501_143011-1920x1280.jpg 1920w, https:\/\/www.lab.eus\/wp-content\/uploads\/2022\/05\/20220501_143011-630x420.jpg 630w\" sizes=\"auto, (max-width: 1024px) 100vw, 1024px\" \/><\/figure><\/li><li class=\"blocks-gallery-item\"><figure><img loading=\"lazy\" decoding=\"async\" width=\"1024\" height=\"768\" src=\"https:\/\/www.lab.eus\/wp-content\/uploads\/2022\/05\/IMG_20220501_133925_524-1-1024x768.jpg\" alt=\"\" data-id=\"46905\" data-link=\"https:\/\/www.lab.eus\/hego-zein-ipar-euskal-herrian-mobilizatu-gara-maiatzaren-lehenaren-etorrerarekin-zaintza-lanak-enplegua-eta-aberastasuna-banatzeko-aldarria-ardatz\/img_20220501_133925_524-1\/\" class=\"wp-image-46905\" srcset=\"https:\/\/www.lab.eus\/wp-content\/uploads\/2022\/05\/IMG_20220501_133925_524-1-1024x768.jpg 1024w, https:\/\/www.lab.eus\/wp-content\/uploads\/2022\/05\/IMG_20220501_133925_524-1-300x225.jpg 300w, https:\/\/www.lab.eus\/wp-content\/uploads\/2022\/05\/IMG_20220501_133925_524-1-768x576.jpg 768w, https:\/\/www.lab.eus\/wp-content\/uploads\/2022\/05\/IMG_20220501_133925_524-1-150x113.jpg 150w, https:\/\/www.lab.eus\/wp-content\/uploads\/2022\/05\/IMG_20220501_133925_524-1-696x522.jpg 696w, https:\/\/www.lab.eus\/wp-content\/uploads\/2022\/05\/IMG_20220501_133925_524-1-1068x801.jpg 1068w, https:\/\/www.lab.eus\/wp-content\/uploads\/2022\/05\/IMG_20220501_133925_524-1-560x420.jpg 560w, https:\/\/www.lab.eus\/wp-content\/uploads\/2022\/05\/IMG_20220501_133925_524-1-80x60.jpg 80w, https:\/\/www.lab.eus\/wp-content\/uploads\/2022\/05\/IMG_20220501_133925_524-1-265x198.jpg 265w, https:\/\/www.lab.eus\/wp-content\/uploads\/2022\/05\/IMG_20220501_133925_524-1.jpg 1280w\" sizes=\"auto, (max-width: 1024px) 100vw, 1024px\" \/><\/figure><\/li><li class=\"blocks-gallery-item\"><figure><img loading=\"lazy\" decoding=\"async\" width=\"769\" height=\"1024\" src=\"https:\/\/www.lab.eus\/wp-content\/uploads\/2022\/05\/20220501_144948-769x1024.jpg\" alt=\"\" data-id=\"46910\" data-link=\"https:\/\/www.lab.eus\/hego-zein-ipar-euskal-herrian-mobilizatu-gara-maiatzaren-lehenaren-etorrerarekin-zaintza-lanak-enplegua-eta-aberastasuna-banatzeko-aldarria-ardatz\/20220501_144948\/\" class=\"wp-image-46910\" srcset=\"https:\/\/www.lab.eus\/wp-content\/uploads\/2022\/05\/20220501_144948-769x1024.jpg 769w, https:\/\/www.lab.eus\/wp-content\/uploads\/2022\/05\/20220501_144948-225x300.jpg 225w, https:\/\/www.lab.eus\/wp-content\/uploads\/2022\/05\/20220501_144948-768x1023.jpg 768w, https:\/\/www.lab.eus\/wp-content\/uploads\/2022\/05\/20220501_144948-150x200.jpg 150w, https:\/\/www.lab.eus\/wp-content\/uploads\/2022\/05\/20220501_144948-300x400.jpg 300w, https:\/\/www.lab.eus\/wp-content\/uploads\/2022\/05\/20220501_144948-696x927.jpg 696w, https:\/\/www.lab.eus\/wp-content\/uploads\/2022\/05\/20220501_144948-315x420.jpg 315w, https:\/\/www.lab.eus\/wp-content\/uploads\/2022\/05\/20220501_144948.jpg 961w\" sizes=\"auto, (max-width: 769px) 100vw, 769px\" \/><\/figure><\/li><li class=\"blocks-gallery-item\"><figure><img loading=\"lazy\" decoding=\"async\" width=\"1024\" height=\"759\" src=\"https:\/\/www.lab.eus\/wp-content\/uploads\/2022\/05\/20220501_144945-1024x759.jpg\" alt=\"\" data-id=\"46912\" data-link=\"https:\/\/www.lab.eus\/hego-zein-ipar-euskal-herrian-mobilizatu-gara-maiatzaren-lehenaren-etorrerarekin-zaintza-lanak-enplegua-eta-aberastasuna-banatzeko-aldarria-ardatz\/20220501_144945\/\" class=\"wp-image-46912\" srcset=\"https:\/\/www.lab.eus\/wp-content\/uploads\/2022\/05\/20220501_144945-1024x759.jpg 1024w, https:\/\/www.lab.eus\/wp-content\/uploads\/2022\/05\/20220501_144945-300x222.jpg 300w, https:\/\/www.lab.eus\/wp-content\/uploads\/2022\/05\/20220501_144945-768x569.jpg 768w, https:\/\/www.lab.eus\/wp-content\/uploads\/2022\/05\/20220501_144945-150x111.jpg 150w, https:\/\/www.lab.eus\/wp-content\/uploads\/2022\/05\/20220501_144945-485x360.jpg 485w, https:\/\/www.lab.eus\/wp-content\/uploads\/2022\/05\/20220501_144945-696x516.jpg 696w, https:\/\/www.lab.eus\/wp-content\/uploads\/2022\/05\/20220501_144945-1068x792.jpg 1068w, https:\/\/www.lab.eus\/wp-content\/uploads\/2022\/05\/20220501_144945-566x420.jpg 566w, https:\/\/www.lab.eus\/wp-content\/uploads\/2022\/05\/20220501_144945-80x60.jpg 80w, https:\/\/www.lab.eus\/wp-content\/uploads\/2022\/05\/20220501_144945.jpg 1280w\" sizes=\"auto, (max-width: 1024px) 100vw, 1024px\" \/><\/figure><\/li><li class=\"blocks-gallery-item\"><figure><img loading=\"lazy\" decoding=\"async\" width=\"1024\" height=\"768\" src=\"https:\/\/www.lab.eus\/wp-content\/uploads\/2022\/05\/20220501_144937-1024x768.jpg\" alt=\"\" data-id=\"46914\" data-link=\"https:\/\/www.lab.eus\/hego-zein-ipar-euskal-herrian-mobilizatu-gara-maiatzaren-lehenaren-etorrerarekin-zaintza-lanak-enplegua-eta-aberastasuna-banatzeko-aldarria-ardatz\/20220501_144937\/\" class=\"wp-image-46914\" srcset=\"https:\/\/www.lab.eus\/wp-content\/uploads\/2022\/05\/20220501_144937-1024x768.jpg 1024w, https:\/\/www.lab.eus\/wp-content\/uploads\/2022\/05\/20220501_144937-300x225.jpg 300w, https:\/\/www.lab.eus\/wp-content\/uploads\/2022\/05\/20220501_144937-768x576.jpg 768w, https:\/\/www.lab.eus\/wp-content\/uploads\/2022\/05\/20220501_144937-150x113.jpg 150w, https:\/\/www.lab.eus\/wp-content\/uploads\/2022\/05\/20220501_144937-696x522.jpg 696w, https:\/\/www.lab.eus\/wp-content\/uploads\/2022\/05\/20220501_144937-1068x801.jpg 1068w, https:\/\/www.lab.eus\/wp-content\/uploads\/2022\/05\/20220501_144937-560x420.jpg 560w, https:\/\/www.lab.eus\/wp-content\/uploads\/2022\/05\/20220501_144937-80x60.jpg 80w, https:\/\/www.lab.eus\/wp-content\/uploads\/2022\/05\/20220501_144937-265x198.jpg 265w, https:\/\/www.lab.eus\/wp-content\/uploads\/2022\/05\/20220501_144937.jpg 1280w\" sizes=\"auto, (max-width: 1024px) 100vw, 1024px\" \/><\/figure><\/li><li class=\"blocks-gallery-item\"><figure><img loading=\"lazy\" decoding=\"async\" width=\"1024\" height=\"768\" src=\"https:\/\/www.lab.eus\/wp-content\/uploads\/2022\/05\/20220501_144932-1024x768.jpg\" alt=\"\" data-id=\"46916\" data-link=\"https:\/\/www.lab.eus\/hego-zein-ipar-euskal-herrian-mobilizatu-gara-maiatzaren-lehenaren-etorrerarekin-zaintza-lanak-enplegua-eta-aberastasuna-banatzeko-aldarria-ardatz\/20220501_144932\/\" class=\"wp-image-46916\" srcset=\"https:\/\/www.lab.eus\/wp-content\/uploads\/2022\/05\/20220501_144932-1024x768.jpg 1024w, https:\/\/www.lab.eus\/wp-content\/uploads\/2022\/05\/20220501_144932-300x225.jpg 300w, https:\/\/www.lab.eus\/wp-content\/uploads\/2022\/05\/20220501_144932-768x576.jpg 768w, https:\/\/www.lab.eus\/wp-content\/uploads\/2022\/05\/20220501_144932-150x113.jpg 150w, https:\/\/www.lab.eus\/wp-content\/uploads\/2022\/05\/20220501_144932-696x522.jpg 696w, https:\/\/www.lab.eus\/wp-content\/uploads\/2022\/05\/20220501_144932-1068x801.jpg 1068w, https:\/\/www.lab.eus\/wp-content\/uploads\/2022\/05\/20220501_144932-560x420.jpg 560w, https:\/\/www.lab.eus\/wp-content\/uploads\/2022\/05\/20220501_144932-80x60.jpg 80w, https:\/\/www.lab.eus\/wp-content\/uploads\/2022\/05\/20220501_144932-265x198.jpg 265w, https:\/\/www.lab.eus\/wp-content\/uploads\/2022\/05\/20220501_144932.jpg 1280w\" sizes=\"auto, (max-width: 1024px) 100vw, 1024px\" \/><\/figure><\/li><li class=\"blocks-gallery-item\"><figure><img loading=\"lazy\" decoding=\"async\" width=\"1024\" height=\"768\" src=\"https:\/\/www.lab.eus\/wp-content\/uploads\/2022\/05\/IMG_20220501_153500_949-1024x768.jpg\" alt=\"\" data-id=\"46921\" data-link=\"https:\/\/www.lab.eus\/es\/con-la-llegada-del-primero-de-mayo-nos-hemos-movilizado-en-hego-e-ipar-euskal-herria-para-reclamar-el-reparto-de-los-cuidados-el-empleo-y-la-riqueza\/img_20220501_153500_949\/\" class=\"wp-image-46921\" srcset=\"https:\/\/www.lab.eus\/wp-content\/uploads\/2022\/05\/IMG_20220501_153500_949-1024x768.jpg 1024w, https:\/\/www.lab.eus\/wp-content\/uploads\/2022\/05\/IMG_20220501_153500_949-300x225.jpg 300w, https:\/\/www.lab.eus\/wp-content\/uploads\/2022\/05\/IMG_20220501_153500_949-768x576.jpg 768w, https:\/\/www.lab.eus\/wp-content\/uploads\/2022\/05\/IMG_20220501_153500_949-150x113.jpg 150w, https:\/\/www.lab.eus\/wp-content\/uploads\/2022\/05\/IMG_20220501_153500_949-696x522.jpg 696w, https:\/\/www.lab.eus\/wp-content\/uploads\/2022\/05\/IMG_20220501_153500_949-1068x801.jpg 1068w, https:\/\/www.lab.eus\/wp-content\/uploads\/2022\/05\/IMG_20220501_153500_949-560x420.jpg 560w, https:\/\/www.lab.eus\/wp-content\/uploads\/2022\/05\/IMG_20220501_153500_949-80x60.jpg 80w, https:\/\/www.lab.eus\/wp-content\/uploads\/2022\/05\/IMG_20220501_153500_949-265x198.jpg 265w, https:\/\/www.lab.eus\/wp-content\/uploads\/2022\/05\/IMG_20220501_153500_949.jpg 1280w\" sizes=\"auto, (max-width: 1024px) 100vw, 1024px\" \/><\/figure><\/li><li class=\"blocks-gallery-item\"><figure><img loading=\"lazy\" decoding=\"async\" width=\"1024\" height=\"769\" src=\"https:\/\/www.lab.eus\/wp-content\/uploads\/2022\/05\/IMG_20220501_155501_583-2-1024x769.jpg\" alt=\"\" data-id=\"46933\" data-link=\"https:\/\/www.lab.eus\/es\/con-la-llegada-del-primero-de-mayo-nos-hemos-movilizado-en-hego-e-ipar-euskal-herria-para-reclamar-el-reparto-de-los-cuidados-el-empleo-y-la-riqueza\/img_20220501_155501_583-2-2\/\" class=\"wp-image-46933\" srcset=\"https:\/\/www.lab.eus\/wp-content\/uploads\/2022\/05\/IMG_20220501_155501_583-2-1024x769.jpg 1024w, https:\/\/www.lab.eus\/wp-content\/uploads\/2022\/05\/IMG_20220501_155501_583-2-300x225.jpg 300w, https:\/\/www.lab.eus\/wp-content\/uploads\/2022\/05\/IMG_20220501_155501_583-2-768x577.jpg 768w, https:\/\/www.lab.eus\/wp-content\/uploads\/2022\/05\/IMG_20220501_155501_583-2-150x113.jpg 150w, https:\/\/www.lab.eus\/wp-content\/uploads\/2022\/05\/IMG_20220501_155501_583-2-696x523.jpg 696w, https:\/\/www.lab.eus\/wp-content\/uploads\/2022\/05\/IMG_20220501_155501_583-2-1068x802.jpg 1068w, https:\/\/www.lab.eus\/wp-content\/uploads\/2022\/05\/IMG_20220501_155501_583-2-559x420.jpg 559w, https:\/\/www.lab.eus\/wp-content\/uploads\/2022\/05\/IMG_20220501_155501_583-2-80x60.jpg 80w, https:\/\/www.lab.eus\/wp-content\/uploads\/2022\/05\/IMG_20220501_155501_583-2-265x198.jpg 265w, https:\/\/www.lab.eus\/wp-content\/uploads\/2022\/05\/IMG_20220501_155501_583-2.jpg 1280w\" sizes=\"auto, (max-width: 1024px) 100vw, 1024px\" \/><\/figure><\/li><li class=\"blocks-gallery-item\"><figure><img loading=\"lazy\" decoding=\"async\" width=\"1024\" height=\"768\" src=\"https:\/\/www.lab.eus\/wp-content\/uploads\/2022\/05\/20220501_185715-1-1024x768.jpg\" alt=\"\" data-id=\"46956\" data-full-url=\"https:\/\/www.lab.eus\/wp-content\/uploads\/2022\/05\/20220501_185715-1.jpg\" data-link=\"https:\/\/www.lab.eus\/es\/con-la-llegada-del-primero-de-mayo-nos-hemos-movilizado-en-hego-e-ipar-euskal-herria-para-reclamar-el-reparto-de-los-cuidados-el-empleo-y-la-riqueza\/20220501_185715-1\/\" class=\"wp-image-46956\" srcset=\"https:\/\/www.lab.eus\/wp-content\/uploads\/2022\/05\/20220501_185715-1-1024x768.jpg 1024w, https:\/\/www.lab.eus\/wp-content\/uploads\/2022\/05\/20220501_185715-1-300x225.jpg 300w, https:\/\/www.lab.eus\/wp-content\/uploads\/2022\/05\/20220501_185715-1-768x576.jpg 768w, https:\/\/www.lab.eus\/wp-content\/uploads\/2022\/05\/20220501_185715-1-1536x1152.jpg 1536w, https:\/\/www.lab.eus\/wp-content\/uploads\/2022\/05\/20220501_185715-1-2048x1536.jpg 2048w, https:\/\/www.lab.eus\/wp-content\/uploads\/2022\/05\/20220501_185715-1-150x113.jpg 150w, https:\/\/www.lab.eus\/wp-content\/uploads\/2022\/05\/20220501_185715-1-696x522.jpg 696w, https:\/\/www.lab.eus\/wp-content\/uploads\/2022\/05\/20220501_185715-1-1068x801.jpg 1068w, https:\/\/www.lab.eus\/wp-content\/uploads\/2022\/05\/20220501_185715-1-1920x1440.jpg 1920w, https:\/\/www.lab.eus\/wp-content\/uploads\/2022\/05\/20220501_185715-1-560x420.jpg 560w, https:\/\/www.lab.eus\/wp-content\/uploads\/2022\/05\/20220501_185715-1-80x60.jpg 80w, https:\/\/www.lab.eus\/wp-content\/uploads\/2022\/05\/20220501_185715-1-265x198.jpg 265w\" sizes=\"auto, (max-width: 1024px) 100vw, 1024px\" \/><\/figure><\/li><li class=\"blocks-gallery-item\"><figure><img loading=\"lazy\" decoding=\"async\" width=\"1024\" height=\"633\" src=\"https:\/\/www.lab.eus\/wp-content\/uploads\/2022\/05\/20220501_185710-1.jpg\" alt=\"\" data-id=\"46959\" data-full-url=\"https:\/\/www.lab.eus\/wp-content\/uploads\/2022\/05\/20220501_185710-1.jpg\" data-link=\"https:\/\/www.lab.eus\/es\/con-la-llegada-del-primero-de-mayo-nos-hemos-movilizado-en-hego-e-ipar-euskal-herria-para-reclamar-el-reparto-de-los-cuidados-el-empleo-y-la-riqueza\/20220501_185710-1\/\" class=\"wp-image-46959\" srcset=\"https:\/\/www.lab.eus\/wp-content\/uploads\/2022\/05\/20220501_185710-1.jpg 1024w, https:\/\/www.lab.eus\/wp-content\/uploads\/2022\/05\/20220501_185710-1-300x185.jpg 300w, https:\/\/www.lab.eus\/wp-content\/uploads\/2022\/05\/20220501_185710-1-768x475.jpg 768w, https:\/\/www.lab.eus\/wp-content\/uploads\/2022\/05\/20220501_185710-1-150x93.jpg 150w, https:\/\/www.lab.eus\/wp-content\/uploads\/2022\/05\/20220501_185710-1-696x430.jpg 696w, https:\/\/www.lab.eus\/wp-content\/uploads\/2022\/05\/20220501_185710-1-679x420.jpg 679w, https:\/\/www.lab.eus\/wp-content\/uploads\/2022\/05\/20220501_185710-1-356x220.jpg 356w\" sizes=\"auto, (max-width: 1024px) 100vw, 1024px\" \/><\/figure><\/li><li class=\"blocks-gallery-item\"><figure><img loading=\"lazy\" decoding=\"async\" width=\"1024\" height=\"576\" src=\"https:\/\/www.lab.eus\/wp-content\/uploads\/2022\/05\/20220501_185706-1.jpg\" alt=\"\" data-id=\"46961\" data-full-url=\"https:\/\/www.lab.eus\/wp-content\/uploads\/2022\/05\/20220501_185706-1.jpg\" data-link=\"https:\/\/www.lab.eus\/es\/con-la-llegada-del-primero-de-mayo-nos-hemos-movilizado-en-hego-e-ipar-euskal-herria-para-reclamar-el-reparto-de-los-cuidados-el-empleo-y-la-riqueza\/20220501_185706-1\/\" class=\"wp-image-46961\" srcset=\"https:\/\/www.lab.eus\/wp-content\/uploads\/2022\/05\/20220501_185706-1.jpg 1024w, https:\/\/www.lab.eus\/wp-content\/uploads\/2022\/05\/20220501_185706-1-300x169.jpg 300w, https:\/\/www.lab.eus\/wp-content\/uploads\/2022\/05\/20220501_185706-1-768x432.jpg 768w, https:\/\/www.lab.eus\/wp-content\/uploads\/2022\/05\/20220501_185706-1-150x84.jpg 150w, https:\/\/www.lab.eus\/wp-content\/uploads\/2022\/05\/20220501_185706-1-696x392.jpg 696w, https:\/\/www.lab.eus\/wp-content\/uploads\/2022\/05\/20220501_185706-1-747x420.jpg 747w\" sizes=\"auto, (max-width: 1024px) 100vw, 1024px\" \/><\/figure><\/li><\/ul><\/figure>\n","protected":false},"excerpt":{"rendered":"<p>En las manifestaciones hemos reiterado nuestra apuesta por el triple reparto, bajo el lema \u00abAltxa! Egin dezagun posible. Por el reparto de los cuidados, el empleo y la riqueza\u00bb. Al t\u00e9rmino de las movilizaciones, hemos organizado espacios l\u00fadicos para que la jornada reivindicativa se convierta tambi\u00e9n en una jornada festiva.<\/p>\n","protected":false},"author":1189,"featured_media":46832,"comment_status":"closed","ping_status":"closed","sticky":false,"template":"","format":"video","meta":{"_monsterinsights_skip_tracking":false,"_monsterinsights_sitenote_active":false,"_monsterinsights_sitenote_note":"","_monsterinsights_sitenote_category":0,"footnotes":"","_links_to":"","_links_to_target":""},"categories":[3402,11],"tags":[3180,3504,3260],"class_list":{"0":"post-46517","1":"post","2":"type-post","3":"status-publish","4":"format-video","5":"has-post-thumbnail","7":"category-accion-politica","8":"category-es-sindicato-lab","9":"tag-destacado-3","10":"tag-m1-2022-es","11":"tag-sindicato-lab-es","12":"post_format-post-format-video"},"_links":{"self":[{"href":"https:\/\/www.lab.eus\/es\/wp-json\/wp\/v2\/posts\/46517","targetHints":{"allow":["GET"]}}],"collection":[{"href":"https:\/\/www.lab.eus\/es\/wp-json\/wp\/v2\/posts"}],"about":[{"href":"https:\/\/www.lab.eus\/es\/wp-json\/wp\/v2\/types\/post"}],"author":[{"embeddable":true,"href":"https:\/\/www.lab.eus\/es\/wp-json\/wp\/v2\/users\/1189"}],"replies":[{"embeddable":true,"href":"https:\/\/www.lab.eus\/es\/wp-json\/wp\/v2\/comments?post=46517"}],"version-history":[{"count":0,"href":"https:\/\/www.lab.eus\/es\/wp-json\/wp\/v2\/posts\/46517\/revisions"}],"wp:featuredmedia":[{"embeddable":true,"href":"https:\/\/www.lab.eus\/es\/wp-json\/wp\/v2\/media\/46832"}],"wp:attachment":[{"href":"https:\/\/www.lab.eus\/es\/wp-json\/wp\/v2\/media?parent=46517"}],"wp:term":[{"taxonomy":"category","embeddable":true,"href":"https:\/\/www.lab.eus\/es\/wp-json\/wp\/v2\/categories?post=46517"},{"taxonomy":"post_tag","embeddable":true,"href":"https:\/\/www.lab.eus\/es\/wp-json\/wp\/v2\/tags?post=46517"}],"curies":[{"name":"wp","href":"https:\/\/api.w.org\/{rel}","templated":true}]}}