{"id":46463,"date":"2022-04-25T10:48:29","date_gmt":"2022-04-25T10:48:29","guid":{"rendered":"https:\/\/www.lab.eus\/?p=46463"},"modified":"2022-04-25T10:50:50","modified_gmt":"2022-04-25T10:50:50","slug":"llamamos-a-la-huelga-a-las-y-los-trabajadores-del-comercio-de-bizkaia-para-el-29-de-abril-y-el-6-y-el-13-de-mayo","status":"publish","type":"post","link":"https:\/\/www.lab.eus\/es\/llamamos-a-la-huelga-a-las-y-los-trabajadores-del-comercio-de-bizkaia-para-el-29-de-abril-y-el-6-y-el-13-de-mayo\/","title":{"rendered":"Llamamos a la huelga a las trabajadores del comercio de Bizkaia para el 29 de abril y el 6 y el 13 de mayo"},"content":{"rendered":"\n<p>Contenido de la rueda de prensa realizada hoy con motivo de la huelga convocada por LAB, ELA y ESK:<\/p>\n\n\n\n<p>Como consecuencia de las Reformas Laborales la Patronal ha bloqueado sistem\u00e1ticamente la negociaci\u00f3n de muchos convenios, entre otros, los Convenios de Textil, General y Piel y Calzado que llevan sin renovarse desde 2015, 2018 y 2007 respectivamente.<\/p>\n\n\n\n<p>La pandemia y el actual escenario de inestabilidad econ\u00f3mica no han ayudado y les est\u00e1 sirviendo de excusa para atrasar a\u00fan m\u00e1s la negociaci\u00f3n de los convenios y aprovecharse de la devaluaci\u00f3n salarial que supone no renovarlos favoreciendo as\u00ed el excedente empresarial.<\/p>\n\n\n\n<p>El sector de comercio est\u00e1 sufriendo una profunda trasformaci\u00f3n debido a la digitalizaci\u00f3n que est\u00e1 poniendo en jaque gran parte del empleo, sobre todo en las grandes empresas. Como consecuencia de este proceso y de las ventas online en los \u00faltimos meses hemos sufrido diversos ataques laborales por parte de las empesas: modificaciones sustanciales, movilidades funcionales, exceso de carga de trabajo, ausencia de medidas de conciliaci\u00f3n&nbsp;e infinidad de EREs y despidos individuales&#8230;<\/p>\n\n\n\n<p>El pasado 5 de enero las trabajadoras del Sector del Comercio Textil , General y Piel y Calzado iniciamos un proceso de movilizaciones por toda Bizkaia, motivado por el bloqueo en las negociaciones de los convenios. Cada viernes desde dicha fecha nos hemos movilizado por la diferente comarcas para reivindicar convenios con contenidos dignos.<\/p>\n\n\n\n<p>La patronal, CECOBI y BIZKAIDENDAK, est\u00e1 muy c\u00f3moda en el actual contexto y se atreve incluso a plantear elementos regresivos en las mesas de negociaci\u00f3n. Pretenden eliminar o limitar&nbsp;&nbsp;parte de nuestras condiciones laborales. Derechos que han sido obtenidos a base de muchos a\u00f1os de lucha en las calles.<\/p>\n\n\n\n<p>Entre otras cuestiones plantean la apertura de domingos y festivos insistiendo en que es el \u00fanico \u00e1mbito en el Estado donde sigue sin abrirse, cuando contamos con \u00e9ste derecho gracias a las importantes movilizaciones que hemos llevado a cabo durante a\u00f1os para poder conciliar nuestras vidas familiares y laborales.<\/p>\n\n\n\n<p>No vamos a renunciar jamas a derechos que hemos conquistado despu\u00e9s de a\u00f1os de lucha sindical. Queremos iniciar una negociaci\u00f3n seria y con contenidos que aborde los problemas reales que sufrimos las trabajadoras del sector. Las grandes empresas llevan a\u00f1os obteniendo much\u00edsimos beneficios, por lo que ya va siendo hora de que los beneficios obtenidos se reviertan en una mejora de condiciones de vida y trabajo de las plantillas.<\/p>\n\n\n\n<p>Nuestras principales reivindicaciones son las siguientes:<\/p>\n\n\n\n<p>*Incrementos salariales por encima del IPC, con pago de atrasos de a\u00f1os anteriores.<\/p>\n\n\n\n<p>*Consolidaci\u00f3n de jornada para los contratos a tiempo parcial.<\/p>\n\n\n\n<p>*Reducci\u00f3n de jornada importante para empresas que lleven a cabo procesos de trasformaci\u00f3n digital como medida de protecci\u00f3n de empleo. A mayor venta digital, menor jornada de trabajo.<\/p>\n\n\n\n<p>*Regulaci\u00f3n de nuevas categor\u00edas ligadas a la digitalizaci\u00f3n: atenci\u00f3n al cliente, reparto y preparaci\u00f3n de paqueter\u00eda&#8230;<\/p>\n\n\n\n<p>*Pluses ligados a las tareas vinculadas a la digitalizaci\u00f3n.<\/p>\n\n\n\n<p>*Obligaci\u00f3n de tener un plan de Igualdad en los centros de \u00e1mbito provincial de Bizkaia incorporando medidas para acabar con la discriminaci\u00f3n de g\u00e9nero<\/p>\n\n\n\n<p>*&#8230;<\/p>\n\n\n\n<p>Tenemos claro que para conseguir buenos contenidos va a ser imprescindible la movilizaci\u00f3n de las trabajadoras del sector y por eso hacemos un llamamiento a todas y todos los trabajadores del sector Textil, Piel y Calzado y General a que secunden la huelga convocada para los d\u00edas 29 de abril,&nbsp;&nbsp;6 y 13 de mayo.<\/p>\n\n\n\n<p>Con estos tres d\u00eda de huelga vamos a iniciar una lucha, sostenida en el tiempo, para obligar a la patronal a renovar los convenios con condiciones dignas. Por eso pedimos que todas y todos los trabajadores del sector participen activamente en la movilizaciones que se convoquen esos d\u00edas.<\/p>\n\n\n\n<p>Para empezar, el 29 de abril por la ma\u00f1ana, realizaremos piketes en la entrada de distintas zonas comerciales, para despu\u00e9s juntarnos a las 12.00 en la plaza Arriaga de Bilbo y hacer juntas el camino a la sede de Confebask, donde no tendr\u00e1n m\u00e1s remedio que escucharnos.&nbsp;<\/p>\n","protected":false},"excerpt":{"rendered":"<p>Con estos tres d\u00eda de huelga vamos a iniciar una lucha, sostenida en el tiempo, para obligar a la patronal a renovar los convenios con condiciones dignas. <\/p>\n","protected":false},"author":1189,"featured_media":46462,"comment_status":"closed","ping_status":"closed","sticky":false,"template":"","format":"standard","meta":{"_monsterinsights_skip_tracking":false,"_monsterinsights_sitenote_active":false,"_monsterinsights_sitenote_note":"","_monsterinsights_sitenote_category":0,"footnotes":"","_links_to":"","_links_to_target":""},"categories":[18,2955,8,3283],"tags":[3033,3178,3172],"class_list":{"0":"post-46463","1":"post","2":"type-post","3":"status-publish","4":"format-standard","5":"has-post-thumbnail","7":"category-es-accion-sindical","8":"category-comercio","9":"category-es-servicios-privados","10":"category-sin-categorizar","11":"tag-accion-sindical-es","12":"tag-destacado-1","13":"tag-servicios-privados-es"},"_links":{"self":[{"href":"https:\/\/www.lab.eus\/es\/wp-json\/wp\/v2\/posts\/46463","targetHints":{"allow":["GET"]}}],"collection":[{"href":"https:\/\/www.lab.eus\/es\/wp-json\/wp\/v2\/posts"}],"about":[{"href":"https:\/\/www.lab.eus\/es\/wp-json\/wp\/v2\/types\/post"}],"author":[{"embeddable":true,"href":"https:\/\/www.lab.eus\/es\/wp-json\/wp\/v2\/users\/1189"}],"replies":[{"embeddable":true,"href":"https:\/\/www.lab.eus\/es\/wp-json\/wp\/v2\/comments?post=46463"}],"version-history":[{"count":0,"href":"https:\/\/www.lab.eus\/es\/wp-json\/wp\/v2\/posts\/46463\/revisions"}],"wp:featuredmedia":[{"embeddable":true,"href":"https:\/\/www.lab.eus\/es\/wp-json\/wp\/v2\/media\/46462"}],"wp:attachment":[{"href":"https:\/\/www.lab.eus\/es\/wp-json\/wp\/v2\/media?parent=46463"}],"wp:term":[{"taxonomy":"category","embeddable":true,"href":"https:\/\/www.lab.eus\/es\/wp-json\/wp\/v2\/categories?post=46463"},{"taxonomy":"post_tag","embeddable":true,"href":"https:\/\/www.lab.eus\/es\/wp-json\/wp\/v2\/tags?post=46463"}],"curies":[{"name":"wp","href":"https:\/\/api.w.org\/{rel}","templated":true}]}}