{"id":46281,"date":"2022-04-13T08:00:00","date_gmt":"2022-04-13T08:00:00","guid":{"rendered":"https:\/\/www.lab.eus\/?p=46281"},"modified":"2022-04-13T11:10:37","modified_gmt":"2022-04-13T11:10:37","slug":"no-podemos-tolerar-compartamientos-propios-del-siglo-xix","status":"publish","type":"post","link":"https:\/\/www.lab.eus\/es\/no-podemos-tolerar-compartamientos-propios-del-siglo-xix\/","title":{"rendered":"No toleraremos comportamientos propios del siglo XIX"},"content":{"rendered":"\n<p>Los sindicatos LAB y ESK nos hemos concentrado frente a la sede del Consorcio de Aguas de Bilbao Bizkaia para denunciar que una de sus empresas contratistas, Ansareo Servicios Integrales SL, ha despedido a dos trabajadores, Carlos y Aritz, en una clara represalia a la labor sindical que ambos estaban desarrollando.<\/p>\n\n\n\n<p>Tan pronto como la direcci\u00f3n tuvo conocimiento de que ambos trabajadores estaban organizando a los trabajadores para promover elecciones sindicales en el centro de trabajo de esta empresa en el Pol\u00edgono Industrial Granada de Ortuella, ambos fueron despedidos de manera fulminante. Utilizando unas formas m\u00e1s propias de otras \u00e9pocas, responsables de la empresa reunieron a todas y todos los trabajadores del centro de trabajo y despidieron a Aritz y Carlos delante de todos sus compa\u00f1eras y compa\u00f1eros.<\/p>\n\n\n\n<p>Este comportamiento nos deja muy claro que, adem\u00e1s de cortar la acci\u00f3n sindical de los dos compa\u00f1eros, el objetivo de la empresa iba m\u00e1s all\u00e1. La verdadera intenci\u00f3n con esta conducta no es otra que extender el miedo entre toda la plantilla.<\/p>\n\n\n\n<p>Ansareo Servicios Integrales es una de las empresas pertenecientes al holding empresarial propiedad de la familia Ansareo. Este grupo engloba diversas empresas vinculadas a la prestaci\u00f3n de servicios (alcantarillado, jardiner\u00eda y otros) cuyos clientes principales son las administraciones p\u00fablicas.&nbsp;&nbsp;Entre estos destacan el Consorcio de Aguas o el propio ayuntamiento de Bilbo, adem\u00e1s de numerosos ayuntamientos de Bizkaia.<\/p>\n\n\n\n<p>Los sindicatos LAB y ESK queremos decir alto y claro que vamos a pelear sin descanso hasta conseguir la readmisi\u00f3n de Carlos y Aritz. No podemos tolerar este tipo de comportamientos propios del siglo XIX.<\/p>\n","protected":false},"excerpt":{"rendered":"<p>Nos hemos concentrado frente a la sede del Consorcio de Aguas de Bilbao Bizkaia para denunciar que una de sus empresas contratistas, Ansareo Servicios Integrales, ha despedido a dos trabajadores en una clara represalia a la labor sindical que ambos estaban desarrollando.<\/p>\n","protected":false},"author":1189,"featured_media":46277,"comment_status":"closed","ping_status":"closed","sticky":false,"template":"","format":"standard","meta":{"_monsterinsights_skip_tracking":false,"_monsterinsights_sitenote_active":false,"_monsterinsights_sitenote_note":"","_monsterinsights_sitenote_category":0,"footnotes":"","_links_to":"","_links_to_target":""},"categories":[18,321],"tags":[3033,3178],"class_list":{"0":"post-46281","1":"post","2":"type-post","3":"status-publish","4":"format-standard","5":"has-post-thumbnail","7":"category-es-accion-sindical","8":"category-es-acoso-sindical","9":"tag-accion-sindical-es","10":"tag-destacado-1"},"_links":{"self":[{"href":"https:\/\/www.lab.eus\/es\/wp-json\/wp\/v2\/posts\/46281","targetHints":{"allow":["GET"]}}],"collection":[{"href":"https:\/\/www.lab.eus\/es\/wp-json\/wp\/v2\/posts"}],"about":[{"href":"https:\/\/www.lab.eus\/es\/wp-json\/wp\/v2\/types\/post"}],"author":[{"embeddable":true,"href":"https:\/\/www.lab.eus\/es\/wp-json\/wp\/v2\/users\/1189"}],"replies":[{"embeddable":true,"href":"https:\/\/www.lab.eus\/es\/wp-json\/wp\/v2\/comments?post=46281"}],"version-history":[{"count":0,"href":"https:\/\/www.lab.eus\/es\/wp-json\/wp\/v2\/posts\/46281\/revisions"}],"wp:featuredmedia":[{"embeddable":true,"href":"https:\/\/www.lab.eus\/es\/wp-json\/wp\/v2\/media\/46277"}],"wp:attachment":[{"href":"https:\/\/www.lab.eus\/es\/wp-json\/wp\/v2\/media?parent=46281"}],"wp:term":[{"taxonomy":"category","embeddable":true,"href":"https:\/\/www.lab.eus\/es\/wp-json\/wp\/v2\/categories?post=46281"},{"taxonomy":"post_tag","embeddable":true,"href":"https:\/\/www.lab.eus\/es\/wp-json\/wp\/v2\/tags?post=46281"}],"curies":[{"name":"wp","href":"https:\/\/api.w.org\/{rel}","templated":true}]}}