{"id":46251,"date":"2022-04-13T09:08:23","date_gmt":"2022-04-13T09:08:23","guid":{"rendered":"https:\/\/www.lab.eus\/?p=46251"},"modified":"2022-04-19T14:30:12","modified_gmt":"2022-04-19T14:30:12","slug":"hemos-reivindicado-soberania-paz-y-transformacion-con-motivo-del-aberri-eguna","status":"publish","type":"post","link":"https:\/\/www.lab.eus\/es\/hemos-reivindicado-soberania-paz-y-transformacion-con-motivo-del-aberri-eguna\/","title":{"rendered":"Hemos reivindicado soberan\u00eda, paz y transformaci\u00f3n con motivo del Aberri Eguna"},"content":{"rendered":"\n<p>El sindicato LAB ha elaborado una declaraci\u00f3n con motivo del Aberri Eguna de 2022, bajo el t\u00edtulo \u00abHag\u00e1moslo en Euskal Herria. Soberan\u00eda, paz, transformaci\u00f3n\u00bb.<\/p>\n\n\n\n<div class=\"wp-block-file\"><a href=\"https:\/\/www.lab.eus\/wp-content\/uploads\/2022\/04\/13-LAB_Aberri-Eguna_ES.pdf\">Declaraci\u00f3n de LAB con motivo del Aberri Eguna de 2022<\/a><a href=\"https:\/\/www.lab.eus\/wp-content\/uploads\/2022\/04\/13-LAB_Aberri-Eguna_ES.pdf\" class=\"wp-block-file__button\" download>Deskargatu<\/a><\/div>\n\n\n\n<div class=\"wp-block-file\"><a href=\"https:\/\/www.lab.eus\/wp-content\/uploads\/2022\/04\/13-LAB_Aberri-Eguna_EU.pdf\">2022ko Aberri Eguneko LABen adierazpena<\/a><a href=\"https:\/\/www.lab.eus\/wp-content\/uploads\/2022\/04\/13-LAB_Aberri-Eguna_EU.pdf\" class=\"wp-block-file__button\" download>Deskargatu<\/a><\/div>\n\n\n\n<div class=\"wp-block-file\"><a href=\"https:\/\/www.lab.eus\/wp-content\/uploads\/2022\/04\/13-LAB_Aberri-Eguna_FR.pdf\">D\u00e9claration de LAB&nbsp;\u00e0 l&#8217; occasion de l&#8217; Aberri Eguna de 2022<\/a><a href=\"https:\/\/www.lab.eus\/wp-content\/uploads\/2022\/04\/13-LAB_Aberri-Eguna_FR.pdf\" class=\"wp-block-file__button\" download>Deskargatu<\/a><\/div>\n\n\n\n<p>\u00abHagamos en Euskal Herria lo que no se puede en Madrid y en Par\u00eds: soberan\u00eda y autodeterminaci\u00f3n, paz y transformaci\u00f3n\u00bb, hemos se\u00f1alado en el documento, al tiempo que hemos advertido de que la oferta del sistema se basa en \u00abimperialismo, guerra y crisis\u00bb.<\/p>\n\n\n\n<p>En palabras del sindicato, \u00abjunto con la realizaci\u00f3n de nuestra aportaci\u00f3n a la Convivencia Democr\u00e1tica, pretendemos llevar a la pr\u00e1ctica una estrategia transformadora e independentista, haci\u00e9ndolo posible en Euskal Herria lo que no es posible en los Estados, con propuestas para la constituci\u00f3n del Marco Vasco de Relaciones Laborales y Protecci\u00f3n Social (MVRLPS), desarrollando iniciativas para hacer posible la realizaci\u00f3n del C\u00f3digo Laboral y de la Ley de Seguridad Social de Euskal Herria, como el acuerdo intersectorial para el empleo digno\u00bb.<\/p>\n\n\n\n<p>LAB quiere desarrollar un sindicalismo para todos los trabajadores y trabajadoras, lo que significa necesariamente desarrollar un sindicalismo feminista y antirracista, \u00abapostando por la triple distribuci\u00f3n de empleo, cuidados y riqueza, repartiendo y dignificando el cuidado y el trabajo, favoreciendo la redistribuci\u00f3n de la riqueza. Vamos a convertir la lucha por las condiciones de trabajo y de vida en un activo soberanista, haciendo pedagog\u00eda independentista\u00bb.&nbsp;<\/p>\n\n\n\n<p>Para finalizar, hemos animado a nuestra militancia a participar en las manifestaciones convocadas por la iniciativa&nbsp;Euskal Herria Batera, EH Bildu y EH Bai en el marco del Aberri Eguna.<\/p>\n","protected":false},"excerpt":{"rendered":"<p>Hemos elaborado una declaraci\u00f3n en v\u00edsperas de la simb\u00f3lica fecha del domingo. \u00abHagamos en Euskal Herria lo que no se puede en Madrid y en Par\u00eds: soberan\u00eda y autodeterminaci\u00f3n, paz y transformaci\u00f3n\u00bb, hemos se\u00f1alado en el documento, al tiempo que hemos advertido de que la oferta del sistema es \u00abimperialismo, guerra y crisis\u00bb.<\/p>\n","protected":false},"author":1189,"featured_media":46247,"comment_status":"closed","ping_status":"closed","sticky":false,"template":"","format":"standard","meta":{"_monsterinsights_skip_tracking":false,"_monsterinsights_sitenote_active":false,"_monsterinsights_sitenote_note":"","_monsterinsights_sitenote_category":0,"footnotes":"","_links_to":"","_links_to_target":""},"categories":[3402,3301],"tags":[3178,3231],"class_list":{"0":"post-46251","1":"post","2":"type-post","3":"status-publish","4":"format-standard","5":"has-post-thumbnail","7":"category-accion-politica","8":"category-euskal-herria-es-2","9":"tag-destacado-1","10":"tag-euskal-herria-es"},"_links":{"self":[{"href":"https:\/\/www.lab.eus\/es\/wp-json\/wp\/v2\/posts\/46251","targetHints":{"allow":["GET"]}}],"collection":[{"href":"https:\/\/www.lab.eus\/es\/wp-json\/wp\/v2\/posts"}],"about":[{"href":"https:\/\/www.lab.eus\/es\/wp-json\/wp\/v2\/types\/post"}],"author":[{"embeddable":true,"href":"https:\/\/www.lab.eus\/es\/wp-json\/wp\/v2\/users\/1189"}],"replies":[{"embeddable":true,"href":"https:\/\/www.lab.eus\/es\/wp-json\/wp\/v2\/comments?post=46251"}],"version-history":[{"count":0,"href":"https:\/\/www.lab.eus\/es\/wp-json\/wp\/v2\/posts\/46251\/revisions"}],"wp:featuredmedia":[{"embeddable":true,"href":"https:\/\/www.lab.eus\/es\/wp-json\/wp\/v2\/media\/46247"}],"wp:attachment":[{"href":"https:\/\/www.lab.eus\/es\/wp-json\/wp\/v2\/media?parent=46251"}],"wp:term":[{"taxonomy":"category","embeddable":true,"href":"https:\/\/www.lab.eus\/es\/wp-json\/wp\/v2\/categories?post=46251"},{"taxonomy":"post_tag","embeddable":true,"href":"https:\/\/www.lab.eus\/es\/wp-json\/wp\/v2\/tags?post=46251"}],"curies":[{"name":"wp","href":"https:\/\/api.w.org\/{rel}","templated":true}]}}