{"id":46230,"date":"2022-04-12T11:43:00","date_gmt":"2022-04-12T11:43:00","guid":{"rendered":"https:\/\/www.lab.eus\/?p=46230"},"modified":"2022-04-13T07:50:51","modified_gmt":"2022-04-13T07:50:51","slug":"hemos-advertido-a-osakidetza-que-no-volveremos-a-la-mesa-hasta-que-haya-propuestas-concretas-sobre-sus-reivindicaciones","status":"publish","type":"post","link":"https:\/\/www.lab.eus\/es\/hemos-advertido-a-osakidetza-que-no-volveremos-a-la-mesa-hasta-que-haya-propuestas-concretas-sobre-sus-reivindicaciones\/","title":{"rendered":"Hemos advertido a Osakidetza que no volveremos a la mesa hasta que haya propuestas concretas sobre sus reivindicaciones"},"content":{"rendered":"\n<p>Comunicado de los sindicatos LAB, SATSE, ELA, CCOO, UGT y ESK:<\/p>\n\n\n\n<p>Tras el m\u00e1s absoluto fracaso de la reuni\u00f3n celebrada el pasado 01 de abril, cita en la que Osakidetza volvi\u00f3 a dejar patente su nula voluntad negociadora y su apuesta por la senda de la imposici\u00f3n y la propaganda, el pasado viernes, <a href=\"https:\/\/www.lab.eus\/es\/hemos-vuelto-a-secundar-una-nueva-huelga-en-la-atencion-primaria-para-denunciar-la-grave-situacion-en-osakidetza\/\">jornada de huelga en Atenci\u00f3n Primaria<\/a>, recibimos una notificaci\u00f3n de Osakidetza en la que se nos comunicaba la convocatoria de reuni\u00f3n de la Mesa para el pr\u00f3ximo d\u00eda 27 y se nos emplazaba a notificar los temas que queremos tratar en la citada reuni\u00f3n.<\/p>\n\n\n\n<p>Cabe se\u00f1alar, en primer lugar, que este movimiento vuelve a dejar patente que s\u00f3lo la movilizaci\u00f3n y la huelga consiguen mover a Osakidetza de sus posiciones. Tras mostrar un absoluto inmovilismo en la \u00faltima reuni\u00f3n, el propio d\u00eda de la huelga, se nos notifica una nueva fecha de reuni\u00f3n en un intento de minimizar su impacto y de mostrar una voluntad negociadora que hasta ahora no ha existido.<\/p>\n\n\n\n<p>En la se\u00f1alada notificaci\u00f3n, Osakidetza nos emplaza a que se\u00f1alemos los temas que queremos tratar en la reuni\u00f3n. El Departamento de Salud conoce sobradamente nuestras reivindicaciones, el qu\u00e9 y el c\u00f3mo de las mismas. Muchas de ellas ya han sido tratadas anteriormente en la Mesa Sectorial de Osakidetza, y son f\u00e1cilmente solucionables desde la voluntad. Es por ello que, en la \u00faltima reuni\u00f3n, le hicimos a Osakidetza una doble solicitud: por una parte la materializaci\u00f3n y puesta en marcha de aquellas cuestiones que, de manera inmediata, se pueden materializar; y la calendariazaci\u00f3n de la negociaci\u00f3n del resto de cuestiones, siendo conscientes de que son cuestiones que no es posible negociar en una sola reuni\u00f3n.<\/p>\n\n\n\n<p>En concreto, solicitamos que, de manera inmediata se proceda al cumplimiento de los acuerdos de Mesa Sectorial, entre los que destaca el de Desarrollo Profesional; la equiparaci\u00f3n del 4% y el&nbsp;Complemento de turnicidad; que se aborde la situaci\u00f3n de la Atenci\u00f3n Primaria y la recuperaci\u00f3n de los horarios y reapertura de los PAC; y la calendarizaci\u00f3n de la negociaci\u00f3n del resto de reivindicaciones. Como ya es sabido, tras dos horas de reuni\u00f3n en las que no se produjo ning\u00fan avance, los sindicatos decidimos abandonar la Mesa.<\/p>\n\n\n\n<p>Pues bien, tras la convocatoria de tres jornadas de huelga y las previstas pr\u00f3ximamente, en concreto, en el CVTTH entre el 19 y el 22 de abril y en en la red de hospitales y salud mental para el pr\u00f3ximo 16 de mayo, hemos vuelto a exigir a Osakidetza que cumpla, de manera inmediata, con aquellas cuestiones que puede poner en marcha de forma inmediata y que hemos detallado, y que establezca un calendario de negociaci\u00f3n del resto de contenidos.<\/p>\n\n\n\n<p>Cabe recordar que, tras abandonar la Mesa Sectorial por su evidente falta de contenido y negociaci\u00f3n, el pasado 1 de abril, como muestra de nuestra voluntad negociadora, decidimos acudir a la reuni\u00f3n convocada por Osakidetza. No obstante, queremos advertirle al Departamento de Salud, tal y como ya se\u00f1alamos en la propia reuni\u00f3n, que no volveremos a la Mesa Sectorial hasta que no haya propuestas concretas sobre nuestras reivindicaciones. Es por ello que emplazamos a Osakidetza a dar pasos para dignificar las precarias condiciones laborales de su plantilla y en esa senda, a que nos remita una propuesta concreta sobre nuestras reivindicaciones.<\/p>\n\n\n\n<p>Es intolerable que mientras el Gobierno Vasco presume de haber ahorrado 605 millones de euros en el ejercicio 2021, Osakidetza llega a negar que exista un problema en la Atenci\u00f3n Primaria y el Ararteko se hace eco del aumento en el n\u00famero de quejas recibidas sobre el servicio sanitario que se ofrece a la ciudadan\u00eda, el Departamento de Salud se niegue a negociar cuestiones como el aumento del presupuesto de Osakidetza para el ejercicio 2023, hasta llegar a la media de la UE (7% del PIB), destinando un 25% del mismo a la atenci\u00f3n primaria; adecuar el dimensionamiento de las plantillas, con la creaci\u00f3n de miles de puestos de trabajo y acabar con la temporalidad que sufren m\u00e1s de 24.600 trabajadores y trabajadoras hasta rebajarla al 8%; la recuperaci\u00f3n del poder adquisitivo perdido y la reversi\u00f3n de todos los recortes, incluido el aplicado en el Desarrollo Profesional; la evaluaci\u00f3n de riesgos psicosociales y la aplicaci\u00f3n de medidas correctoras, con especial \u00e9nfasis en las cargas de trabajo y en los efectos de la pandemia; la puesta en marcha de medidas efectivas y reales de flexibilidad y\/o conciliaci\u00f3n de la vida laboral y familiar; adem\u00e1s de la resoluci\u00f3n de los conflictos pendientes complemento de hospitalizaci\u00f3n (%4), turnicidad, demandas del personal de mantenimiento y el cierre de urgencias de Santiago; sin olvidar la activaci\u00f3n de medidas que faciliten la jubilaci\u00f3n anticipada de la plantilla.<\/p>\n\n\n\n<p>Los sindicatos LAB, SATSE, ELA, CCOO, UGT y ESK queremos reafirmar nuestra firme voluntad negociadora pero advertimos a Osakidetza que si no se dan pasos en el sentido solicitado, continuaremos con las movilizaciones y no volveremos a la Mesa Sectorial.<\/p>\n","protected":false},"excerpt":{"rendered":"<p>Ha vuelto a quedar en evidencia que s\u00f3lo la movilizaci\u00f3n y la huelga consiguen mover a Osakidetza de sus posiciones ya que fue el pasado viernes, jornada de huelga en Atenci\u00f3n Primaria, cuando Osakidetza notific\u00f3 la celebraci\u00f3n de una nueva Mesa Sectorial.<\/p>\n","protected":false},"author":1189,"featured_media":45770,"comment_status":"closed","ping_status":"closed","sticky":false,"template":"","format":"standard","meta":{"_monsterinsights_skip_tracking":false,"_monsterinsights_sitenote_active":false,"_monsterinsights_sitenote_note":"","_monsterinsights_sitenote_category":0,"footnotes":"","_links_to":"","_links_to_target":""},"categories":[18,3097,6],"tags":[3033,3178,3195,3100,3171],"class_list":{"0":"post-46230","1":"post","2":"type-post","3":"status-publish","4":"format-standard","5":"has-post-thumbnail","7":"category-es-accion-sindical","8":"category-sanidad","9":"category-es-servicios-publicos","10":"tag-accion-sindical-es","11":"tag-destacado-1","12":"tag-osakidetza-es","13":"tag-sanidad-es","14":"tag-servicios-publicos-es"},"_links":{"self":[{"href":"https:\/\/www.lab.eus\/es\/wp-json\/wp\/v2\/posts\/46230","targetHints":{"allow":["GET"]}}],"collection":[{"href":"https:\/\/www.lab.eus\/es\/wp-json\/wp\/v2\/posts"}],"about":[{"href":"https:\/\/www.lab.eus\/es\/wp-json\/wp\/v2\/types\/post"}],"author":[{"embeddable":true,"href":"https:\/\/www.lab.eus\/es\/wp-json\/wp\/v2\/users\/1189"}],"replies":[{"embeddable":true,"href":"https:\/\/www.lab.eus\/es\/wp-json\/wp\/v2\/comments?post=46230"}],"version-history":[{"count":0,"href":"https:\/\/www.lab.eus\/es\/wp-json\/wp\/v2\/posts\/46230\/revisions"}],"wp:featuredmedia":[{"embeddable":true,"href":"https:\/\/www.lab.eus\/es\/wp-json\/wp\/v2\/media\/45770"}],"wp:attachment":[{"href":"https:\/\/www.lab.eus\/es\/wp-json\/wp\/v2\/media?parent=46230"}],"wp:term":[{"taxonomy":"category","embeddable":true,"href":"https:\/\/www.lab.eus\/es\/wp-json\/wp\/v2\/categories?post=46230"},{"taxonomy":"post_tag","embeddable":true,"href":"https:\/\/www.lab.eus\/es\/wp-json\/wp\/v2\/tags?post=46230"}],"curies":[{"name":"wp","href":"https:\/\/api.w.org\/{rel}","templated":true}]}}