{"id":46207,"date":"2022-04-12T12:44:52","date_gmt":"2022-04-12T12:44:52","guid":{"rendered":"https:\/\/www.lab.eus\/?p=46207"},"modified":"2022-04-12T12:44:54","modified_gmt":"2022-04-12T12:44:54","slug":"impulsaremos-las-huelgas-en-el-metal-de-araba","status":"publish","type":"post","link":"https:\/\/www.lab.eus\/es\/impulsaremos-las-huelgas-en-el-metal-de-araba\/","title":{"rendered":"Impulsaremos las huelgas en el metal de Araba"},"content":{"rendered":"\n<p>Hoy, 12 de abril, se ha vuelto a reunir la Mesa de Negociaci\u00f3n del Metal de Araba. Era la primera reuni\u00f3n despu\u00e9s de los paros del viernes pero la patronal no se ha movido. Por lo tanto, LAB impulsar\u00e1 las huelgas de mayo, ya que la activaci\u00f3n de las y los trabajadores es la \u00fanica v\u00eda para conseguir unas condiciones laborales dignas.<\/p>\n\n\n\n<p>Despu\u00e9s de que el pasado viernes 5 sindicatos (LAB, CCOO, USO, ESK y CGT) impuls\u00e1ramos paros en el Metal de Araba, al considerar que es el momento de activar ya a los trabajadores y trabajadoras, hoy se ha vuelto a reunir la Mesa Negociadora. El viernes las y los trabajadores del sector trasladaron una interpelaci\u00f3n directa a la patronal SEA, pero esta ha vuelto a dejar pasar la oportunidad.<\/p>\n\n\n\n<p>A d\u00eda de hoy, los sindicatos LAB, ELA y CCOO, que acordamos la plataforma conjunta, hemos dado pasos para lograr acuerdo tanto en materias de Igualdad como en Salud Laboral, pero la patronal no las ha aceptado, ha respondido a los dem\u00e1s problemas del sector (bajos salarios, jornada laboral m\u00e1s larga, alta flexibilidad, precariedad, eventualidad, accidentes laborales, p\u00e9rdida de salario estando de baja, dificultades para la conciliaci\u00f3n y la corresponsabilidad,&#8230;). No muestra voluntad real de negociaci\u00f3n.<\/p>\n\n\n\n<p>En consecuencia, LAB impulsar\u00e1, junto con los otros sindicatos, <a href=\"https:\/\/www.lab.eus\/es\/hemos-convocado-en-el-metal-de-araba-tres-dias-de-huelga-en-mayo-por-un-convenio-digno\/\">las huelgas que ya tenemos anunciadas para mayo<\/a> con el objetivo de parar las empresas y llenar las calles. Entendemos que para conseguir unas condiciones laborales dignas en el sector es imprescindible la activaci\u00f3n de los trabajadores y trabajadoras.<\/p>\n","protected":false},"excerpt":{"rendered":"<p>La patronal, una vez m\u00e1s, no ha vuelto a mostrar voluntad real de negociaci\u00f3n en la mesa negociadora.<\/p>\n","protected":false},"author":1189,"featured_media":45301,"comment_status":"closed","ping_status":"closed","sticky":false,"template":"","format":"standard","meta":{"_monsterinsights_skip_tracking":false,"_monsterinsights_sitenote_active":false,"_monsterinsights_sitenote_note":"","_monsterinsights_sitenote_category":0,"footnotes":"","_links_to":"","_links_to_target":""},"categories":[18,2868,108,3283],"tags":[3033,3178,2996,3064],"class_list":{"0":"post-46207","1":"post","2":"type-post","3":"status-publish","4":"format-standard","5":"has-post-thumbnail","7":"category-es-accion-sindical","8":"category-industria-es","9":"category-es-metal","10":"category-sin-categorizar","11":"tag-accion-sindical-es","12":"tag-destacado-1","13":"tag-industria-es","14":"tag-metal-es"},"_links":{"self":[{"href":"https:\/\/www.lab.eus\/es\/wp-json\/wp\/v2\/posts\/46207","targetHints":{"allow":["GET"]}}],"collection":[{"href":"https:\/\/www.lab.eus\/es\/wp-json\/wp\/v2\/posts"}],"about":[{"href":"https:\/\/www.lab.eus\/es\/wp-json\/wp\/v2\/types\/post"}],"author":[{"embeddable":true,"href":"https:\/\/www.lab.eus\/es\/wp-json\/wp\/v2\/users\/1189"}],"replies":[{"embeddable":true,"href":"https:\/\/www.lab.eus\/es\/wp-json\/wp\/v2\/comments?post=46207"}],"version-history":[{"count":0,"href":"https:\/\/www.lab.eus\/es\/wp-json\/wp\/v2\/posts\/46207\/revisions"}],"wp:featuredmedia":[{"embeddable":true,"href":"https:\/\/www.lab.eus\/es\/wp-json\/wp\/v2\/media\/45301"}],"wp:attachment":[{"href":"https:\/\/www.lab.eus\/es\/wp-json\/wp\/v2\/media?parent=46207"}],"wp:term":[{"taxonomy":"category","embeddable":true,"href":"https:\/\/www.lab.eus\/es\/wp-json\/wp\/v2\/categories?post=46207"},{"taxonomy":"post_tag","embeddable":true,"href":"https:\/\/www.lab.eus\/es\/wp-json\/wp\/v2\/tags?post=46207"}],"curies":[{"name":"wp","href":"https:\/\/api.w.org\/{rel}","templated":true}]}}