{"id":46201,"date":"2022-04-12T10:57:26","date_gmt":"2022-04-12T10:57:26","guid":{"rendered":"https:\/\/www.lab.eus\/?p=46201"},"modified":"2022-04-12T10:57:27","modified_gmt":"2022-04-12T10:57:27","slug":"hemos-puesto-en-marcha-tambien-en-nafarroa-una-campana-a-favor-del-derecho-a-la-vivienda-con-el-objetivo-de-cambiar-radicalmente-la-problematica-que-vive-la-clase-trabajadora","status":"publish","type":"post","link":"https:\/\/www.lab.eus\/es\/hemos-puesto-en-marcha-tambien-en-nafarroa-una-campana-a-favor-del-derecho-a-la-vivienda-con-el-objetivo-de-cambiar-radicalmente-la-problematica-que-vive-la-clase-trabajadora\/","title":{"rendered":"Hemos puesto en marcha tambi\u00e9n en Nafarroa una campa\u00f1a a favor del derecho a la vivienda con el objetivo de cambiar radicalmente la problem\u00e1tica que vive la clase trabajadora"},"content":{"rendered":"\n<p>El sindicato LAB ha presentado frente a la sede del Gobierno de Navarra una campa\u00f1a a favor del derecho a la vivienda, <a href=\"https:\/\/www.lab.eus\/es\/abiatu-la-nueva-comunidad-de-accion-social-ha-reclamado-una-vivienda-digna-y-accesible-para-todas-y-todos-los-trabajadores\/\">en la l\u00ednea de lo presentado el pasado mes de marzo para Araba, Bizkaia y Gipuzkoa<\/a>. En estos momentos, la proposici\u00f3n de ley para la promoci\u00f3n de vivienda protegida est\u00e1 a debate en el Parlamento en el marco del desarrollo de la ley de vivienda. A d\u00eda de hoy, LAB considera que se queda corta y no responde a la pretensi\u00f3n de cambiar radicalmente la problem\u00e1tica que viven las trabajadoras con la vivienda.<\/p>\n\n\n\n<p>ABIATU <a href=\"https:\/\/www.lab.eus\/es\/abiatu-la-nueva-comunidad-de-accion-social-pondra-en-el-centro-la-lucha-por-las-condiciones-de-vida\/\">es la herramienta que el sindicato LAB ha creado para organizar su comunidad de Acci\u00f3n Social<\/a>,\u00a0para pelear las condiciones de vida de las trabajadoras en los pueblos y barrios, m\u00e1s all\u00e1 de los centros de trabajo. Su primera campa\u00f1a ser\u00e1 por el derecho a la vivienda. De hecho, garantizar\u00a0el derecho a la vivienda es imprescindible para dignificar las condiciones b\u00e1sicas de vida de las personas trabajadoras. Sin embargo, hoy en d\u00eda la vivienda est\u00e1 siendo mercantilizada y utilizada para la especulaci\u00f3n y la acumulaci\u00f3n de riqueza, con graves consecuencias sociales. Por tanto, es imprescindible que\u00a0la gente trabajadora tenga garantizado el acceso universal a una vivienda digna y de calidad. Sin una vivienda digna dif\u00edcilmente se puede acceder a otros derechos sociales. Negando el derecho a la vivienda, se\u00a0\u00a0cronifica la precarizaci\u00f3n de la vida.<\/p>\n\n\n\n<p>En estos momentos, la proposici\u00f3n de ley para la promoci\u00f3n de vivienda protegida est\u00e1 a debate en el Parlamento en el marco del desarrollo de la ley de vivienda. LAB realizar\u00e1 un an\u00e1lisis en profundidad de la proposici\u00f3n de ley y trasladar\u00e1 sus propuestas a los agentes sociales y partidos pol\u00edticos. A d\u00eda de hoy,\u00a0sobre esta proposici\u00f3n de ley podemos decir que se queda corta. No responde a la pretensi\u00f3n de cambiar radicalmente la problem\u00e1tica que vivimos con la vivienda. Aunque el Gobierno de Navarra tiene reconocido el derecho a la vivienda, no puede garantizarlo y as\u00ed\u00a0no le queda otra opci\u00f3n que desarrollar pol\u00edticas asistencialistas.<br><br>En la actualidad no hay suficiente parque p\u00fablico de vivienda. Con esta proposici\u00f3n de ley se quiere cambiar esta situaci\u00f3n. Para ello, se quiere fomentar el alquiler. El \u00faltimo informe elaborado por el propio Gobierno de Navarra, se\u00f1ala claramente que la demanda de vivienda p\u00fablica supera las 11.000 personas. De ellas, m\u00e1s de 7.500 son solicitudes de alquiler (67%). Sin embargo, todo el parque p\u00fablico de viviendas est\u00e1 destinado principalmente a la compra de viviendas de protecci\u00f3n oficial (VPO y VPT).\u00a0Es decir, tienen un precio de venta limitado, pero su objetivo es dejar la vivienda en manos privadas.La mayor\u00eda de las personas que solicitan alquiler protegido (74%) viven en alquiler libre. La creaci\u00f3n del medidor ISA o del registro de alquileres pueden ser pasos, pero en absoluto son suficientes. Entre otras razones porque los criterios que se establecen en el ISA siguen sin tener en cuenta el medidor de ingresos m\u00e1ximo del 30% establecido por Europa y la Carta de Derechos Sociales de Euskal Herria.<\/p>\n\n\n\n<p>Para ampliar el parque de viviendas,\u00a0la administraci\u00f3n mantiene las dif\u00edciles condiciones de expropiaci\u00f3n de grandes propiedades, aunque las casas vac\u00edas siguen existiendo en gran n\u00famero.<\/p>\n\n\n\n<p>En cuanto a las viviendas a construir y adecuar,\u00a0no se tiene en cuenta que un gran n\u00famero de demandantes son personas que viven solas o familias monoparentales (72,3%). El 62% de la demanda total de VPO de compra son personas que viven solas; el 9,6% familias monoparentales.\u00a0En el caso de la demanda de alquiler, el 66,5% (43% personas que viven solas; 23,5% familias monoparentales). Adem\u00e1s del enfoque ecol\u00f3gico, hay que tener en cuenta las necesidades de cuidados para el desarrollo de las pol\u00edticas p\u00fablicas, que no aparecen en ninguna parte.<\/p>\n\n\n\n<p>No se trata de una ley u otra. Tener una vivienda de calidad es un derecho, as\u00ed lo tiene reconocido el Parlamento, pero hoy en d\u00eda est\u00e1 lejos de serlo: es un privilegio. M\u00e1s de la mitad de la poblaci\u00f3n navarra sigue teniendo que destinar demasiada parte de sus ingresos al alquiler o a las hipotecas.<\/p>\n\n\n\n<p>Por eso, a trav\u00e9s de la comunidad de acci\u00f3n social ABIATU iniciamos esta campa\u00f1a en Navarra: para socializar la situaci\u00f3n, organizar iniciativas de denuncia y hacer propuestas pol\u00edticas.\u00a0Estas son las principales reivindicaciones de LAB:<\/p>\n\n\n\n<ol class=\"wp-block-list\" type=\"1\"><li>Transformaci\u00f3n de la vivienda en un derecho subjetivo real. Para ello necesitamos pol\u00edticas de desmercantilizaci\u00f3n de la vivienda.<\/li><\/ol>\n\n\n\n<ul class=\"wp-block-list\"><li>Priorizar el alquiler social regulado.<\/li><\/ul>\n\n\n\n<ul class=\"wp-block-list\"><li>Garantizar que como m\u00e1ximo el 30% de los ingresos se destinen a gastos de vivienda, 15% en situaciones de emergencia o viviendas p\u00fablicas.<\/li><\/ul>\n\n\n\n<ul class=\"wp-block-list\"><li>Ampliaci\u00f3n del parque p\u00fablico de vivienda, expropiaci\u00f3n de grandes propiedades.<\/li><\/ul>\n\n\n\n<ul class=\"wp-block-list\"><li>Paralizaci\u00f3n de todos los desahucios, tanto hipotecarios como de alquiler.<\/li><\/ul>\n","protected":false},"excerpt":{"rendered":"<p>En estos momentos, la proposici\u00f3n de ley para la promoci\u00f3n de vivienda protegida est\u00e1 a debate en el Parlamento en el marco del desarrollo de la ley de vivienda. A d\u00eda de hoy, LAB considera que se queda corta.<\/p>\n","protected":false},"author":1189,"featured_media":46199,"comment_status":"closed","ping_status":"closed","sticky":false,"template":"","format":"standard","meta":{"_monsterinsights_skip_tracking":false,"_monsterinsights_sitenote_active":false,"_monsterinsights_sitenote_note":"","_monsterinsights_sitenote_category":0,"footnotes":"","_links_to":"","_links_to_target":""},"categories":[2994],"tags":[3182,3178],"class_list":{"0":"post-46201","1":"post","2":"type-post","3":"status-publish","4":"format-standard","5":"has-post-thumbnail","7":"category-accion-social","8":"tag-accion-social-es","9":"tag-destacado-1"},"_links":{"self":[{"href":"https:\/\/www.lab.eus\/es\/wp-json\/wp\/v2\/posts\/46201","targetHints":{"allow":["GET"]}}],"collection":[{"href":"https:\/\/www.lab.eus\/es\/wp-json\/wp\/v2\/posts"}],"about":[{"href":"https:\/\/www.lab.eus\/es\/wp-json\/wp\/v2\/types\/post"}],"author":[{"embeddable":true,"href":"https:\/\/www.lab.eus\/es\/wp-json\/wp\/v2\/users\/1189"}],"replies":[{"embeddable":true,"href":"https:\/\/www.lab.eus\/es\/wp-json\/wp\/v2\/comments?post=46201"}],"version-history":[{"count":0,"href":"https:\/\/www.lab.eus\/es\/wp-json\/wp\/v2\/posts\/46201\/revisions"}],"wp:featuredmedia":[{"embeddable":true,"href":"https:\/\/www.lab.eus\/es\/wp-json\/wp\/v2\/media\/46199"}],"wp:attachment":[{"href":"https:\/\/www.lab.eus\/es\/wp-json\/wp\/v2\/media?parent=46201"}],"wp:term":[{"taxonomy":"category","embeddable":true,"href":"https:\/\/www.lab.eus\/es\/wp-json\/wp\/v2\/categories?post=46201"},{"taxonomy":"post_tag","embeddable":true,"href":"https:\/\/www.lab.eus\/es\/wp-json\/wp\/v2\/tags?post=46201"}],"curies":[{"name":"wp","href":"https:\/\/api.w.org\/{rel}","templated":true}]}}