{"id":46144,"date":"2022-04-08T19:57:00","date_gmt":"2022-04-08T19:57:00","guid":{"rendered":"https:\/\/www.lab.eus\/?p=46144"},"modified":"2022-04-11T08:02:49","modified_gmt":"2022-04-11T08:02:49","slug":"exigimos-al-gobierno-de-navarra-que-garantice-el-cumplimiento-real-y-efectivo-de-la-prevencion-en-las-empresas","status":"publish","type":"post","link":"https:\/\/www.lab.eus\/es\/exigimos-al-gobierno-de-navarra-que-garantice-el-cumplimiento-real-y-efectivo-de-la-prevencion-en-las-empresas\/","title":{"rendered":"Exigimos al Gobierno de Navarra que garantice el cumplimiento real y efectivo de la prevenci\u00f3n en las empresas"},"content":{"rendered":"\n<p>La consejera de Salud Santos Indurain compareci\u00f3 en sede parlamentaria el pasado mi\u00e9rcoles para presentar el nuevo Programa de Integraci\u00f3n de la prevenci\u00f3n y la Mejora de la gesti\u00f3n preventiva en las empresas. El sindicato LAB le exige que garantice su cumplimiento real y efectivo ante la mala pr\u00e1ctica y falta de voluntad de los empresarios en materia preventiva.<\/p>\n\n\n\n<p>El programa se basa en la sensibilizaci\u00f3n e impulso de la cultura preventiva y la participaci\u00f3n&nbsp;&nbsp;activa de la plantilla, ofreciendo asesoramiento y apoyo t\u00e9cnico a las empresas que as\u00ed lo deseen. Sin embargo, es una evidencia que hasta el momento no ha existido voluntad por parte del empresariado navarro para la integraci\u00f3n, desarrollo y cumplimiento de las medidas preventivas.&nbsp;En consecuencia, es fundamental la interpelaci\u00f3n del Gobierno de Navarra, que se dote de una estrategia para resolver la falta de voluntad de la patronal.<\/p>\n\n\n\n<p>LAB entiende que junto con algunas de las medidas que se plantean,&nbsp;es necesaria una planificaci\u00f3n entre el Instituto de Salud P\u00fablica y Laboral de Navarra (ISPLN) y la Inspecci\u00f3n de Trabajo para el cumplimiento efectivo de la integraci\u00f3n de la prevenci\u00f3n en las empresas. Ese cumplimiento exige un control real, la implantaci\u00f3n de otro tipo de visitas y objetivos como los planteados en el Programa, pero tambi\u00e9n la utilizaci\u00f3n de las herramientas sancionadoras que ofrece la actual normativa en prevenci\u00f3n. Como lo demuestra la realidad, sin este esfuerzo sancionador los planes nunca ser\u00e1n reales ni efectivos.<\/p>\n\n\n\n<p>En opini\u00f3n del sindicato LAB&nbsp;es necesaria una Inspecci\u00f3n de Trabajo propia, una importante inversi\u00f3n en recursos t\u00e9cnicosy el aumento adecuado del n\u00famero de personas inspectoras. El actual limitado e insuficiente n\u00famero de personal inspector hace imposible la realizaci\u00f3n de sus tareas: el control a los empresarios y su cumplimiento en materia de prevenci\u00f3n.<\/p>\n\n\n\n<p>El verdadero problema es que&nbsp;ning\u00fan Gobierno, por muy negativos que sean sus \u00edndices de accidentabilidad, se atreve a hacer cumplir la ley a la patronal y proceder al control de la mala pr\u00e1ctica de los empresarios en materia preventiva. Sin embargo, esta es una decisi\u00f3n pol\u00edtica con consecuencias muy da\u00f1inas cuando no fatales para la salud y la vida los trabajadores y trabajadoras.<\/p>\n","protected":false},"excerpt":{"rendered":"<p>Hemos denunciado la mala pr\u00e1ctica y falta de voluntad de los empresarios en materia preventiva.<\/p>\n","protected":false},"author":1189,"featured_media":43957,"comment_status":"closed","ping_status":"closed","sticky":false,"template":"","format":"standard","meta":{"_monsterinsights_skip_tracking":false,"_monsterinsights_sitenote_active":false,"_monsterinsights_sitenote_note":"","_monsterinsights_sitenote_category":0,"footnotes":"","_links_to":"","_links_to_target":""},"categories":[18,15,11],"tags":[3178,3196,3083,3260],"class_list":{"0":"post-46144","1":"post","2":"type-post","3":"status-publish","4":"format-standard","5":"has-post-thumbnail","7":"category-es-accion-sindical","8":"category-es-salud-laboral","9":"category-es-sindicato-lab","10":"tag-destacado-1","11":"tag-nafarroa-es-2","12":"tag-salud-laboral-es","13":"tag-sindicato-lab-es"},"_links":{"self":[{"href":"https:\/\/www.lab.eus\/es\/wp-json\/wp\/v2\/posts\/46144","targetHints":{"allow":["GET"]}}],"collection":[{"href":"https:\/\/www.lab.eus\/es\/wp-json\/wp\/v2\/posts"}],"about":[{"href":"https:\/\/www.lab.eus\/es\/wp-json\/wp\/v2\/types\/post"}],"author":[{"embeddable":true,"href":"https:\/\/www.lab.eus\/es\/wp-json\/wp\/v2\/users\/1189"}],"replies":[{"embeddable":true,"href":"https:\/\/www.lab.eus\/es\/wp-json\/wp\/v2\/comments?post=46144"}],"version-history":[{"count":0,"href":"https:\/\/www.lab.eus\/es\/wp-json\/wp\/v2\/posts\/46144\/revisions"}],"wp:featuredmedia":[{"embeddable":true,"href":"https:\/\/www.lab.eus\/es\/wp-json\/wp\/v2\/media\/43957"}],"wp:attachment":[{"href":"https:\/\/www.lab.eus\/es\/wp-json\/wp\/v2\/media?parent=46144"}],"wp:term":[{"taxonomy":"category","embeddable":true,"href":"https:\/\/www.lab.eus\/es\/wp-json\/wp\/v2\/categories?post=46144"},{"taxonomy":"post_tag","embeddable":true,"href":"https:\/\/www.lab.eus\/es\/wp-json\/wp\/v2\/tags?post=46144"}],"curies":[{"name":"wp","href":"https:\/\/api.w.org\/{rel}","templated":true}]}}