{"id":46028,"date":"2022-04-08T11:23:40","date_gmt":"2022-04-08T11:23:40","guid":{"rendered":"https:\/\/www.lab.eus\/?p=46028"},"modified":"2022-04-08T12:07:53","modified_gmt":"2022-04-08T12:07:53","slug":"hemos-realizado-paros-en-el-metal-de-araba-en-defensa-de-condiciones-de-trabajo-dignas","status":"publish","type":"post","link":"https:\/\/www.lab.eus\/es\/hemos-realizado-paros-en-el-metal-de-araba-en-defensa-de-condiciones-de-trabajo-dignas\/","title":{"rendered":"Hemos realizado paros en el metal de Araba en defensa de condiciones de trabajo dignas"},"content":{"rendered":"\n<p>Los sindicatos LAB, CCOO, USO, ESK y CGT&nbsp;hemos decidido dar un paso adelante y convocar paros de dos horas para hoy, 8 de abril, en el sector del metal de Araba: de 4:00 a 6:00; de 12:00 a 14:00; y de 14:00 a 16:00.<\/p>\n\n\n\n<p>Esta jornada de paros es el primer paso de unas movilizaciones conjuntas que, si la patronal SEA no lo remedia, ir\u00e1n en aumento. En este sentido, <a href=\"https:\/\/www.lab.eus\/es\/hemos-convocado-en-el-metal-de-araba-tres-dias-de-huelga-en-mayo-por-un-convenio-digno\/\">hemos convocado tres d\u00edas de huelga para mayo<\/a>, siempre con el fin de reclamar un convenio digno.<\/p>\n\n\n\n<p>Tenemos claro que solo con paros y huelgas conseguiremos unas condiciones laborales dignas en el sector: salarios dignos, sin perder poder adquisitivo; rebaja de la jornada laboral; subrogacion real en las subcontratas; acabar con la precariedad; medidas efectivas en Salud Laboral; igualdad real y no discriminaci\u00f3n.<\/p>\n\n\n\n<p><strong>Algunos datos de seguimiento de los paros:<\/strong><\/p>\n\n\n\n<p>-CONDESA, 80% (taller)<\/p>\n\n\n\n<p>-SDA Factory, 95%<\/p>\n\n\n\n<p>-SNA Europe, 50%<\/p>\n\n\n\n<p>-Industrias Dimo, masivo<\/p>\n\n\n\n<p>-Castmetal Vitoria, masivo<\/p>\n\n\n\n<p>-OSG comaher, masivo<\/p>\n\n\n\n<p>-Inoxidables de Euskadi, masivo<\/p>\n\n\n\n<p>-Ferrovial Servicios Mercedes, masivo<\/p>\n\n\n\n<p>-TaBe, masivo<\/p>\n\n\n\n<p>-Inmepre, masivo<\/p>\n\n\n\n<p><strong>Comunicado conjunto de los sindicatos:<\/strong><\/p>\n\n\n\n<p>Hoy, los trabajadores y trabajadoras del metal de Araba han dado un paso adelante, un salto cualitativo ante el inmovilismo de la patronal.<\/p>\n\n\n\n<p>Los 5 sindicatos convocantes consideramos que este es el momento de activar a las plantillas, de parar, de salir a la calle, en forma de paros o huelgas y por eso intentamos hasta el \u00faltimo momento hacer una convocatoria unitaria.<\/p>\n\n\n\n<p>Aunque no fue posible, hoy cientos de trabajadores y trabajadoras de todos los sindicatos est\u00e1n participando en este paro, que est\u00e1 teniendo un seguimiento importante. En ese sentido, queremos resaltar que se ha paralizado la producci\u00f3n en empresas como SDA Factory, Condesa,&#8230; y ha quedado condicionada en otras muchas, entre ellas Mercedes y Michelin.<\/p>\n\n\n\n<p>Asimismo, cientos de trabajadores y trabajadoras se est\u00e1n movilizando en todo el territorio en defensa de unas condiciones laborales dignas en el Metal de Araba, desde Aiara hasta Errioxa, pasando por Lautada y A\u00f1ana, y por supuesto en los pol\u00edgonos industriales de Gasteiz y sus alrededores.<\/p>\n\n\n\n<p>Hoy, el Metal de Araba interpela a la patronal SEA para responda a los problemas del sector y se avenga a acordar un convenio que recoja subidas salariales por encima del IPC, una rebaja importante de la jornada laboral, una subrogacion real del personal de las subcontratas, limitaciones de la flexibilidad y la temporalidad, medidas efectivas para garantizar la igualdad real y la salud laboral, permisos y mejoras que pongan a las personas en el centro,&#8230;&nbsp;<\/p>\n\n\n\n<p>El pr\u00f3ximo dia 12 , SEA tiene otra oportunidad para avanzar en esa direcci\u00f3n, porque la lucha del metal de Araba sigue y se va a intensificar, con las huelgas de mayo.<\/p>\n\n\n\n<figure class=\"wp-block-gallery columns-2 is-cropped wp-block-gallery-1 is-layout-flex wp-block-gallery-is-layout-flex\"><ul class=\"blocks-gallery-grid\"><li class=\"blocks-gallery-item\"><figure><img loading=\"lazy\" decoding=\"async\" width=\"1024\" height=\"768\" src=\"https:\/\/www.lab.eus\/wp-content\/uploads\/2022\/04\/photo_2022-04-08-13.18.46-1024x768.jpeg\" alt=\"\" data-id=\"46054\" data-link=\"https:\/\/www.lab.eus\/?attachment_id=46054\" class=\"wp-image-46054\" srcset=\"https:\/\/www.lab.eus\/wp-content\/uploads\/2022\/04\/photo_2022-04-08-13.18.46-1024x768.jpeg 1024w, https:\/\/www.lab.eus\/wp-content\/uploads\/2022\/04\/photo_2022-04-08-13.18.46-300x225.jpeg 300w, https:\/\/www.lab.eus\/wp-content\/uploads\/2022\/04\/photo_2022-04-08-13.18.46-768x576.jpeg 768w, https:\/\/www.lab.eus\/wp-content\/uploads\/2022\/04\/photo_2022-04-08-13.18.46-150x113.jpeg 150w, https:\/\/www.lab.eus\/wp-content\/uploads\/2022\/04\/photo_2022-04-08-13.18.46-696x522.jpeg 696w, https:\/\/www.lab.eus\/wp-content\/uploads\/2022\/04\/photo_2022-04-08-13.18.46-1068x801.jpeg 1068w, https:\/\/www.lab.eus\/wp-content\/uploads\/2022\/04\/photo_2022-04-08-13.18.46-560x420.jpeg 560w, https:\/\/www.lab.eus\/wp-content\/uploads\/2022\/04\/photo_2022-04-08-13.18.46-80x60.jpeg 80w, https:\/\/www.lab.eus\/wp-content\/uploads\/2022\/04\/photo_2022-04-08-13.18.46-265x198.jpeg 265w, https:\/\/www.lab.eus\/wp-content\/uploads\/2022\/04\/photo_2022-04-08-13.18.46.jpeg 1280w\" sizes=\"auto, (max-width: 1024px) 100vw, 1024px\" \/><\/figure><\/li><li class=\"blocks-gallery-item\"><figure><img loading=\"lazy\" decoding=\"async\" width=\"1024\" height=\"768\" src=\"https:\/\/www.lab.eus\/wp-content\/uploads\/2022\/04\/photo_2022-04-08-13.18.57-1024x768.jpeg\" alt=\"\" data-id=\"46056\" data-full-url=\"https:\/\/www.lab.eus\/wp-content\/uploads\/2022\/04\/photo_2022-04-08-13.18.57.jpeg\" data-link=\"https:\/\/www.lab.eus\/?attachment_id=46056\" class=\"wp-image-46056\" srcset=\"https:\/\/www.lab.eus\/wp-content\/uploads\/2022\/04\/photo_2022-04-08-13.18.57-1024x768.jpeg 1024w, https:\/\/www.lab.eus\/wp-content\/uploads\/2022\/04\/photo_2022-04-08-13.18.57-300x225.jpeg 300w, https:\/\/www.lab.eus\/wp-content\/uploads\/2022\/04\/photo_2022-04-08-13.18.57-768x576.jpeg 768w, https:\/\/www.lab.eus\/wp-content\/uploads\/2022\/04\/photo_2022-04-08-13.18.57-150x113.jpeg 150w, https:\/\/www.lab.eus\/wp-content\/uploads\/2022\/04\/photo_2022-04-08-13.18.57-696x522.jpeg 696w, https:\/\/www.lab.eus\/wp-content\/uploads\/2022\/04\/photo_2022-04-08-13.18.57-1068x801.jpeg 1068w, https:\/\/www.lab.eus\/wp-content\/uploads\/2022\/04\/photo_2022-04-08-13.18.57-560x420.jpeg 560w, https:\/\/www.lab.eus\/wp-content\/uploads\/2022\/04\/photo_2022-04-08-13.18.57-80x60.jpeg 80w, https:\/\/www.lab.eus\/wp-content\/uploads\/2022\/04\/photo_2022-04-08-13.18.57-265x198.jpeg 265w, https:\/\/www.lab.eus\/wp-content\/uploads\/2022\/04\/photo_2022-04-08-13.18.57.jpeg 1280w\" sizes=\"auto, (max-width: 1024px) 100vw, 1024px\" \/><\/figure><\/li><\/ul><\/figure>\n","protected":false},"excerpt":{"rendered":"<p>Esta jornada de paros es el primer paso de unas movilizaciones conjuntas que, si la patronal SEA no lo remedia, ir\u00e1n en aumento. En este sentido, hemos convocado tres d\u00edas de huelga para mayo, siempre con el fin de reclamar un convenio digno.<\/p>\n","protected":false},"author":1189,"featured_media":46053,"comment_status":"closed","ping_status":"closed","sticky":false,"template":"","format":"standard","meta":{"_monsterinsights_skip_tracking":false,"_monsterinsights_sitenote_active":false,"_monsterinsights_sitenote_note":"","_monsterinsights_sitenote_category":0,"footnotes":"","_links_to":"","_links_to_target":""},"categories":[18,2868,108,3283],"tags":[3033,3178,2996,3064],"class_list":{"0":"post-46028","1":"post","2":"type-post","3":"status-publish","4":"format-standard","5":"has-post-thumbnail","7":"category-es-accion-sindical","8":"category-industria-es","9":"category-es-metal","10":"category-sin-categorizar","11":"tag-accion-sindical-es","12":"tag-destacado-1","13":"tag-industria-es","14":"tag-metal-es"},"_links":{"self":[{"href":"https:\/\/www.lab.eus\/es\/wp-json\/wp\/v2\/posts\/46028","targetHints":{"allow":["GET"]}}],"collection":[{"href":"https:\/\/www.lab.eus\/es\/wp-json\/wp\/v2\/posts"}],"about":[{"href":"https:\/\/www.lab.eus\/es\/wp-json\/wp\/v2\/types\/post"}],"author":[{"embeddable":true,"href":"https:\/\/www.lab.eus\/es\/wp-json\/wp\/v2\/users\/1189"}],"replies":[{"embeddable":true,"href":"https:\/\/www.lab.eus\/es\/wp-json\/wp\/v2\/comments?post=46028"}],"version-history":[{"count":0,"href":"https:\/\/www.lab.eus\/es\/wp-json\/wp\/v2\/posts\/46028\/revisions"}],"wp:featuredmedia":[{"embeddable":true,"href":"https:\/\/www.lab.eus\/es\/wp-json\/wp\/v2\/media\/46053"}],"wp:attachment":[{"href":"https:\/\/www.lab.eus\/es\/wp-json\/wp\/v2\/media?parent=46028"}],"wp:term":[{"taxonomy":"category","embeddable":true,"href":"https:\/\/www.lab.eus\/es\/wp-json\/wp\/v2\/categories?post=46028"},{"taxonomy":"post_tag","embeddable":true,"href":"https:\/\/www.lab.eus\/es\/wp-json\/wp\/v2\/tags?post=46028"}],"curies":[{"name":"wp","href":"https:\/\/api.w.org\/{rel}","templated":true}]}}