{"id":46018,"date":"2022-04-08T10:46:33","date_gmt":"2022-04-08T10:46:33","guid":{"rendered":"https:\/\/www.lab.eus\/?p=46018"},"modified":"2022-04-08T10:56:21","modified_gmt":"2022-04-08T10:56:21","slug":"hemos-vuelto-a-secundar-una-nueva-huelga-en-la-atencion-primaria-para-denunciar-la-grave-situacion-en-osakidetza","status":"publish","type":"post","link":"https:\/\/www.lab.eus\/es\/hemos-vuelto-a-secundar-una-nueva-huelga-en-la-atencion-primaria-para-denunciar-la-grave-situacion-en-osakidetza\/","title":{"rendered":"Hemos secundado una nueva huelga en la Atenci\u00f3n Primaria para denunciar la grave situaci\u00f3n en Osakidetza"},"content":{"rendered":"\n<p>Los sindicatos LAB, SATSE, ELA, CCOO, UGT y ESK hemos llevado a cabo una jornada de huelga en la Atenci\u00f3n Primaria de Osakidetza, dentro de la din\u00e1mica movilizadora de estos \u00faltimos meses. En concreto, <a href=\"https:\/\/www.lab.eus\/es\/hemos-convocado-otras-dos-jornadas-de-huelga-en-osakidetza-para-el-8-de-abril-y-el-16-de-mayo\/\">anunciamos huelgas para los d\u00edas 8 de abril y 16 de mayo<\/a> para denunciar la situaci\u00f3n insostenible del personal sanitario. La huelga del 16 de mayo ser\u00e1 en todos los hospitales y en los servicios de salud mental.<\/p>\n\n\n\n<div class=\"wp-block-file\"><a href=\"https:\/\/www.lab.eus\/wp-content\/uploads\/2022\/04\/GREBA_LA_APIRILAK-81.pdf\">Comunicado de los sindicatos con motivo de la jornada de huelga de hoy<\/a><a href=\"https:\/\/www.lab.eus\/wp-content\/uploads\/2022\/04\/GREBA_LA_APIRILAK-81.pdf\" class=\"wp-block-file__button\" download>Deskargatu<\/a><\/div>\n\n\n\n<p>En este sentido, casi mes y medio despu\u00e9s de la <a href=\"https:\/\/www.lab.eus\/es\/si-el-departamento-de-salud-no-da-pasos-para-revertir-la-grave-situacion-en-osakidetza-continuaremos-con-las-movilizaciones\/\">\u00faltima jornada de huelga<\/a> convocada en todos los \u00e1mbitos de Osakidetza, el Departamento de Salud no ha dado ni un solo paso para revertir la grave situaci\u00f3n que vive nuestro sistema sanitario p\u00fablico. Es lo que hemos vuelto a denunciar hoy.<\/p>\n","protected":false},"excerpt":{"rendered":"<p>Los sindicatos hemos remarcado que seguiremos con las movilizaciones, como la siguiente jornada de huelga prevista para el 16 de mayo, dado que el Departamento de Salud no ha dado ni un solo paso para solucionar los problemas del sistema sanitario p\u00fablico.<\/p>\n","protected":false},"author":1189,"featured_media":46044,"comment_status":"closed","ping_status":"closed","sticky":false,"template":"","format":"standard","meta":{"_monsterinsights_skip_tracking":false,"_monsterinsights_sitenote_active":false,"_monsterinsights_sitenote_note":"","_monsterinsights_sitenote_category":0,"footnotes":"","_links_to":"","_links_to_target":""},"categories":[18,3097,6,3283],"tags":[3033,3178,3195,3100,3171],"class_list":{"0":"post-46018","1":"post","2":"type-post","3":"status-publish","4":"format-standard","5":"has-post-thumbnail","7":"category-es-accion-sindical","8":"category-sanidad","9":"category-es-servicios-publicos","10":"category-sin-categorizar","11":"tag-accion-sindical-es","12":"tag-destacado-1","13":"tag-osakidetza-es","14":"tag-sanidad-es","15":"tag-servicios-publicos-es"},"_links":{"self":[{"href":"https:\/\/www.lab.eus\/es\/wp-json\/wp\/v2\/posts\/46018","targetHints":{"allow":["GET"]}}],"collection":[{"href":"https:\/\/www.lab.eus\/es\/wp-json\/wp\/v2\/posts"}],"about":[{"href":"https:\/\/www.lab.eus\/es\/wp-json\/wp\/v2\/types\/post"}],"author":[{"embeddable":true,"href":"https:\/\/www.lab.eus\/es\/wp-json\/wp\/v2\/users\/1189"}],"replies":[{"embeddable":true,"href":"https:\/\/www.lab.eus\/es\/wp-json\/wp\/v2\/comments?post=46018"}],"version-history":[{"count":0,"href":"https:\/\/www.lab.eus\/es\/wp-json\/wp\/v2\/posts\/46018\/revisions"}],"wp:featuredmedia":[{"embeddable":true,"href":"https:\/\/www.lab.eus\/es\/wp-json\/wp\/v2\/media\/46044"}],"wp:attachment":[{"href":"https:\/\/www.lab.eus\/es\/wp-json\/wp\/v2\/media?parent=46018"}],"wp:term":[{"taxonomy":"category","embeddable":true,"href":"https:\/\/www.lab.eus\/es\/wp-json\/wp\/v2\/categories?post=46018"},{"taxonomy":"post_tag","embeddable":true,"href":"https:\/\/www.lab.eus\/es\/wp-json\/wp\/v2\/tags?post=46018"}],"curies":[{"name":"wp","href":"https:\/\/api.w.org\/{rel}","templated":true}]}}