{"id":45879,"date":"2022-04-05T07:31:37","date_gmt":"2022-04-05T07:31:37","guid":{"rendered":"https:\/\/www.lab.eus\/?p=45879"},"modified":"2022-04-05T07:31:38","modified_gmt":"2022-04-05T07:31:38","slug":"exigimos-a-adegi-que-acuerde-un-protocolo-de-actuacion-contra-la-violencia-machista-en-el-metal-de-gipuzkoa","status":"publish","type":"post","link":"https:\/\/www.lab.eus\/es\/exigimos-a-adegi-que-acuerde-un-protocolo-de-actuacion-contra-la-violencia-machista-en-el-metal-de-gipuzkoa\/","title":{"rendered":"Exigimos a ADEGI que acuerde un protocolo de actuaci\u00f3n contra la violencia machista en el metal de Gipuzkoa"},"content":{"rendered":"\n<p>En el convenio del metal de Gipuzkoa, firmado en 2020, se estableci\u00f3 entre los compromisos acordados una comisi\u00f3n que trabajara la igualdad en el sector. Esta comisi\u00f3n se marc\u00f3 como objetivo el trabajar con car\u00e1cter de urgencia en la elaboraci\u00f3n de un protocolo contra el acoso sexual.<\/p>\n\n\n\n<p>Y es que, a pesar de que todas las empresas est\u00e1n obligadas a acordar medidas para combatir el acoso sexual, la realidad nos demuestra que, en la medida en que las peque\u00f1as empresas (de menos de 50 trabajadores y trabajadoras) no tienen la obligaci\u00f3n de negociar planes de igualdad, no aplican ninguna medida en estas materias. Por lo tanto, acordar un protocolo contra el acoso sexual resulta pr\u00e1cticamente imposible, dejando sin protecci\u00f3n a las mujeres del sector.<\/p>\n\n\n\n<p>Llevamos ya un a\u00f1o de reuniones, porque el 9 de marzo de 2021 se celebr\u00f3 la primera reuni\u00f3n, y para LAB un a\u00f1o ha sido m\u00e1s que suficiente para conocer cu\u00e1l es la cruda realidad: ADEGI no quiere un protocolo consensuado para hacer frente a la violencia machista. ADEGI se niega a acordar nada que sea obligatorio.<\/p>\n\n\n\n<p>Hace tiempo que la violencia machista deber\u00eda estar fuera de los centros de trabajo, pero los datos demuestran que estamos lejos de esta situaci\u00f3n. No es de recibo negarse a definir un protocolo para situaciones tan graves como \u00e9sta, sabiendo que el objetivo principal del protocolo es la prevenci\u00f3n de la violencia machista, la sensibiizaci\u00f3n y la protecci\u00f3n de la mujer agredida cuando no se ha impedido la agresi\u00f3n.<\/p>\n\n\n\n<p>Por ello, desde LAB exigimos a ADEGI que modifique su postura y acuerde un protocolo de actuaci\u00f3n contra la violencia machista. Dada la gravedad de la situaci\u00f3n, LAB elaborar\u00e1 una respuesta con las mujeres del sector.<\/p>\n","protected":false},"excerpt":{"rendered":"<p>ADEGI no quiere un protocolo consensuado para hacer frente a la violencia machista. ADEGI se niega a acordar nada que sea obligatorio.<\/p>\n","protected":false},"author":1189,"featured_media":45882,"comment_status":"closed","ping_status":"closed","sticky":false,"template":"","format":"standard","meta":{"_monsterinsights_skip_tracking":false,"_monsterinsights_sitenote_active":false,"_monsterinsights_sitenote_note":"","_monsterinsights_sitenote_category":0,"footnotes":"","_links_to":"","_links_to_target":""},"categories":[18,2868,108,3281],"tags":[3033,3178],"class_list":{"0":"post-45879","1":"post","2":"type-post","3":"status-publish","4":"format-standard","5":"has-post-thumbnail","7":"category-es-accion-sindical","8":"category-industria-es","9":"category-es-metal","10":"category-secretaria-feminista","11":"tag-accion-sindical-es","12":"tag-destacado-1"},"_links":{"self":[{"href":"https:\/\/www.lab.eus\/es\/wp-json\/wp\/v2\/posts\/45879","targetHints":{"allow":["GET"]}}],"collection":[{"href":"https:\/\/www.lab.eus\/es\/wp-json\/wp\/v2\/posts"}],"about":[{"href":"https:\/\/www.lab.eus\/es\/wp-json\/wp\/v2\/types\/post"}],"author":[{"embeddable":true,"href":"https:\/\/www.lab.eus\/es\/wp-json\/wp\/v2\/users\/1189"}],"replies":[{"embeddable":true,"href":"https:\/\/www.lab.eus\/es\/wp-json\/wp\/v2\/comments?post=45879"}],"version-history":[{"count":0,"href":"https:\/\/www.lab.eus\/es\/wp-json\/wp\/v2\/posts\/45879\/revisions"}],"wp:featuredmedia":[{"embeddable":true,"href":"https:\/\/www.lab.eus\/es\/wp-json\/wp\/v2\/media\/45882"}],"wp:attachment":[{"href":"https:\/\/www.lab.eus\/es\/wp-json\/wp\/v2\/media?parent=45879"}],"wp:term":[{"taxonomy":"category","embeddable":true,"href":"https:\/\/www.lab.eus\/es\/wp-json\/wp\/v2\/categories?post=45879"},{"taxonomy":"post_tag","embeddable":true,"href":"https:\/\/www.lab.eus\/es\/wp-json\/wp\/v2\/tags?post=45879"}],"curies":[{"name":"wp","href":"https:\/\/api.w.org\/{rel}","templated":true}]}}