{"id":45867,"date":"2022-04-09T12:13:32","date_gmt":"2022-04-09T12:13:32","guid":{"rendered":"https:\/\/www.lab.eus\/?p=45867"},"modified":"2022-04-09T16:13:44","modified_gmt":"2022-04-09T16:13:44","slug":"hemos-dado-un-nuevo-paso-en-durango-hacia-un-sindicalismo-antirracista","status":"publish","type":"post","link":"https:\/\/www.lab.eus\/es\/hemos-dado-un-nuevo-paso-en-durango-hacia-un-sindicalismo-antirracista\/","title":{"rendered":"Hemos dado un nuevo paso en Durango hacia un sindicalismo antirracista"},"content":{"rendered":"\n<p>Los \u00faltimos meses han sido de peque\u00f1os pero potentes pasos. Gracias al esfuerzo de muchas personas, hemos compartido talleres, formaciones y reuniones junto a trabajadores y trabajadoras migradas y racializadas, con liberados y liberadas de diferentes eskualdes y federaciones y con organizaciones del \u00e1mbito de la lucha antirracista y contrarias a la Ley de Extranjer\u00eda. <\/p>\n\n\n\n<p>Caminamos hacia un sindicalismo antirracista, porque queremos construir una Euskal Herria solidaria y soberana que sea garant\u00eda de todos los derechos de las personas trabajadoras migradas y racializadas; porque es fundamental profundizar en la pr\u00e1ctica para combatir el racismo para quienes queremos ser un \u00e1mbito de organizaci\u00f3n para todas y todos los trabajadores, como pata fundamental de la construcci\u00f3n de una naci\u00f3n vasca internacionalista, solidaria y de acogida, en la que los y las trabajadoras migradas y racializadas tienen que ser reconocidas en derechos y oportunidades.<\/p>\n\n\n\n<p>En este marco, hemos organizado un festival en Durango, bajo la denominaci\u00f3n Sindikalismo Antirrazista Baterantz. Lo hemos hecho a modo de espacio de encuentro, reconocimiento e inter-aprendizaje colectivo en el camino hacia la construcci\u00f3n de nuestra praxis sindical antirracista. As\u00ed las cosas, el programa ha recogido diferentes momentos y opciones: mesas de experiencias, talleres pr\u00e1cticos, sesiones tem\u00e1ticas, conciertos, feria antirracista&#8230;<\/p>\n\n\n\n<p>Desde LAB, asumiendo nuestro compromiso de enmendar la deuda colonial que tenemos como sociedad, estamos dando pasos concretos para mejorar las condiciones de empleo de los y las trabajadoras migradas y racializadas en Euskal Herria. Como sindicato, esta es nuestra responsabilidad y oportunidad pol\u00edtica. <\/p>\n\n\n\n<p>En este sentido, en el festival de Durango hemos abordado, todas y todos juntos, diferentes temas: experiencias de lucha y organizaci\u00f3n colectiva, la militarizaci\u00f3n de las fronteras, el derecho a la vivienda y al empadronamiento desde la perspectiva de las personas migradas y racializadas, los privilegios y la supremac\u00eda blanca, las grietas a la Ley de Extranjeria espa\u00f1ola que pueden abrir el asilo pol\u00edtico y el arraigo laboral y la acci\u00f3n sindical antirracista.<\/p>\n\n\n\n<p>Los y las trabajadoras migradas y racializadas han sido las protagonistas de la jornada, pero los y las liberadas y delegadas del sindicato, cada persona desde su lugar y posici\u00f3n, tambi\u00e9n han realizado su aportaci\u00f3n. Y es que ha sido una jornada para escuchar, aportar y compartir.<\/p>\n\n\n\n<p><strong>Cinco ejes de trabajo<\/strong><\/p>\n\n\n\n<p>El grupo motor del festival antirracista organizado en Durango ha estado semanas trabajando y preparando esta jornada; y es que ha sido parte de un proceso colectivo en el que estamos involucradas e involucrados. Como parte de este recorrido, y siendo conscientes de que el encuentro de Durango es el principio de una nueva fase, en adelante nuestra labor tendr\u00e1 conco hip\u00f3tesis de trabajo:<\/p>\n\n\n\n<p>-No basta con no ser racista. Desde LAB queremos desarrollar una pr\u00e1ctica sindical antiracista y en esa direcci\u00f3n trabajaremos firmemente en los pr\u00f3ximos a\u00f1os.<\/p>\n\n\n\n<p>-Re-inventaremos nuestra praxis sindical desde una perspectiva integral. LAB se&nbsp;reforzar\u00e1 como herramienta para Todas las trabajadoras.<\/p>\n\n\n\n<p>-Contribuiremos a desmontar desde la acci\u00f3n sindical integral las m\u00faltiples opresiones&nbsp;que atraviesan a las trabajadoras migradas y racializadas en Euskal Herria.&nbsp;&nbsp;<\/p>\n\n\n\n<p>-Las personas trabajadoras migradas y racializadas tenemos que ser reconocidas como sujetas&nbsp;protagonistas activas. Desde la l\u00e1stima, \u00a1nada!<\/p>\n\n\n\n<p>-Desde LAB sumamos en la construcci\u00f3n de un pueblo vasco solidario y de acogida, con&nbsp;soberan\u00eda popular y justicia social.<\/p>\n\n\n\n<p>Al fin y al cabo, desde LAB aportamos nuestro granito de arena con la ilusi\u00f3n y convicci\u00f3n de que la construcci\u00f3n de un sindicalismo antirracista es dar pasos de fraternidad, reconocimiento y justicia social que contribuyen en la construcci\u00f3n de la Euskal Herria que queremos.<\/p>\n\n\n\n<figure class=\"wp-block-gallery columns-3 is-cropped wp-block-gallery-1 is-layout-flex wp-block-gallery-is-layout-flex\"><ul class=\"blocks-gallery-grid\"><li class=\"blocks-gallery-item\"><figure><img loading=\"lazy\" decoding=\"async\" width=\"1024\" height=\"834\" src=\"https:\/\/www.lab.eus\/wp-content\/uploads\/2022\/04\/IMG_20220409_130511-1024x834.jpg\" alt=\"\" data-id=\"46080\" data-link=\"https:\/\/www.lab.eus\/?attachment_id=46080\" class=\"wp-image-46080\" srcset=\"https:\/\/www.lab.eus\/wp-content\/uploads\/2022\/04\/IMG_20220409_130511-1024x834.jpg 1024w, https:\/\/www.lab.eus\/wp-content\/uploads\/2022\/04\/IMG_20220409_130511-300x244.jpg 300w, https:\/\/www.lab.eus\/wp-content\/uploads\/2022\/04\/IMG_20220409_130511-768x625.jpg 768w, https:\/\/www.lab.eus\/wp-content\/uploads\/2022\/04\/IMG_20220409_130511-150x122.jpg 150w, https:\/\/www.lab.eus\/wp-content\/uploads\/2022\/04\/IMG_20220409_130511-696x567.jpg 696w, https:\/\/www.lab.eus\/wp-content\/uploads\/2022\/04\/IMG_20220409_130511-1068x870.jpg 1068w, https:\/\/www.lab.eus\/wp-content\/uploads\/2022\/04\/IMG_20220409_130511-516x420.jpg 516w, https:\/\/www.lab.eus\/wp-content\/uploads\/2022\/04\/IMG_20220409_130511.jpg 1179w\" sizes=\"auto, (max-width: 1024px) 100vw, 1024px\" \/><\/figure><\/li><li class=\"blocks-gallery-item\"><figure><img loading=\"lazy\" decoding=\"async\" width=\"1024\" height=\"768\" src=\"https:\/\/www.lab.eus\/wp-content\/uploads\/2022\/04\/IMG_20220409_130133_482-1024x768.jpg\" alt=\"\" data-id=\"46082\" data-link=\"https:\/\/www.lab.eus\/?attachment_id=46082\" class=\"wp-image-46082\" srcset=\"https:\/\/www.lab.eus\/wp-content\/uploads\/2022\/04\/IMG_20220409_130133_482-1024x768.jpg 1024w, https:\/\/www.lab.eus\/wp-content\/uploads\/2022\/04\/IMG_20220409_130133_482-300x225.jpg 300w, https:\/\/www.lab.eus\/wp-content\/uploads\/2022\/04\/IMG_20220409_130133_482-768x576.jpg 768w, https:\/\/www.lab.eus\/wp-content\/uploads\/2022\/04\/IMG_20220409_130133_482-150x113.jpg 150w, https:\/\/www.lab.eus\/wp-content\/uploads\/2022\/04\/IMG_20220409_130133_482-696x522.jpg 696w, https:\/\/www.lab.eus\/wp-content\/uploads\/2022\/04\/IMG_20220409_130133_482-1068x801.jpg 1068w, https:\/\/www.lab.eus\/wp-content\/uploads\/2022\/04\/IMG_20220409_130133_482-560x420.jpg 560w, https:\/\/www.lab.eus\/wp-content\/uploads\/2022\/04\/IMG_20220409_130133_482-80x60.jpg 80w, https:\/\/www.lab.eus\/wp-content\/uploads\/2022\/04\/IMG_20220409_130133_482-265x198.jpg 265w, https:\/\/www.lab.eus\/wp-content\/uploads\/2022\/04\/IMG_20220409_130133_482.jpg 1280w\" sizes=\"auto, (max-width: 1024px) 100vw, 1024px\" \/><\/figure><\/li><li class=\"blocks-gallery-item\"><figure><img loading=\"lazy\" decoding=\"async\" width=\"1024\" height=\"768\" src=\"https:\/\/www.lab.eus\/wp-content\/uploads\/2022\/04\/IMG_20220409_130117_836-1024x768.jpg\" alt=\"\" data-id=\"46084\" data-link=\"https:\/\/www.lab.eus\/?attachment_id=46084\" class=\"wp-image-46084\" srcset=\"https:\/\/www.lab.eus\/wp-content\/uploads\/2022\/04\/IMG_20220409_130117_836-1024x768.jpg 1024w, https:\/\/www.lab.eus\/wp-content\/uploads\/2022\/04\/IMG_20220409_130117_836-300x225.jpg 300w, https:\/\/www.lab.eus\/wp-content\/uploads\/2022\/04\/IMG_20220409_130117_836-768x576.jpg 768w, https:\/\/www.lab.eus\/wp-content\/uploads\/2022\/04\/IMG_20220409_130117_836-150x113.jpg 150w, https:\/\/www.lab.eus\/wp-content\/uploads\/2022\/04\/IMG_20220409_130117_836-696x522.jpg 696w, https:\/\/www.lab.eus\/wp-content\/uploads\/2022\/04\/IMG_20220409_130117_836-1068x801.jpg 1068w, https:\/\/www.lab.eus\/wp-content\/uploads\/2022\/04\/IMG_20220409_130117_836-560x420.jpg 560w, https:\/\/www.lab.eus\/wp-content\/uploads\/2022\/04\/IMG_20220409_130117_836-80x60.jpg 80w, https:\/\/www.lab.eus\/wp-content\/uploads\/2022\/04\/IMG_20220409_130117_836-265x198.jpg 265w, https:\/\/www.lab.eus\/wp-content\/uploads\/2022\/04\/IMG_20220409_130117_836.jpg 1280w\" sizes=\"auto, (max-width: 1024px) 100vw, 1024px\" \/><\/figure><\/li><li class=\"blocks-gallery-item\"><figure><img loading=\"lazy\" decoding=\"async\" width=\"1024\" height=\"768\" src=\"https:\/\/www.lab.eus\/wp-content\/uploads\/2022\/04\/IMG_20220409_120228_638-1024x768.jpg\" alt=\"\" data-id=\"46086\" data-link=\"https:\/\/www.lab.eus\/?attachment_id=46086\" class=\"wp-image-46086\" srcset=\"https:\/\/www.lab.eus\/wp-content\/uploads\/2022\/04\/IMG_20220409_120228_638-1024x768.jpg 1024w, https:\/\/www.lab.eus\/wp-content\/uploads\/2022\/04\/IMG_20220409_120228_638-300x225.jpg 300w, https:\/\/www.lab.eus\/wp-content\/uploads\/2022\/04\/IMG_20220409_120228_638-768x576.jpg 768w, https:\/\/www.lab.eus\/wp-content\/uploads\/2022\/04\/IMG_20220409_120228_638-150x113.jpg 150w, https:\/\/www.lab.eus\/wp-content\/uploads\/2022\/04\/IMG_20220409_120228_638-696x522.jpg 696w, https:\/\/www.lab.eus\/wp-content\/uploads\/2022\/04\/IMG_20220409_120228_638-1068x801.jpg 1068w, https:\/\/www.lab.eus\/wp-content\/uploads\/2022\/04\/IMG_20220409_120228_638-560x420.jpg 560w, https:\/\/www.lab.eus\/wp-content\/uploads\/2022\/04\/IMG_20220409_120228_638-80x60.jpg 80w, https:\/\/www.lab.eus\/wp-content\/uploads\/2022\/04\/IMG_20220409_120228_638-265x198.jpg 265w, https:\/\/www.lab.eus\/wp-content\/uploads\/2022\/04\/IMG_20220409_120228_638.jpg 1280w\" sizes=\"auto, (max-width: 1024px) 100vw, 1024px\" \/><\/figure><\/li><li class=\"blocks-gallery-item\"><figure><img loading=\"lazy\" decoding=\"async\" width=\"1024\" height=\"768\" src=\"https:\/\/www.lab.eus\/wp-content\/uploads\/2022\/04\/IMG_20220409_120214_964-1024x768.jpg\" alt=\"\" data-id=\"46088\" data-link=\"https:\/\/www.lab.eus\/?attachment_id=46088\" class=\"wp-image-46088\" srcset=\"https:\/\/www.lab.eus\/wp-content\/uploads\/2022\/04\/IMG_20220409_120214_964-1024x768.jpg 1024w, https:\/\/www.lab.eus\/wp-content\/uploads\/2022\/04\/IMG_20220409_120214_964-300x225.jpg 300w, https:\/\/www.lab.eus\/wp-content\/uploads\/2022\/04\/IMG_20220409_120214_964-768x576.jpg 768w, https:\/\/www.lab.eus\/wp-content\/uploads\/2022\/04\/IMG_20220409_120214_964-150x113.jpg 150w, https:\/\/www.lab.eus\/wp-content\/uploads\/2022\/04\/IMG_20220409_120214_964-696x522.jpg 696w, https:\/\/www.lab.eus\/wp-content\/uploads\/2022\/04\/IMG_20220409_120214_964-1068x801.jpg 1068w, https:\/\/www.lab.eus\/wp-content\/uploads\/2022\/04\/IMG_20220409_120214_964-560x420.jpg 560w, https:\/\/www.lab.eus\/wp-content\/uploads\/2022\/04\/IMG_20220409_120214_964-80x60.jpg 80w, https:\/\/www.lab.eus\/wp-content\/uploads\/2022\/04\/IMG_20220409_120214_964-265x198.jpg 265w, https:\/\/www.lab.eus\/wp-content\/uploads\/2022\/04\/IMG_20220409_120214_964.jpg 1280w\" sizes=\"auto, (max-width: 1024px) 100vw, 1024px\" \/><\/figure><\/li><li class=\"blocks-gallery-item\"><figure><img loading=\"lazy\" decoding=\"async\" width=\"1024\" height=\"768\" src=\"https:\/\/www.lab.eus\/wp-content\/uploads\/2022\/04\/IMG_20220409_120208_867-1024x768.jpg\" alt=\"\" data-id=\"46090\" data-link=\"https:\/\/www.lab.eus\/?attachment_id=46090\" class=\"wp-image-46090\" srcset=\"https:\/\/www.lab.eus\/wp-content\/uploads\/2022\/04\/IMG_20220409_120208_867-1024x768.jpg 1024w, https:\/\/www.lab.eus\/wp-content\/uploads\/2022\/04\/IMG_20220409_120208_867-300x225.jpg 300w, https:\/\/www.lab.eus\/wp-content\/uploads\/2022\/04\/IMG_20220409_120208_867-768x576.jpg 768w, https:\/\/www.lab.eus\/wp-content\/uploads\/2022\/04\/IMG_20220409_120208_867-150x113.jpg 150w, https:\/\/www.lab.eus\/wp-content\/uploads\/2022\/04\/IMG_20220409_120208_867-696x522.jpg 696w, https:\/\/www.lab.eus\/wp-content\/uploads\/2022\/04\/IMG_20220409_120208_867-1068x801.jpg 1068w, https:\/\/www.lab.eus\/wp-content\/uploads\/2022\/04\/IMG_20220409_120208_867-560x420.jpg 560w, https:\/\/www.lab.eus\/wp-content\/uploads\/2022\/04\/IMG_20220409_120208_867-80x60.jpg 80w, https:\/\/www.lab.eus\/wp-content\/uploads\/2022\/04\/IMG_20220409_120208_867-265x198.jpg 265w, https:\/\/www.lab.eus\/wp-content\/uploads\/2022\/04\/IMG_20220409_120208_867.jpg 1280w\" sizes=\"auto, (max-width: 1024px) 100vw, 1024px\" \/><\/figure><\/li><li class=\"blocks-gallery-item\"><figure><img loading=\"lazy\" decoding=\"async\" width=\"1024\" height=\"768\" src=\"https:\/\/www.lab.eus\/wp-content\/uploads\/2022\/04\/IMG_20220409_111443-1024x768.jpg\" alt=\"\" data-id=\"46092\" data-link=\"https:\/\/www.lab.eus\/?attachment_id=46092\" class=\"wp-image-46092\" srcset=\"https:\/\/www.lab.eus\/wp-content\/uploads\/2022\/04\/IMG_20220409_111443-1024x768.jpg 1024w, https:\/\/www.lab.eus\/wp-content\/uploads\/2022\/04\/IMG_20220409_111443-300x225.jpg 300w, https:\/\/www.lab.eus\/wp-content\/uploads\/2022\/04\/IMG_20220409_111443-768x576.jpg 768w, https:\/\/www.lab.eus\/wp-content\/uploads\/2022\/04\/IMG_20220409_111443-1536x1152.jpg 1536w, https:\/\/www.lab.eus\/wp-content\/uploads\/2022\/04\/IMG_20220409_111443-150x113.jpg 150w, https:\/\/www.lab.eus\/wp-content\/uploads\/2022\/04\/IMG_20220409_111443-696x522.jpg 696w, https:\/\/www.lab.eus\/wp-content\/uploads\/2022\/04\/IMG_20220409_111443-1068x801.jpg 1068w, https:\/\/www.lab.eus\/wp-content\/uploads\/2022\/04\/IMG_20220409_111443-1920x1440.jpg 1920w, https:\/\/www.lab.eus\/wp-content\/uploads\/2022\/04\/IMG_20220409_111443-560x420.jpg 560w, https:\/\/www.lab.eus\/wp-content\/uploads\/2022\/04\/IMG_20220409_111443-80x60.jpg 80w, https:\/\/www.lab.eus\/wp-content\/uploads\/2022\/04\/IMG_20220409_111443-265x198.jpg 265w, https:\/\/www.lab.eus\/wp-content\/uploads\/2022\/04\/IMG_20220409_111443.jpg 2048w\" sizes=\"auto, (max-width: 1024px) 100vw, 1024px\" \/><\/figure><\/li><li class=\"blocks-gallery-item\"><figure><img loading=\"lazy\" decoding=\"async\" width=\"768\" height=\"1024\" src=\"https:\/\/www.lab.eus\/wp-content\/uploads\/2022\/04\/20220409_111136-768x1024.jpg\" alt=\"\" data-id=\"46094\" data-link=\"https:\/\/www.lab.eus\/?attachment_id=46094\" class=\"wp-image-46094\" srcset=\"https:\/\/www.lab.eus\/wp-content\/uploads\/2022\/04\/20220409_111136-768x1024.jpg 768w, https:\/\/www.lab.eus\/wp-content\/uploads\/2022\/04\/20220409_111136-225x300.jpg 225w, https:\/\/www.lab.eus\/wp-content\/uploads\/2022\/04\/20220409_111136-1152x1536.jpg 1152w, https:\/\/www.lab.eus\/wp-content\/uploads\/2022\/04\/20220409_111136-150x200.jpg 150w, https:\/\/www.lab.eus\/wp-content\/uploads\/2022\/04\/20220409_111136-300x400.jpg 300w, https:\/\/www.lab.eus\/wp-content\/uploads\/2022\/04\/20220409_111136-696x928.jpg 696w, https:\/\/www.lab.eus\/wp-content\/uploads\/2022\/04\/20220409_111136-1068x1424.jpg 1068w, https:\/\/www.lab.eus\/wp-content\/uploads\/2022\/04\/20220409_111136-315x420.jpg 315w, https:\/\/www.lab.eus\/wp-content\/uploads\/2022\/04\/20220409_111136.jpg 1536w\" sizes=\"auto, (max-width: 768px) 100vw, 768px\" \/><\/figure><\/li><li class=\"blocks-gallery-item\"><figure><img loading=\"lazy\" decoding=\"async\" width=\"1024\" height=\"768\" src=\"https:\/\/www.lab.eus\/wp-content\/uploads\/2022\/04\/20220409_111114-1024x768.jpg\" alt=\"\" data-id=\"46096\" data-link=\"https:\/\/www.lab.eus\/?attachment_id=46096\" class=\"wp-image-46096\" srcset=\"https:\/\/www.lab.eus\/wp-content\/uploads\/2022\/04\/20220409_111114-1024x768.jpg 1024w, https:\/\/www.lab.eus\/wp-content\/uploads\/2022\/04\/20220409_111114-300x225.jpg 300w, https:\/\/www.lab.eus\/wp-content\/uploads\/2022\/04\/20220409_111114-768x576.jpg 768w, https:\/\/www.lab.eus\/wp-content\/uploads\/2022\/04\/20220409_111114-1536x1152.jpg 1536w, https:\/\/www.lab.eus\/wp-content\/uploads\/2022\/04\/20220409_111114-150x113.jpg 150w, https:\/\/www.lab.eus\/wp-content\/uploads\/2022\/04\/20220409_111114-696x522.jpg 696w, https:\/\/www.lab.eus\/wp-content\/uploads\/2022\/04\/20220409_111114-1068x801.jpg 1068w, https:\/\/www.lab.eus\/wp-content\/uploads\/2022\/04\/20220409_111114-1920x1440.jpg 1920w, https:\/\/www.lab.eus\/wp-content\/uploads\/2022\/04\/20220409_111114-560x420.jpg 560w, https:\/\/www.lab.eus\/wp-content\/uploads\/2022\/04\/20220409_111114-80x60.jpg 80w, https:\/\/www.lab.eus\/wp-content\/uploads\/2022\/04\/20220409_111114-265x198.jpg 265w, https:\/\/www.lab.eus\/wp-content\/uploads\/2022\/04\/20220409_111114.jpg 2048w\" sizes=\"auto, (max-width: 1024px) 100vw, 1024px\" \/><\/figure><\/li><li class=\"blocks-gallery-item\"><figure><img loading=\"lazy\" decoding=\"async\" width=\"1024\" height=\"768\" src=\"https:\/\/www.lab.eus\/wp-content\/uploads\/2022\/04\/20220409_170026-1-1024x768.jpg\" alt=\"\" data-id=\"46111\" data-link=\"https:\/\/www.lab.eus\/es\/hemos-dado-un-nuevo-paso-en-durango-hacia-un-sindicalismo-antirracista\/20220409_170026-1\/\" class=\"wp-image-46111\" srcset=\"https:\/\/www.lab.eus\/wp-content\/uploads\/2022\/04\/20220409_170026-1-1024x768.jpg 1024w, https:\/\/www.lab.eus\/wp-content\/uploads\/2022\/04\/20220409_170026-1-300x225.jpg 300w, https:\/\/www.lab.eus\/wp-content\/uploads\/2022\/04\/20220409_170026-1-768x576.jpg 768w, https:\/\/www.lab.eus\/wp-content\/uploads\/2022\/04\/20220409_170026-1-1536x1152.jpg 1536w, https:\/\/www.lab.eus\/wp-content\/uploads\/2022\/04\/20220409_170026-1-150x113.jpg 150w, https:\/\/www.lab.eus\/wp-content\/uploads\/2022\/04\/20220409_170026-1-696x522.jpg 696w, https:\/\/www.lab.eus\/wp-content\/uploads\/2022\/04\/20220409_170026-1-1068x801.jpg 1068w, https:\/\/www.lab.eus\/wp-content\/uploads\/2022\/04\/20220409_170026-1-1920x1440.jpg 1920w, https:\/\/www.lab.eus\/wp-content\/uploads\/2022\/04\/20220409_170026-1-560x420.jpg 560w, https:\/\/www.lab.eus\/wp-content\/uploads\/2022\/04\/20220409_170026-1-80x60.jpg 80w, https:\/\/www.lab.eus\/wp-content\/uploads\/2022\/04\/20220409_170026-1-265x198.jpg 265w, https:\/\/www.lab.eus\/wp-content\/uploads\/2022\/04\/20220409_170026-1.jpg 2048w\" sizes=\"auto, (max-width: 1024px) 100vw, 1024px\" \/><\/figure><\/li><li class=\"blocks-gallery-item\"><figure><img loading=\"lazy\" decoding=\"async\" width=\"1024\" height=\"768\" src=\"https:\/\/www.lab.eus\/wp-content\/uploads\/2022\/04\/20220409_165653-1-1024x768.jpg\" alt=\"\" data-id=\"46113\" data-link=\"https:\/\/www.lab.eus\/es\/hemos-dado-un-nuevo-paso-en-durango-hacia-un-sindicalismo-antirracista\/20220409_165653-1\/\" class=\"wp-image-46113\" srcset=\"https:\/\/www.lab.eus\/wp-content\/uploads\/2022\/04\/20220409_165653-1-1024x768.jpg 1024w, https:\/\/www.lab.eus\/wp-content\/uploads\/2022\/04\/20220409_165653-1-300x225.jpg 300w, https:\/\/www.lab.eus\/wp-content\/uploads\/2022\/04\/20220409_165653-1-768x576.jpg 768w, https:\/\/www.lab.eus\/wp-content\/uploads\/2022\/04\/20220409_165653-1-150x113.jpg 150w, https:\/\/www.lab.eus\/wp-content\/uploads\/2022\/04\/20220409_165653-1-696x522.jpg 696w, https:\/\/www.lab.eus\/wp-content\/uploads\/2022\/04\/20220409_165653-1-1068x801.jpg 1068w, https:\/\/www.lab.eus\/wp-content\/uploads\/2022\/04\/20220409_165653-1-560x420.jpg 560w, https:\/\/www.lab.eus\/wp-content\/uploads\/2022\/04\/20220409_165653-1-80x60.jpg 80w, https:\/\/www.lab.eus\/wp-content\/uploads\/2022\/04\/20220409_165653-1-265x198.jpg 265w, https:\/\/www.lab.eus\/wp-content\/uploads\/2022\/04\/20220409_165653-1.jpg 1280w\" sizes=\"auto, (max-width: 1024px) 100vw, 1024px\" \/><\/figure><\/li><li class=\"blocks-gallery-item\"><figure><img loading=\"lazy\" decoding=\"async\" width=\"1024\" height=\"768\" src=\"https:\/\/www.lab.eus\/wp-content\/uploads\/2022\/04\/20220409_165647-1-1024x768.jpg\" alt=\"\" data-id=\"46115\" data-link=\"https:\/\/www.lab.eus\/es\/hemos-dado-un-nuevo-paso-en-durango-hacia-un-sindicalismo-antirracista\/20220409_165647-1\/\" class=\"wp-image-46115\" srcset=\"https:\/\/www.lab.eus\/wp-content\/uploads\/2022\/04\/20220409_165647-1-1024x768.jpg 1024w, https:\/\/www.lab.eus\/wp-content\/uploads\/2022\/04\/20220409_165647-1-300x225.jpg 300w, https:\/\/www.lab.eus\/wp-content\/uploads\/2022\/04\/20220409_165647-1-768x576.jpg 768w, https:\/\/www.lab.eus\/wp-content\/uploads\/2022\/04\/20220409_165647-1-1536x1152.jpg 1536w, https:\/\/www.lab.eus\/wp-content\/uploads\/2022\/04\/20220409_165647-1-150x113.jpg 150w, https:\/\/www.lab.eus\/wp-content\/uploads\/2022\/04\/20220409_165647-1-696x522.jpg 696w, https:\/\/www.lab.eus\/wp-content\/uploads\/2022\/04\/20220409_165647-1-1068x801.jpg 1068w, https:\/\/www.lab.eus\/wp-content\/uploads\/2022\/04\/20220409_165647-1-1920x1440.jpg 1920w, https:\/\/www.lab.eus\/wp-content\/uploads\/2022\/04\/20220409_165647-1-560x420.jpg 560w, https:\/\/www.lab.eus\/wp-content\/uploads\/2022\/04\/20220409_165647-1-80x60.jpg 80w, https:\/\/www.lab.eus\/wp-content\/uploads\/2022\/04\/20220409_165647-1-265x198.jpg 265w, https:\/\/www.lab.eus\/wp-content\/uploads\/2022\/04\/20220409_165647-1.jpg 2048w\" sizes=\"auto, (max-width: 1024px) 100vw, 1024px\" \/><\/figure><\/li><li class=\"blocks-gallery-item\"><figure><img loading=\"lazy\" decoding=\"async\" width=\"1024\" height=\"768\" src=\"https:\/\/www.lab.eus\/wp-content\/uploads\/2022\/04\/IMG_20220409_181112_252-1024x768.jpg\" alt=\"\" data-id=\"46118\" data-full-url=\"https:\/\/www.lab.eus\/wp-content\/uploads\/2022\/04\/IMG_20220409_181112_252.jpg\" data-link=\"https:\/\/www.lab.eus\/es\/hemos-dado-un-nuevo-paso-en-durango-hacia-un-sindicalismo-antirracista\/img_20220409_181112_252\/\" class=\"wp-image-46118\" srcset=\"https:\/\/www.lab.eus\/wp-content\/uploads\/2022\/04\/IMG_20220409_181112_252-1024x768.jpg 1024w, https:\/\/www.lab.eus\/wp-content\/uploads\/2022\/04\/IMG_20220409_181112_252-300x225.jpg 300w, https:\/\/www.lab.eus\/wp-content\/uploads\/2022\/04\/IMG_20220409_181112_252-768x576.jpg 768w, https:\/\/www.lab.eus\/wp-content\/uploads\/2022\/04\/IMG_20220409_181112_252-150x113.jpg 150w, https:\/\/www.lab.eus\/wp-content\/uploads\/2022\/04\/IMG_20220409_181112_252-696x522.jpg 696w, https:\/\/www.lab.eus\/wp-content\/uploads\/2022\/04\/IMG_20220409_181112_252-1068x801.jpg 1068w, https:\/\/www.lab.eus\/wp-content\/uploads\/2022\/04\/IMG_20220409_181112_252-560x420.jpg 560w, https:\/\/www.lab.eus\/wp-content\/uploads\/2022\/04\/IMG_20220409_181112_252-80x60.jpg 80w, https:\/\/www.lab.eus\/wp-content\/uploads\/2022\/04\/IMG_20220409_181112_252-265x198.jpg 265w, https:\/\/www.lab.eus\/wp-content\/uploads\/2022\/04\/IMG_20220409_181112_252.jpg 1280w\" sizes=\"auto, (max-width: 1024px) 100vw, 1024px\" \/><\/figure><\/li><li class=\"blocks-gallery-item\"><figure><img loading=\"lazy\" decoding=\"async\" width=\"1024\" height=\"768\" src=\"https:\/\/www.lab.eus\/wp-content\/uploads\/2022\/04\/IMG_20220409_181107_560-1024x768.jpg\" alt=\"\" data-id=\"46120\" data-full-url=\"https:\/\/www.lab.eus\/wp-content\/uploads\/2022\/04\/IMG_20220409_181107_560.jpg\" data-link=\"https:\/\/www.lab.eus\/es\/hemos-dado-un-nuevo-paso-en-durango-hacia-un-sindicalismo-antirracista\/img_20220409_181107_560\/\" class=\"wp-image-46120\" srcset=\"https:\/\/www.lab.eus\/wp-content\/uploads\/2022\/04\/IMG_20220409_181107_560-1024x768.jpg 1024w, https:\/\/www.lab.eus\/wp-content\/uploads\/2022\/04\/IMG_20220409_181107_560-300x225.jpg 300w, https:\/\/www.lab.eus\/wp-content\/uploads\/2022\/04\/IMG_20220409_181107_560-768x576.jpg 768w, https:\/\/www.lab.eus\/wp-content\/uploads\/2022\/04\/IMG_20220409_181107_560-150x113.jpg 150w, https:\/\/www.lab.eus\/wp-content\/uploads\/2022\/04\/IMG_20220409_181107_560-696x522.jpg 696w, https:\/\/www.lab.eus\/wp-content\/uploads\/2022\/04\/IMG_20220409_181107_560-1068x801.jpg 1068w, https:\/\/www.lab.eus\/wp-content\/uploads\/2022\/04\/IMG_20220409_181107_560-560x420.jpg 560w, https:\/\/www.lab.eus\/wp-content\/uploads\/2022\/04\/IMG_20220409_181107_560-80x60.jpg 80w, https:\/\/www.lab.eus\/wp-content\/uploads\/2022\/04\/IMG_20220409_181107_560-265x198.jpg 265w, https:\/\/www.lab.eus\/wp-content\/uploads\/2022\/04\/IMG_20220409_181107_560.jpg 1280w\" sizes=\"auto, (max-width: 1024px) 100vw, 1024px\" \/><\/figure><\/li><li class=\"blocks-gallery-item\"><figure><img loading=\"lazy\" decoding=\"async\" width=\"1024\" height=\"768\" src=\"https:\/\/www.lab.eus\/wp-content\/uploads\/2022\/04\/IMG_20220409_181101_859-1024x768.jpg\" alt=\"\" data-id=\"46122\" data-full-url=\"https:\/\/www.lab.eus\/wp-content\/uploads\/2022\/04\/IMG_20220409_181101_859.jpg\" data-link=\"https:\/\/www.lab.eus\/es\/hemos-dado-un-nuevo-paso-en-durango-hacia-un-sindicalismo-antirracista\/img_20220409_181101_859\/\" class=\"wp-image-46122\" srcset=\"https:\/\/www.lab.eus\/wp-content\/uploads\/2022\/04\/IMG_20220409_181101_859-1024x768.jpg 1024w, https:\/\/www.lab.eus\/wp-content\/uploads\/2022\/04\/IMG_20220409_181101_859-300x225.jpg 300w, https:\/\/www.lab.eus\/wp-content\/uploads\/2022\/04\/IMG_20220409_181101_859-768x576.jpg 768w, https:\/\/www.lab.eus\/wp-content\/uploads\/2022\/04\/IMG_20220409_181101_859-150x113.jpg 150w, https:\/\/www.lab.eus\/wp-content\/uploads\/2022\/04\/IMG_20220409_181101_859-696x522.jpg 696w, https:\/\/www.lab.eus\/wp-content\/uploads\/2022\/04\/IMG_20220409_181101_859-1068x801.jpg 1068w, https:\/\/www.lab.eus\/wp-content\/uploads\/2022\/04\/IMG_20220409_181101_859-560x420.jpg 560w, https:\/\/www.lab.eus\/wp-content\/uploads\/2022\/04\/IMG_20220409_181101_859-80x60.jpg 80w, https:\/\/www.lab.eus\/wp-content\/uploads\/2022\/04\/IMG_20220409_181101_859-265x198.jpg 265w, https:\/\/www.lab.eus\/wp-content\/uploads\/2022\/04\/IMG_20220409_181101_859.jpg 1280w\" sizes=\"auto, (max-width: 1024px) 100vw, 1024px\" \/><\/figure><\/li><li class=\"blocks-gallery-item\"><figure><img loading=\"lazy\" decoding=\"async\" width=\"1024\" height=\"768\" src=\"https:\/\/www.lab.eus\/wp-content\/uploads\/2022\/04\/IMG_20220409_130126_129-1-1024x768.jpg\" alt=\"\" data-id=\"46124\" data-full-url=\"https:\/\/www.lab.eus\/wp-content\/uploads\/2022\/04\/IMG_20220409_130126_129-1.jpg\" data-link=\"https:\/\/www.lab.eus\/es\/hemos-dado-un-nuevo-paso-en-durango-hacia-un-sindicalismo-antirracista\/img_20220409_130126_129-1\/\" class=\"wp-image-46124\" srcset=\"https:\/\/www.lab.eus\/wp-content\/uploads\/2022\/04\/IMG_20220409_130126_129-1-1024x768.jpg 1024w, https:\/\/www.lab.eus\/wp-content\/uploads\/2022\/04\/IMG_20220409_130126_129-1-300x225.jpg 300w, https:\/\/www.lab.eus\/wp-content\/uploads\/2022\/04\/IMG_20220409_130126_129-1-768x576.jpg 768w, https:\/\/www.lab.eus\/wp-content\/uploads\/2022\/04\/IMG_20220409_130126_129-1-150x113.jpg 150w, https:\/\/www.lab.eus\/wp-content\/uploads\/2022\/04\/IMG_20220409_130126_129-1-696x522.jpg 696w, https:\/\/www.lab.eus\/wp-content\/uploads\/2022\/04\/IMG_20220409_130126_129-1-1068x801.jpg 1068w, https:\/\/www.lab.eus\/wp-content\/uploads\/2022\/04\/IMG_20220409_130126_129-1-560x420.jpg 560w, https:\/\/www.lab.eus\/wp-content\/uploads\/2022\/04\/IMG_20220409_130126_129-1-80x60.jpg 80w, https:\/\/www.lab.eus\/wp-content\/uploads\/2022\/04\/IMG_20220409_130126_129-1-265x198.jpg 265w, https:\/\/www.lab.eus\/wp-content\/uploads\/2022\/04\/IMG_20220409_130126_129-1.jpg 1280w\" sizes=\"auto, (max-width: 1024px) 100vw, 1024px\" \/><\/figure><\/li><\/ul><\/figure>\n","protected":false},"excerpt":{"rendered":"<p>Desde LAB, asumiendo nuestro compromiso de enmendar la deuda colonial que tenemos como sociedad, estamos dando pasos concretos para mejorar las condiciones de empleo de los y las trabajadoras migradas y racializadas en Euskal Herria. En este camino, hemos organizado un encuentro antirracista en Durango a modo de espacio de encuentro, reconocimiento e inter-aprendizaje colectivo, comprometi\u00e9ndonos a desarrollar una pr\u00e1ctica sindical antirracista.<\/p>\n","protected":false},"author":1189,"featured_media":62294,"comment_status":"closed","ping_status":"closed","sticky":false,"template":"","format":"standard","meta":{"_monsterinsights_skip_tracking":false,"_monsterinsights_sitenote_active":false,"_monsterinsights_sitenote_note":"","_monsterinsights_sitenote_category":0,"footnotes":"","_links_to":"","_links_to_target":""},"categories":[2994,3283,11],"tags":[3182,3178,4119,3260],"class_list":{"0":"post-45867","1":"post","2":"type-post","3":"status-publish","4":"format-standard","5":"has-post-thumbnail","7":"category-accion-social","8":"category-sin-categorizar","9":"category-es-sindicato-lab","10":"tag-accion-social-es","11":"tag-destacado-1","12":"tag-secretaria-antirracista-es","13":"tag-sindicato-lab-es"},"_links":{"self":[{"href":"https:\/\/www.lab.eus\/es\/wp-json\/wp\/v2\/posts\/45867","targetHints":{"allow":["GET"]}}],"collection":[{"href":"https:\/\/www.lab.eus\/es\/wp-json\/wp\/v2\/posts"}],"about":[{"href":"https:\/\/www.lab.eus\/es\/wp-json\/wp\/v2\/types\/post"}],"author":[{"embeddable":true,"href":"https:\/\/www.lab.eus\/es\/wp-json\/wp\/v2\/users\/1189"}],"replies":[{"embeddable":true,"href":"https:\/\/www.lab.eus\/es\/wp-json\/wp\/v2\/comments?post=45867"}],"version-history":[{"count":0,"href":"https:\/\/www.lab.eus\/es\/wp-json\/wp\/v2\/posts\/45867\/revisions"}],"wp:featuredmedia":[{"embeddable":true,"href":"https:\/\/www.lab.eus\/es\/wp-json\/wp\/v2\/media\/62294"}],"wp:attachment":[{"href":"https:\/\/www.lab.eus\/es\/wp-json\/wp\/v2\/media?parent=45867"}],"wp:term":[{"taxonomy":"category","embeddable":true,"href":"https:\/\/www.lab.eus\/es\/wp-json\/wp\/v2\/categories?post=45867"},{"taxonomy":"post_tag","embeddable":true,"href":"https:\/\/www.lab.eus\/es\/wp-json\/wp\/v2\/tags?post=45867"}],"curies":[{"name":"wp","href":"https:\/\/api.w.org\/{rel}","templated":true}]}}