{"id":45860,"date":"2022-04-04T13:51:45","date_gmt":"2022-04-04T13:51:45","guid":{"rendered":"https:\/\/www.lab.eus\/?p=45860"},"modified":"2022-04-06T07:58:09","modified_gmt":"2022-04-06T07:58:09","slug":"hemos-organizado-para-el-sabado-en-durango-un-festival-bajo-el-nombre-sindikalismo-antirrazista-baterantz","status":"publish","type":"post","link":"https:\/\/www.lab.eus\/es\/hemos-organizado-para-el-sabado-en-durango-un-festival-bajo-el-nombre-sindikalismo-antirrazista-baterantz\/","title":{"rendered":"Hemos organizado para el s\u00e1bado en Durango un festival bajo el nombre Sindikalismo Antirrazista Baterantz"},"content":{"rendered":"\n<p>El 9 de abril, s\u00e1bado, tenemos una cita importante en el Instituto de Durango. All\u00ed celebraremos, de 10:30 a 18:30, un festival al que hemos denominado Sindikalismo Antirrazista Baterantz. <\/p>\n\n\n\n<p>Este encuentro ser\u00e1 un espacio de reconocimiento e inter-aprendizaje colectivo para seguir tejiendo juntas, desde LAB, nuestra praxis sindical antirracista. Habr\u00e1 diferentes momentos y opciones: mesas de experiencias, talleres pr\u00e1cticos, sesiones tem\u00e1ticas, comida popular, conciertos y feria antirracista.<\/p>\n\n\n\n<figure class=\"wp-block-embed is-type-video is-provider-youtube wp-block-embed-youtube wp-embed-aspect-16-9 wp-has-aspect-ratio\"><div class=\"wp-block-embed__wrapper\">\n<div class=\"youtube-embed\" data-video_id=\"chRRts2BACA\"><iframe loading=\"lazy\" title=\"Goazen gurekin Durangora!\" width=\"696\" height=\"392\" src=\"https:\/\/www.youtube.com\/embed\/chRRts2BACA?feature=oembed&#038;enablejsapi=1\" frameborder=\"0\" allow=\"accelerometer; autoplay; clipboard-write; encrypted-media; gyroscope; picture-in-picture\" allowfullscreen><\/iframe><\/div>\n<\/div><\/figure>\n\n\n\n<p>Los y las trabajadoras migradas y racializadas ser\u00e1n las protagonistas del d\u00eda, pero los y las liberadas y delegadas no migradas tambi\u00e9n podr\u00e1n participar, desde su lugar y posici\u00f3n. Ser\u00e1, al fin y al cabo, una jornada para escuchar, aportar y compartir.<\/p>\n\n\n\n<p>Habr\u00e1 traducci\u00f3n, transporte, servicio de guarder\u00eda, facilidades para comer, posibilidad para los que est\u00e1n en ramadan\u2026 As\u00ed todos podremos participar.<\/p>\n","protected":false},"excerpt":{"rendered":"<p>Ser\u00e1 un espacio de reconocimiento e inter-aprendizaje colectivo para seguir tejiendo desde LAB nuestra praxis sindical antirracista.<\/p>\n","protected":false},"author":1189,"featured_media":0,"comment_status":"closed","ping_status":"closed","sticky":false,"template":"","format":"video","meta":{"_monsterinsights_skip_tracking":false,"_monsterinsights_sitenote_active":false,"_monsterinsights_sitenote_note":"","_monsterinsights_sitenote_category":0,"footnotes":"","_links_to":"","_links_to_target":""},"categories":[2994],"tags":[3182,3178,4119],"class_list":{"0":"post-45860","1":"post","2":"type-post","3":"status-publish","4":"format-video","6":"category-accion-social","7":"tag-accion-social-es","8":"tag-destacado-1","9":"tag-secretaria-antirracista-es","10":"post_format-post-format-video"},"_links":{"self":[{"href":"https:\/\/www.lab.eus\/es\/wp-json\/wp\/v2\/posts\/45860","targetHints":{"allow":["GET"]}}],"collection":[{"href":"https:\/\/www.lab.eus\/es\/wp-json\/wp\/v2\/posts"}],"about":[{"href":"https:\/\/www.lab.eus\/es\/wp-json\/wp\/v2\/types\/post"}],"author":[{"embeddable":true,"href":"https:\/\/www.lab.eus\/es\/wp-json\/wp\/v2\/users\/1189"}],"replies":[{"embeddable":true,"href":"https:\/\/www.lab.eus\/es\/wp-json\/wp\/v2\/comments?post=45860"}],"version-history":[{"count":0,"href":"https:\/\/www.lab.eus\/es\/wp-json\/wp\/v2\/posts\/45860\/revisions"}],"wp:attachment":[{"href":"https:\/\/www.lab.eus\/es\/wp-json\/wp\/v2\/media?parent=45860"}],"wp:term":[{"taxonomy":"category","embeddable":true,"href":"https:\/\/www.lab.eus\/es\/wp-json\/wp\/v2\/categories?post=45860"},{"taxonomy":"post_tag","embeddable":true,"href":"https:\/\/www.lab.eus\/es\/wp-json\/wp\/v2\/tags?post=45860"}],"curies":[{"name":"wp","href":"https:\/\/api.w.org\/{rel}","templated":true}]}}