{"id":45834,"date":"2022-04-04T11:39:17","date_gmt":"2022-04-04T11:39:17","guid":{"rendered":"https:\/\/www.lab.eus\/?p=45834"},"modified":"2022-04-04T11:41:53","modified_gmt":"2022-04-04T11:41:53","slug":"hemos-convocado-en-el-metal-de-araba-tres-dias-de-huelga-en-mayo-por-un-convenio-digno","status":"publish","type":"post","link":"https:\/\/www.lab.eus\/es\/hemos-convocado-en-el-metal-de-araba-tres-dias-de-huelga-en-mayo-por-un-convenio-digno\/","title":{"rendered":"Hemos convocado para mayo en el metal de Araba tres d\u00edas de huelga por un convenio digno"},"content":{"rendered":"\n<p>Comunicado conjunto de los sindicatos con motivo de la comparecencia de hoy:<\/p>\n\n\n\n<p>La negociaci\u00f3n del Metal de Araba lleva 4 a\u00f1os sin ning\u00fan avance. Con la crisis de la Covid-19 se pararon las negociaciones, pero despu\u00e9s la patronal siempre ha encontrado excusas para no avanzar. Lo decimos alto y claro: en todo este tiempo el SEA no ha ofrecido nada m\u00e1s que inmovilismo.<\/p>\n\n\n\n<p>Ante ello, ELA-CCOO-LAB llegamos en diciembre del a\u00f1o pasado a un acuerdo para impulsar las negociaciones y las acciones sindicales de cara a tener un convenio colectivo del Metal de Araba digno, al que despu\u00e9s se sumaron USO-ESK-CGT. Tras 3 meses y 4 reuniones, seguimos a la espera de una respuesta acorde con la situaci\u00f3n por parte del SEA, dado que se siguen acumulando los problemas y la precariedad en el sector: salarios que no pueden hacer frente al encarecimiento de la vida, una jornada laboral muy alta y una flexibilidad elevada, fraude en la contrataci\u00f3n, much\u00edsima eventualidad y ETTs, subcontrataci\u00f3n en aumento, discriminaci\u00f3n de las mujeres en un sector muy masculinizado, numerosos accidentes laborales, permisos sin adaptarse a las situaciones actuales&#8230;<\/p>\n\n\n\n<p>Por todo ello, vamos a convocar 3 d\u00edas de huelga en mayo, empezando el d\u00eda 18 de mayo, al que le seguir\u00e1n el 24 y el 26, con el objetivo de que la patronal-SEA se mueva y consigamos unos contenidos que respondan a los problemas del sector.<\/p>\n\n\n\n<figure class=\"wp-block-image size-large\"><img loading=\"lazy\" decoding=\"async\" width=\"1024\" height=\"768\" src=\"https:\/\/www.lab.eus\/wp-content\/uploads\/2022\/04\/Metala-1024x768.jpg\" alt=\"\" class=\"wp-image-45831\" srcset=\"https:\/\/www.lab.eus\/wp-content\/uploads\/2022\/04\/Metala-1024x768.jpg 1024w, https:\/\/www.lab.eus\/wp-content\/uploads\/2022\/04\/Metala-300x225.jpg 300w, https:\/\/www.lab.eus\/wp-content\/uploads\/2022\/04\/Metala-768x576.jpg 768w, https:\/\/www.lab.eus\/wp-content\/uploads\/2022\/04\/Metala-150x113.jpg 150w, https:\/\/www.lab.eus\/wp-content\/uploads\/2022\/04\/Metala-696x522.jpg 696w, https:\/\/www.lab.eus\/wp-content\/uploads\/2022\/04\/Metala-1068x801.jpg 1068w, https:\/\/www.lab.eus\/wp-content\/uploads\/2022\/04\/Metala-560x420.jpg 560w, https:\/\/www.lab.eus\/wp-content\/uploads\/2022\/04\/Metala-80x60.jpg 80w, https:\/\/www.lab.eus\/wp-content\/uploads\/2022\/04\/Metala-265x198.jpg 265w, https:\/\/www.lab.eus\/wp-content\/uploads\/2022\/04\/Metala.jpg 1280w\" sizes=\"auto, (max-width: 1024px) 100vw, 1024px\" \/><\/figure>\n\n\n\n<p>La plataforma conjunta contiene entre otras las siguientes reivindicaciones:<\/p>\n\n\n\n<p>&#8211; Subidas salariales por encima del IPC, con un salario m\u00ednimo de 1400\u20ac en las 14 pagas. &#8211; Rebaja importante de la jornada laboral<br>&#8211; Subrogaci\u00f3n para el personal de las subcontratas<br>&#8211; Medidas contra el fraude en la contrataci\u00f3n<\/p>\n\n\n\n<p>&#8211; Limitaci\u00f3n de la temporalidad y la flexibilidad<br>&#8211; Medidas para conseguir una igualdad real y efectiva<br>&#8211; Medidas para garantizar la salud laboral<br>&#8211; Mejoras en los permisos y otras condiciones laborales que pongan a las personas en el centro &#8211; Garant\u00edas de aplicaci\u00f3n del convenio: ultractividad, impedir la inaplicaci\u00f3n unilateral y darle prioridad aplicativa.<\/p>\n\n\n\n<p>Por tanto, llamamos al Sector del Metal de Araba a que el 18 de Mayo secunde las huelgas, salga a la calle y paremos la producci\u00f3n para conseguir unas condiciones laborales dignas.<\/p>\n","protected":false},"excerpt":{"rendered":"<p>Frente al inmovilismo de la patronal SEA, los sindicatos LAB, ELA, CCOO, USO, CGT y ESK hemos llamado a tres d\u00edas de huelga el 18,24 y 26 de mayo.<\/p>\n","protected":false},"author":1189,"featured_media":45301,"comment_status":"closed","ping_status":"closed","sticky":false,"template":"","format":"standard","meta":{"_monsterinsights_skip_tracking":false,"_monsterinsights_sitenote_active":false,"_monsterinsights_sitenote_note":"","_monsterinsights_sitenote_category":0,"footnotes":"","_links_to":"","_links_to_target":""},"categories":[18,2868,108,3283],"tags":[3033,3178,2996,3064],"class_list":{"0":"post-45834","1":"post","2":"type-post","3":"status-publish","4":"format-standard","5":"has-post-thumbnail","7":"category-es-accion-sindical","8":"category-industria-es","9":"category-es-metal","10":"category-sin-categorizar","11":"tag-accion-sindical-es","12":"tag-destacado-1","13":"tag-industria-es","14":"tag-metal-es"},"_links":{"self":[{"href":"https:\/\/www.lab.eus\/es\/wp-json\/wp\/v2\/posts\/45834","targetHints":{"allow":["GET"]}}],"collection":[{"href":"https:\/\/www.lab.eus\/es\/wp-json\/wp\/v2\/posts"}],"about":[{"href":"https:\/\/www.lab.eus\/es\/wp-json\/wp\/v2\/types\/post"}],"author":[{"embeddable":true,"href":"https:\/\/www.lab.eus\/es\/wp-json\/wp\/v2\/users\/1189"}],"replies":[{"embeddable":true,"href":"https:\/\/www.lab.eus\/es\/wp-json\/wp\/v2\/comments?post=45834"}],"version-history":[{"count":0,"href":"https:\/\/www.lab.eus\/es\/wp-json\/wp\/v2\/posts\/45834\/revisions"}],"wp:featuredmedia":[{"embeddable":true,"href":"https:\/\/www.lab.eus\/es\/wp-json\/wp\/v2\/media\/45301"}],"wp:attachment":[{"href":"https:\/\/www.lab.eus\/es\/wp-json\/wp\/v2\/media?parent=45834"}],"wp:term":[{"taxonomy":"category","embeddable":true,"href":"https:\/\/www.lab.eus\/es\/wp-json\/wp\/v2\/categories?post=45834"},{"taxonomy":"post_tag","embeddable":true,"href":"https:\/\/www.lab.eus\/es\/wp-json\/wp\/v2\/tags?post=45834"}],"curies":[{"name":"wp","href":"https:\/\/api.w.org\/{rel}","templated":true}]}}