{"id":45747,"date":"2022-04-01T11:01:49","date_gmt":"2022-04-01T11:01:49","guid":{"rendered":"https:\/\/www.lab.eus\/?p=45747"},"modified":"2022-04-01T11:01:51","modified_gmt":"2022-04-01T11:01:51","slug":"nadie-sin-casa-han-reivindicado-las-y-los-trabajadores-de-intervencion-social-de-gipuzkoa","status":"publish","type":"post","link":"https:\/\/www.lab.eus\/es\/nadie-sin-casa-han-reivindicado-las-y-los-trabajadores-de-intervencion-social-de-gipuzkoa\/","title":{"rendered":"\u00abNadie sin casa\u00bb, han reivindicado las y los trabajadores de Intervenci\u00f3n Social de Gipuzkoa"},"content":{"rendered":"\n<p>Declaraci\u00f3n de las y los trabajadores de Intervenci\u00f3n Social de Gipuzkoa (LAB, ELA, CCOO):<\/p>\n\n\n\n<p>Desde el pasado mes de febrero cada jueves decenas de personas pernoctan a las puertas de la Diputaci\u00f3n de Gipuzkoa para denunciar el problema de sinhogarismo. Los trabajadores que trabajamos en intervenci\u00f3n social vemos cada d\u00eda de primera mano la crudeza del problema. El n\u00famero de personas que sufren exclusi\u00f3n social est\u00e1 aumentando, debido fundamentalmente a la emergencia de vivienda y a las pol\u00edticas sociales insuficientes y excluyentes.<\/p>\n\n\n\n<p>Ante la escasa voluntad de los gobiernos, las vecinas se han organizado voluntariamente barrio a barrio para dar cenas calientes a las personas que viven en la calle. A trav\u00e9s de las cenas solidarias cada noche unas 120 personas comen caliente. Desde que comenzaron hace exactamente un a\u00f1o han denunciado la falta de un comedor social y de un techo para las personas en situaci\u00f3n de calle.<\/p>\n\n\n\n<p>Junto a las que se juntan cada jueves para dormir en la calle, nosotras tambi\u00e9n queremos recordar al ayuntamiento de Donostia lo duro que es dormir en la calle, independientemente de que haga 0 o 5 grados. Le pedimos al ayuntamiento que responda a estas necesidades b\u00e1sicas y haga frente a los problemas estructurales como la pobreza, la exclusi\u00f3n social, el racismo y el sinhogarismo. Creemos que hay que cambiar el rumbo de las pol\u00edticas sociales actuales y reforzarlas. La escasa inversi\u00f3n y la subcontrataci\u00f3n, adem\u00e1s de empeorar las condiciones laborales, debilita la capacidad de ofrecer una acogida digna, acompa\u00f1amiento y protecci\u00f3n social.<\/p>\n\n\n\n<p>Queremos comunicar todo nuestro apoyo a los y las compa\u00f1eras que a diario sufren de discriminaci\u00f3n bien para acceder al padr\u00f3n, al dejarles de ofrecer protecci\u00f3n cuando cumplan los 18, por las identificaciones faciales, la persecuci\u00f3n policial por el color de piel, por las dificultades de acceder a un techo y un trabajo digno y, en general, la imposibilidad de regularizar la situaci\u00f3n administrativa y poder vivir. Por todo ello, solicitamos al Ayuntamiento de Donostia las siguientes medidas:<\/p>\n\n\n\n<ol class=\"wp-block-list\"><li>Una revisi\u00f3n urgente del Protocolo de Fr\u00edo para que el albergue La Sirena sea abierto al menos todas las noches de invierno. El protocolo que se activa ante la predicci\u00f3n de riesgo de hielo o ante los 0 grados es del todo insuficiente para garantizar las necesidades vitales b\u00e1sicas de las personas que duermen en la calle.<\/li><li>Que los huecos estructurales del albergue La Sirena sean sustituidos al 100%. Han llegado a cerrar el albergue por falta de personal debido a la falta de sustituciones, por lo que pedimos al Ayuntamiento que no amortice los puestos de trabajo y garantice unas condiciones de trabajo y unos servicios dignos.<\/li><li>Alojamiento para todas las personas en situaci\u00f3n de calle durante todo el a\u00f1o. Hay m\u00e1s de 200 personas en situaci\u00f3n de calle en Donostia: no basta con dar respuesta al problema a medias. Para que nadie se encuentre sin casa y en situaci\u00f3n de calle hace falta m\u00e1s recursos e inversi\u00f3n.<\/li><li>Poner las pol\u00edticas urbanas en la direcci\u00f3n de las necesidades de las ciudadanas. Responder a la emergencia de la exclusi\u00f3n social, pobreza alimentaria, energ\u00e9tica y vivienda que se est\u00e1 incrementando en Donostia con pol\u00edticas p\u00fablicas audaces: comedor social para todas las persona con necesidad, promoci\u00f3n de albergues mejorando las condiciones laborales del sector, movilizaci\u00f3n de vivienda vac\u00eda, limitaci\u00f3n del precio de la vivienda, ampliaci\u00f3n del parque p\u00fablico y fomento del alquiler social.<\/li><\/ol>\n\n\n\n<p>Hoy las trabajadoras del sector de intervenci\u00f3n social mostramos nuestra adhesi\u00f3n a estas inciativas ciudadanas. Se est\u00e1n afrontando las situaciones m\u00e1s complicadas gracias a la organizaci\u00f3n y la solidaridad comunitaria, mientras que lo que se est\u00e1 poniendo de manifiesto es la falta de responsabilidad y compromiso social de los diferentes gobiernos. Por nuestra parte, seguiremos trabajando para promover una ciudad habitable y unas condiciones de vida dignas para todos y todas. En ese sentido, llamamos a participar en la movilizaci\u00f3n KALERA LOTARA convocada para este domingo por la din\u00e1mica ciudadana.<\/p>\n","protected":false},"excerpt":{"rendered":"<p>\u00abHay m\u00e1s de 200 personas en situaci\u00f3n de calle en Donostia: no basta con dar respuesta al problema a medias\u00bb, han se\u00f1alado en la declaraci\u00f3n que han elaborado.<\/p>\n","protected":false},"author":1189,"featured_media":45745,"comment_status":"closed","ping_status":"closed","sticky":false,"template":"","format":"standard","meta":{"_monsterinsights_skip_tracking":false,"_monsterinsights_sitenote_active":false,"_monsterinsights_sitenote_note":"","_monsterinsights_sitenote_category":0,"footnotes":"","_links_to":"","_links_to_target":""},"categories":[2994,3119,6],"tags":[3182,3178,3217,3171],"class_list":{"0":"post-45747","1":"post","2":"type-post","3":"status-publish","4":"format-standard","5":"has-post-thumbnail","7":"category-accion-social","8":"category-intervencion-y-accion-social","9":"category-es-servicios-publicos","10":"tag-accion-social-es","11":"tag-destacado-1","12":"tag-servicios-sociocomunitarios","13":"tag-servicios-publicos-es"},"_links":{"self":[{"href":"https:\/\/www.lab.eus\/es\/wp-json\/wp\/v2\/posts\/45747","targetHints":{"allow":["GET"]}}],"collection":[{"href":"https:\/\/www.lab.eus\/es\/wp-json\/wp\/v2\/posts"}],"about":[{"href":"https:\/\/www.lab.eus\/es\/wp-json\/wp\/v2\/types\/post"}],"author":[{"embeddable":true,"href":"https:\/\/www.lab.eus\/es\/wp-json\/wp\/v2\/users\/1189"}],"replies":[{"embeddable":true,"href":"https:\/\/www.lab.eus\/es\/wp-json\/wp\/v2\/comments?post=45747"}],"version-history":[{"count":0,"href":"https:\/\/www.lab.eus\/es\/wp-json\/wp\/v2\/posts\/45747\/revisions"}],"wp:featuredmedia":[{"embeddable":true,"href":"https:\/\/www.lab.eus\/es\/wp-json\/wp\/v2\/media\/45745"}],"wp:attachment":[{"href":"https:\/\/www.lab.eus\/es\/wp-json\/wp\/v2\/media?parent=45747"}],"wp:term":[{"taxonomy":"category","embeddable":true,"href":"https:\/\/www.lab.eus\/es\/wp-json\/wp\/v2\/categories?post=45747"},{"taxonomy":"post_tag","embeddable":true,"href":"https:\/\/www.lab.eus\/es\/wp-json\/wp\/v2\/tags?post=45747"}],"curies":[{"name":"wp","href":"https:\/\/api.w.org\/{rel}","templated":true}]}}