{"id":45706,"date":"2022-03-31T15:59:53","date_gmt":"2022-03-31T15:59:53","guid":{"rendered":"https:\/\/www.lab.eus\/?p=45706"},"modified":"2022-03-31T15:59:55","modified_gmt":"2022-03-31T15:59:55","slug":"sentencias-como-la-del-juicio-13-13-son-un-obstaculo-para-construir-la-convivencia-democratica","status":"publish","type":"post","link":"https:\/\/www.lab.eus\/es\/sentencias-como-la-del-juicio-13-13-son-un-obstaculo-para-construir-la-convivencia-democratica\/","title":{"rendered":"Sentencias como la del juicio 13\/13 son un obst\u00e1culo para construir la convivencia democr\u00e1tica"},"content":{"rendered":"\n<p>Hay sentencias que est\u00e1n escritas antes de que se inicie el juicio. La del sumario 13\/13 es una de ellas. Hemos tenido conocimiento que la Audiencia Nacional espa\u00f1ola ha condenado a penas de prisi\u00f3n a cuatro de las siete personas encausadas. Este juicio que ten\u00eda que haber estado archivado hace tiempo se llev\u00f3 a cabo y ha tra\u00eddo consigo una condena, un total de 18 a\u00f1os de prisi\u00f3n para cuatro ciudadanos y ciudadanas de Euskal Herria.<\/p>\n\n\n\n<p>Queremos hacer llegar nuestra solidaridad y apoyo a todas las personas imputadas, y especialmente nuestro apoyo, en estos dif\u00edciles momentos, a Arantza Zulueta, Iker Enparantza, Naia Zuriarrain e Iker Sarriegi.<\/p>\n\n\n\n<p>Ha sido un proceso lleno de vulneraciones: hemos escuchado a las personas imputadas testimonios de malos tratos y agresiones sexuales, denuncias de torturas durante el per\u00edodo de incomunicaci\u00f3n, han vivido indefensi\u00f3n y vulneraciones de derechos y tambi\u00e9n se les ha vulnerado el principio <em>bis in idem<\/em> (seg\u00fan \u00e9ste la misma persona no puede ser juzgada en m\u00e1s de una ocasi\u00f3n por los mismos hechos).&nbsp;<\/p>\n\n\n\n<p>Las y los 7 ciudadanos de Euskal Herria fueron juzgados por proporcionar asistencia jur\u00eddica y social a las y los presos vascos. En el Estado espa\u00f1ol, a\u00fan se utilizan una pol\u00edtica penitenciaria de excepci\u00f3n y procedimientos judiciales y policiales de excepci\u00f3n. Es imprescindible garantizar los derechos de todas y todos los ciudadanos de Euskal Herria para construir la convivencia democr\u00e1tica, y resoluciones como la de hoy son un verdadero obst\u00e1culo ante ese intento.<\/p>\n\n\n\n<p>Tal y como han se\u00f1alado las y los imputados del sumario 13\/13, para cerrar bien las heridas se debe hacer frente a las consecuencias del conflicto, a la libertad, a la democracia. Desde el sindicato LAB mostramos todo nuestro compromiso para seguir moviliz\u00e1ndonos y aportando a favor de ese camino.<\/p>\n","protected":false},"excerpt":{"rendered":"<p>Sentencias como la del juicio 13\/13 son un obst\u00e1culo para construir la convivencia democr\u00e1tica.<\/p>\n","protected":false},"author":1191,"featured_media":45704,"comment_status":"closed","ping_status":"closed","sticky":false,"template":"","format":"standard","meta":{"_monsterinsights_skip_tracking":false,"_monsterinsights_sitenote_active":false,"_monsterinsights_sitenote_note":"","_monsterinsights_sitenote_category":0,"footnotes":"","_links_to":"","_links_to_target":""},"categories":[3402,3301,2870],"tags":[3178,3231,3225],"class_list":{"0":"post-45706","1":"post","2":"type-post","3":"status-publish","4":"format-standard","5":"has-post-thumbnail","7":"category-accion-politica","8":"category-euskal-herria-es-2","9":"category-euskal-presoak-euskal-herria-3","10":"tag-destacado-1","11":"tag-euskal-herria-es","12":"tag-euskal-presoak-es"},"_links":{"self":[{"href":"https:\/\/www.lab.eus\/es\/wp-json\/wp\/v2\/posts\/45706","targetHints":{"allow":["GET"]}}],"collection":[{"href":"https:\/\/www.lab.eus\/es\/wp-json\/wp\/v2\/posts"}],"about":[{"href":"https:\/\/www.lab.eus\/es\/wp-json\/wp\/v2\/types\/post"}],"author":[{"embeddable":true,"href":"https:\/\/www.lab.eus\/es\/wp-json\/wp\/v2\/users\/1191"}],"replies":[{"embeddable":true,"href":"https:\/\/www.lab.eus\/es\/wp-json\/wp\/v2\/comments?post=45706"}],"version-history":[{"count":0,"href":"https:\/\/www.lab.eus\/es\/wp-json\/wp\/v2\/posts\/45706\/revisions"}],"wp:featuredmedia":[{"embeddable":true,"href":"https:\/\/www.lab.eus\/es\/wp-json\/wp\/v2\/media\/45704"}],"wp:attachment":[{"href":"https:\/\/www.lab.eus\/es\/wp-json\/wp\/v2\/media?parent=45706"}],"wp:term":[{"taxonomy":"category","embeddable":true,"href":"https:\/\/www.lab.eus\/es\/wp-json\/wp\/v2\/categories?post=45706"},{"taxonomy":"post_tag","embeddable":true,"href":"https:\/\/www.lab.eus\/es\/wp-json\/wp\/v2\/tags?post=45706"}],"curies":[{"name":"wp","href":"https:\/\/api.w.org\/{rel}","templated":true}]}}