{"id":45674,"date":"2022-03-31T13:43:26","date_gmt":"2022-03-31T13:43:26","guid":{"rendered":"https:\/\/www.lab.eus\/?p=45674"},"modified":"2022-03-31T13:43:27","modified_gmt":"2022-03-31T13:43:27","slug":"los-sindicatos-llamamos-a-participar-en-las-movilizaciones-del-2-de-abril-en-defensa-de-la-sanidad-publica","status":"publish","type":"post","link":"https:\/\/www.lab.eus\/es\/los-sindicatos-llamamos-a-participar-en-las-movilizaciones-del-2-de-abril-en-defensa-de-la-sanidad-publica\/","title":{"rendered":"Los sindicatos llamamos a participar en las movilizaciones del 2 de abril en defensa de la sanidad p\u00fablica"},"content":{"rendered":"\n<p>Los sindicatos SATSE, ELA, LAB, CCOO, UGT Y ESK que conformamos la intersindical de Osakidetza, queremos hacer un llamamiento a trabajadores, trabajadoras y poblaci\u00f3n en general a participar en las movilizaciones que este 2 de abril se realizar\u00e1n en diferentes puntos de la geograf\u00eda vasca en defensa de la sanidad p\u00fablica.<\/p>\n\n\n\n<p>-Donostia-San Sebasti\u00e1n, 2 de abril, a las 12:00 horas, desde la plaza Easo <\/p>\n\n\n\n<p>-Bilbao, 2 de abril, a las 17:30, desde el Sagrado Coraz\u00f3n<\/p>\n\n\n\n<p>-Algorta, 2 de abril, 13:00, concentraci\u00f3n en la plaza San Nicol\u00e1s <\/p>\n\n\n\n<p>-Murgia. Concentraci\u00f3n en la plaza del pueblo de Murgia, a las 13.00 <\/p>\n\n\n\n<p>-Amorebieta, 2 de abril, a las 12.30 horas desde el centro de salud<\/p>\n\n\n\n<p>Asimismo, no queremos dejar pasar esta ocasi\u00f3n para manifestar de nuevo nuestro profundo respeto por todas las iniciativas que desde la sociedad est\u00e1n surgiendo para responder a los presupuestos y pol\u00edticas antisociales que lleva a la pr\u00e1ctica el Gobierno Vasco tambi\u00e9n en el \u00e1mbito de la sanidad.<\/p>\n","protected":false},"excerpt":{"rendered":"<p>No queremos dejar pasar esta ocasi\u00f3n para manifestar de nuevo nuestro profundo respeto por todas las iniciativas que desde la sociedad est\u00e1n surgiendo para responder a los presupuestos y pol\u00edticas antisociales que lleva a la pr\u00e1ctica el Gobierno Vasco tambi\u00e9n en el \u00e1mbito de la sanidad.<\/p>\n","protected":false},"author":1189,"featured_media":45672,"comment_status":"closed","ping_status":"closed","sticky":false,"template":"","format":"standard","meta":{"_monsterinsights_skip_tracking":false,"_monsterinsights_sitenote_active":false,"_monsterinsights_sitenote_note":"","_monsterinsights_sitenote_category":0,"footnotes":"","_links_to":"","_links_to_target":""},"categories":[18,3097,6,3283],"tags":[3178,3195,3100,3171],"class_list":{"0":"post-45674","1":"post","2":"type-post","3":"status-publish","4":"format-standard","5":"has-post-thumbnail","7":"category-es-accion-sindical","8":"category-sanidad","9":"category-es-servicios-publicos","10":"category-sin-categorizar","11":"tag-destacado-1","12":"tag-osakidetza-es","13":"tag-sanidad-es","14":"tag-servicios-publicos-es"},"_links":{"self":[{"href":"https:\/\/www.lab.eus\/es\/wp-json\/wp\/v2\/posts\/45674","targetHints":{"allow":["GET"]}}],"collection":[{"href":"https:\/\/www.lab.eus\/es\/wp-json\/wp\/v2\/posts"}],"about":[{"href":"https:\/\/www.lab.eus\/es\/wp-json\/wp\/v2\/types\/post"}],"author":[{"embeddable":true,"href":"https:\/\/www.lab.eus\/es\/wp-json\/wp\/v2\/users\/1189"}],"replies":[{"embeddable":true,"href":"https:\/\/www.lab.eus\/es\/wp-json\/wp\/v2\/comments?post=45674"}],"version-history":[{"count":0,"href":"https:\/\/www.lab.eus\/es\/wp-json\/wp\/v2\/posts\/45674\/revisions"}],"wp:featuredmedia":[{"embeddable":true,"href":"https:\/\/www.lab.eus\/es\/wp-json\/wp\/v2\/media\/45672"}],"wp:attachment":[{"href":"https:\/\/www.lab.eus\/es\/wp-json\/wp\/v2\/media?parent=45674"}],"wp:term":[{"taxonomy":"category","embeddable":true,"href":"https:\/\/www.lab.eus\/es\/wp-json\/wp\/v2\/categories?post=45674"},{"taxonomy":"post_tag","embeddable":true,"href":"https:\/\/www.lab.eus\/es\/wp-json\/wp\/v2\/tags?post=45674"}],"curies":[{"name":"wp","href":"https:\/\/api.w.org\/{rel}","templated":true}]}}