{"id":45621,"date":"2022-03-31T09:18:46","date_gmt":"2022-03-31T09:18:46","guid":{"rendered":"https:\/\/www.lab.eus\/?p=45621"},"modified":"2022-03-31T09:18:48","modified_gmt":"2022-03-31T09:18:48","slug":"reivindicamos-la-unidad-sindical-para-hacer-frente-a-los-retos-de-los-trabajadores-y-las-trabajadoras-de-educacion","status":"publish","type":"post","link":"https:\/\/www.lab.eus\/es\/reivindicamos-la-unidad-sindical-para-hacer-frente-a-los-retos-de-los-trabajadores-y-las-trabajadoras-de-educacion\/","title":{"rendered":"Reivindicamos la unidad sindical para hacer frente a los retos de los trabajadores y las trabajadoras de educaci\u00f3n"},"content":{"rendered":"\n<p>Durante la jornada de ayer nos hemos enterado por los medios de comunicaci\u00f3n de la convocatoria de paro del Sindicato STEILAS en la red p\u00fablica de Educaci\u00f3n y en el Consorcio Haurreskolak para el 7 de abril. Esta convocatoria se realiza al margen de la din\u00e1mica intersindical generada con motivo del Acuerdo Educativo, de forma unilateral y sin ning\u00fan tipo de comunicaci\u00f3n previa a los sindicatos.<\/p>\n\n\n\n<p>En la \u00faltima reuni\u00f3n de la Intersindical todos los sindicatos <a href=\"https:\/\/www.lab.eus\/es\/ante-el-nuevo-contexto-que-marca-el-acuerdo-educativo-de-la-cav-hemos-desconvocado-la-huelga-para-el-25-de-marzo-para-analizar-en-profundidad-los-contenidos-y-compartirlos-con-el-personal-de-educacio\/\">acordamos por unanimidad desconvocar la huelga y las movilizaciones que ten\u00edamos convocadas<\/a>. LAB desconvoc\u00f3 la huelga y propuso reformular las movilizaciones, mientras que STEILAS prioriz\u00f3 desconvocar toda la din\u00e1mica. Por todo ello, queremos manifestar nuestra sorpresa ante esta convocatoria de paro. Creemos que los trabajadores y las trabajadoras que trabajamos en la educaci\u00f3n tenemos grandes retos ante la negociaci\u00f3n de esta ley. Entre nosotras existen distintas opiniones y posiciones, pero hasta la hoy hemos defendido juntos los intereses de las trabajadoras y hemos convocado movilizaciones conjuntas. No entendemos qu\u00e9 aportar\u00eda una convocatoria unilateral.<\/p>\n\n\n\n<p>Por \u00faltimo, reiterar nuestra disposici\u00f3n a luchar contra los retos de la futura ley educativa. Para ello tenemos claro que vamos a tener que hacer huelgas y movilizaciones, teniendo siempre en cuenta el consenso de los sindicatos y, lo m\u00e1s importante, de los y las trabajadoras.<\/p>\n","protected":false},"excerpt":{"rendered":"<p>No compartimos la convocatoria de STEILAS realizada al margen de la din\u00e1mica intersindical porque puede dividir al personal educativo y crear una brecha entre los sindicatos.<\/p>\n","protected":false},"author":1189,"featured_media":45619,"comment_status":"closed","ping_status":"closed","sticky":false,"template":"","format":"standard","meta":{"_monsterinsights_skip_tracking":false,"_monsterinsights_sitenote_active":false,"_monsterinsights_sitenote_note":"","_monsterinsights_sitenote_category":0,"footnotes":"","_links_to":"","_links_to_target":""},"categories":[3402,2990,33,6],"tags":[3178,3266,3194,3171],"class_list":{"0":"post-45621","1":"post","2":"type-post","3":"status-publish","4":"format-standard","5":"has-post-thumbnail","7":"category-accion-politica","8":"category-educacion","9":"category-es-ensenanza","10":"category-es-servicios-publicos","11":"tag-destacado-1","12":"tag-educacion-es","13":"tag-ensenanza-es","14":"tag-servicios-publicos-es"},"_links":{"self":[{"href":"https:\/\/www.lab.eus\/es\/wp-json\/wp\/v2\/posts\/45621","targetHints":{"allow":["GET"]}}],"collection":[{"href":"https:\/\/www.lab.eus\/es\/wp-json\/wp\/v2\/posts"}],"about":[{"href":"https:\/\/www.lab.eus\/es\/wp-json\/wp\/v2\/types\/post"}],"author":[{"embeddable":true,"href":"https:\/\/www.lab.eus\/es\/wp-json\/wp\/v2\/users\/1189"}],"replies":[{"embeddable":true,"href":"https:\/\/www.lab.eus\/es\/wp-json\/wp\/v2\/comments?post=45621"}],"version-history":[{"count":0,"href":"https:\/\/www.lab.eus\/es\/wp-json\/wp\/v2\/posts\/45621\/revisions"}],"wp:featuredmedia":[{"embeddable":true,"href":"https:\/\/www.lab.eus\/es\/wp-json\/wp\/v2\/media\/45619"}],"wp:attachment":[{"href":"https:\/\/www.lab.eus\/es\/wp-json\/wp\/v2\/media?parent=45621"}],"wp:term":[{"taxonomy":"category","embeddable":true,"href":"https:\/\/www.lab.eus\/es\/wp-json\/wp\/v2\/categories?post=45621"},{"taxonomy":"post_tag","embeddable":true,"href":"https:\/\/www.lab.eus\/es\/wp-json\/wp\/v2\/tags?post=45621"}],"curies":[{"name":"wp","href":"https:\/\/api.w.org\/{rel}","templated":true}]}}