{"id":45592,"date":"2022-03-30T08:43:16","date_gmt":"2022-03-30T08:43:16","guid":{"rendered":"https:\/\/www.lab.eus\/?p=45592"},"modified":"2022-03-30T08:43:18","modified_gmt":"2022-03-30T08:43:18","slug":"las-trabajadoras-de-limpieza-subcontratadas-de-la-diputacion-de-gipuzkoa-continuan-movilizandose-2","status":"publish","type":"post","link":"https:\/\/www.lab.eus\/es\/las-trabajadoras-de-limpieza-subcontratadas-de-la-diputacion-de-gipuzkoa-continuan-movilizandose-2\/","title":{"rendered":"Las trabajadoras de limpieza subcontratadas de la Diputaci\u00f3n de Gipuzkoa contin\u00faan moviliz\u00e1ndose"},"content":{"rendered":"\n<p>Las trabajadoras de la empresa EULEN, que del 22 de febrero al 25 estuvieron de huelga, siguen moviliz\u00e1ndose.<\/p>\n\n\n\n<p>El colectivo de limpiadoras compuesto por el 90% de mujeres, son las trabajadoras que limpian los edificios de la Diputaci\u00f3n Foral de Gipuzkoa. Llevan negociando el convenio desde mayo de 2021 y la empresa no quiere dar ning\u00fan tipo de avance en materia econ\u00f3mica. La empresa EULEN insiste en que no realizar\u00e1 ning\u00fan planteamiento econ\u00f3mico vinculado al IPC, abocando directamente al empobrecimiento de la clase trabajadora. Ante ello, las trabajadoras se plantaron en cuatro d\u00edas de huelga y ahora han decidido seguir con las movilizaciones.<\/p>\n\n\n\n<p>Desde los sindicatos LAB, ELA y ESK, exigimos responsabilidades a la empresa EULEN, empresa con beneficios anuales millonarios que ni siquiera quiere garantizar el IPC a las trabajadoras. Exigimos que la empresa haga planteamiento econ\u00f3micos vinculados al IPC. Pero tambi\u00e9n exigimos responsabilidades a la administraci\u00f3n p\u00fablica, a la Diputaci\u00f3n Foral de Gipuzkoa en este caso. Nosotras somos trabajadoras subcontratadas por una decisi\u00f3n pol\u00edtica y econ\u00f3mica de la administraci\u00f3n y son ellos los \u00faltimos responsables de nuestro servicio. Por ello, les exigimos implicaci\u00f3n para solucionar el conflicto, porque reside en ellos la voluntad de utilizar el dinero p\u00fablico en beneficio de las empresas privadas o las trabajadoras de la limpieza. Y decimos claro ante la administraci\u00f3n: si somos esenciales para solicitar los servicios m\u00ednimos en tiempos de huelga, somos esenciales para tener una condiciones laborales y de vida dignas.<\/p>\n\n\n\n<p>Por todo ello, en esta nueva tanda de movilizaciones, hoy, nos hemos concentrado ante el Palacio Foral, sito en la Plaza de Gipuzkoa de Donostia.<\/p>\n","protected":false},"excerpt":{"rendered":"<p>Tras la huelga realizada del 22 al 25 de febrero, se han movilizado ante el Palacio Foral.<\/p>\n","protected":false},"author":1189,"featured_media":45590,"comment_status":"closed","ping_status":"closed","sticky":false,"template":"","format":"standard","meta":{"_monsterinsights_skip_tracking":false,"_monsterinsights_sitenote_active":false,"_monsterinsights_sitenote_note":"","_monsterinsights_sitenote_category":0,"footnotes":"","_links_to":"","_links_to_target":""},"categories":[18,2944,8],"tags":[3033,3178],"class_list":{"0":"post-45592","1":"post","2":"type-post","3":"status-publish","4":"format-standard","5":"has-post-thumbnail","7":"category-es-accion-sindical","8":"category-limpieza","9":"category-es-servicios-privados","10":"tag-accion-sindical-es","11":"tag-destacado-1"},"_links":{"self":[{"href":"https:\/\/www.lab.eus\/es\/wp-json\/wp\/v2\/posts\/45592","targetHints":{"allow":["GET"]}}],"collection":[{"href":"https:\/\/www.lab.eus\/es\/wp-json\/wp\/v2\/posts"}],"about":[{"href":"https:\/\/www.lab.eus\/es\/wp-json\/wp\/v2\/types\/post"}],"author":[{"embeddable":true,"href":"https:\/\/www.lab.eus\/es\/wp-json\/wp\/v2\/users\/1189"}],"replies":[{"embeddable":true,"href":"https:\/\/www.lab.eus\/es\/wp-json\/wp\/v2\/comments?post=45592"}],"version-history":[{"count":0,"href":"https:\/\/www.lab.eus\/es\/wp-json\/wp\/v2\/posts\/45592\/revisions"}],"wp:featuredmedia":[{"embeddable":true,"href":"https:\/\/www.lab.eus\/es\/wp-json\/wp\/v2\/media\/45590"}],"wp:attachment":[{"href":"https:\/\/www.lab.eus\/es\/wp-json\/wp\/v2\/media?parent=45592"}],"wp:term":[{"taxonomy":"category","embeddable":true,"href":"https:\/\/www.lab.eus\/es\/wp-json\/wp\/v2\/categories?post=45592"},{"taxonomy":"post_tag","embeddable":true,"href":"https:\/\/www.lab.eus\/es\/wp-json\/wp\/v2\/tags?post=45592"}],"curies":[{"name":"wp","href":"https:\/\/api.w.org\/{rel}","templated":true}]}}