{"id":45567,"date":"2022-03-29T13:22:58","date_gmt":"2022-03-29T13:22:58","guid":{"rendered":"https:\/\/www.lab.eus\/?p=45567"},"modified":"2022-03-30T08:59:31","modified_gmt":"2022-03-30T08:59:31","slug":"reclamamos-medidas-valientes-sostenibles-y-estructurales-ante-el-encarecimiento-de-las-materias-primas-basicas-y-de-la-vida","status":"publish","type":"post","link":"https:\/\/www.lab.eus\/es\/reclamamos-medidas-valientes-sostenibles-y-estructurales-ante-el-encarecimiento-de-las-materias-primas-basicas-y-de-la-vida\/","title":{"rendered":"Reclamamos medidas valientes, sostenibles y estructurales ante el encarecimiento de las materias primas b\u00e1sicas y de la vida"},"content":{"rendered":"\n<p>El Gobierno de S\u00e1nchez ha anunciado, una vez m\u00e1s, medidas coyunturales para hacer frente a la situaci\u00f3n econ\u00f3mica y social que se est\u00e1 agravando. Al igual que con la pandemia del COVID-19, se han anunciado decisiones de alcance limitado m\u00e1s que adoptar medidas estructurales para dar respuesta a las necesidades de las y los trabajadores y sectores populares. Analizaremos en profundidad estas medidas, pero queremos realizar una primera valoraci\u00f3n.<\/p>\n\n\n\n<p>Se ha ampliado hasta julio la reducci\u00f3n de los impuestos para limitar el precio de la luz, quieren extender el escaso bono energ\u00e9tico a m\u00e1s familias y, bajo la reci\u00e9n reconocida excepci\u00f3n de la pen\u00ednsula ib\u00e9rica, existe una posibilidad de establecer l\u00edmites temporales en el precio del gas. Esta \u00faltima noticia se nos ha anunciado como una victoria, pero ser\u00e1 un logro escaso si se utiliza el para mantener el precio en valores parejos al \u00faltimo a\u00f1o. Recordamos que antes de la descarnada subida de hace un a\u00f1o, el precio de producci\u00f3n del gas rondaba los 40 euros.<\/p>\n\n\n\n<p>En cuanto a los carburantes, Madrid anuncia un descuento de 20 c\u00e9ntimos por litro, con tres cuartas partes asumidos por la administraci\u00f3n p\u00fablica y s\u00f3lo 5 c\u00e9ntimos con el esfuerzo del sector petrolero. Desgraciadamente, sabemos cu\u00e1les son las consecuencias de dicho esfuerzo. Mientras algunos seguir\u00e1n haciendo negocio con los derechos de los y las trabajadoras y estas medidas apenas condicionar\u00e1n sus ganancias, esta medida traer\u00e1 m\u00e1s recortes en los servicios p\u00fablicos que actualmente est\u00e1n siendo paupeurizados.<\/p>\n\n\n\n<p>Tambien se han anunciado otras medias como la subida del 15% del IMV que apenas notaremos aqu\u00ed y el incremento m\u00e1ximo del 2% de los alquileres en los pr\u00f3ximos tres meses o la flexibilidad de los ERTEs para evitar despidos. Todas estas medias suman un total de 16.000 millones de euros, de los que 6.000 corresponden a ayudas y bajadas de impuestos a sectores y familias en situaci\u00f3n de vulnerabilidad.<\/p>\n\n\n\n<p>En la misma direcci\u00f3n, tambi\u00e9n hemos conocido que las Haciendas de \u00c1lava, Bizkaia y Gipuzkoa, con el fin de ayudar a algunos sectores afectados por la situaci\u00f3n, han planteado una serie de medidas fiscales.<\/p>\n\n\n\n<p>La situaci\u00f3n es grave y una vez m\u00e1s somos la clase trabajadora quien est\u00e1 sufriendo las consecuencias de manera m\u00e1s directa. La situaci\u00f3n exige medidas m\u00e1s audaces. Los representantes del capitalismo salvaje no pierden ocasi\u00f3n y aunque han reiterado su demanda de bajar los impuestos, ya es hora de que se haga una redistribuci\u00f3n de la riqueza y se adopten medidas urgentes.<\/p>\n\n\n\n<p>Exigimos que se limite al oligopolio energ\u00e9tico su poder y capacidad de chantaje. La energ\u00eda es un bien p\u00fablico, universal, imprescindible para todos y todas. La pobreza energ\u00e9tica es una estrategia de vulnerabilidad de las y los trabajadores. Por eso reivindicamos el control p\u00fablico y social sobre la energ\u00eda, porque su consumo y disponibilidad no puede establecerse en funci\u00f3n de la renta de la personas, sino en funci\u00f3n de las necesidades sociales. Por otra parte, es hora de revisar la pol\u00edtica fiscal, entre otras cosas, metiendo mano en los beneficios tanto del oligopolio energ\u00e9tico como de otras empresas, aumentando los impuestos a las rentas de capital.<\/p>\n\n\n\n<p>Vivimos en un sistema pol\u00edtico econ\u00f3mico que nos ha metido en una crisis permanente y las pol\u00edticas del gobierno de Madrid no nos aseguran a las y los trabajadores vascos nuestras condiciones de vida. Los ejecutivos de Gasteiz e Iru\u00f1ea siguen el mismo camino, ocultando tras el discurso de las competencias limitadas su falta de voluntad, propuesta e iniciativa. Necesitamos, pues, soberan\u00edas. Capacidad para hacer pol\u00edticas que dignifiquen nuestras condiciones de vida y prioricen los intereses de los trabajadores y trabajadoras y de los sectores populares.<\/p>\n\n\n\n<p>Por \u00faltimo, hace dos semanas que las y los transportistas aut\u00f3nomos de Euskal Herria iniciaron una huelga bajo el apoyo del sindicato de HIRU, ya que tambi\u00e9n est\u00e1n sufriendo las consecuencias de esta situaci\u00f3n injusta. A trav\u00e9s de esta nota, les trasladamos toda nuestra solidaridad.<\/p>\n","protected":false},"excerpt":{"rendered":"<p>El Gobierno de S\u00e1nchez ha anunciado, una vez m\u00e1s, medidas coyunturales para hacer frente a la situaci\u00f3n econ\u00f3mica y social que se est\u00e1 agravando. Al igual que con la pandemia del COVID-19, se han anunciado decisiones de alcance limitado m\u00e1s que adoptar medidas estructurales para dar respuesta a las necesidades de las y los trabajadores y sectores populares. <\/p>\n","protected":false},"author":1189,"featured_media":45565,"comment_status":"closed","ping_status":"closed","sticky":false,"template":"","format":"standard","meta":{"_monsterinsights_skip_tracking":false,"_monsterinsights_sitenote_active":false,"_monsterinsights_sitenote_note":"","_monsterinsights_sitenote_category":0,"footnotes":"","_links_to":"","_links_to_target":""},"categories":[3402,2994],"tags":[3182,3178],"class_list":{"0":"post-45567","1":"post","2":"type-post","3":"status-publish","4":"format-standard","5":"has-post-thumbnail","7":"category-accion-politica","8":"category-accion-social","9":"tag-accion-social-es","10":"tag-destacado-1"},"_links":{"self":[{"href":"https:\/\/www.lab.eus\/es\/wp-json\/wp\/v2\/posts\/45567","targetHints":{"allow":["GET"]}}],"collection":[{"href":"https:\/\/www.lab.eus\/es\/wp-json\/wp\/v2\/posts"}],"about":[{"href":"https:\/\/www.lab.eus\/es\/wp-json\/wp\/v2\/types\/post"}],"author":[{"embeddable":true,"href":"https:\/\/www.lab.eus\/es\/wp-json\/wp\/v2\/users\/1189"}],"replies":[{"embeddable":true,"href":"https:\/\/www.lab.eus\/es\/wp-json\/wp\/v2\/comments?post=45567"}],"version-history":[{"count":0,"href":"https:\/\/www.lab.eus\/es\/wp-json\/wp\/v2\/posts\/45567\/revisions"}],"wp:featuredmedia":[{"embeddable":true,"href":"https:\/\/www.lab.eus\/es\/wp-json\/wp\/v2\/media\/45565"}],"wp:attachment":[{"href":"https:\/\/www.lab.eus\/es\/wp-json\/wp\/v2\/media?parent=45567"}],"wp:term":[{"taxonomy":"category","embeddable":true,"href":"https:\/\/www.lab.eus\/es\/wp-json\/wp\/v2\/categories?post=45567"},{"taxonomy":"post_tag","embeddable":true,"href":"https:\/\/www.lab.eus\/es\/wp-json\/wp\/v2\/tags?post=45567"}],"curies":[{"name":"wp","href":"https:\/\/api.w.org\/{rel}","templated":true}]}}