{"id":45555,"date":"2022-03-29T11:33:41","date_gmt":"2022-03-29T11:33:41","guid":{"rendered":"https:\/\/www.lab.eus\/?p=45555"},"modified":"2022-03-29T11:40:16","modified_gmt":"2022-03-29T11:40:16","slug":"nadie-supervisa-la-correcta-ejecucion-de-los-trabajos-en-las-obras-desde-el-punto-de-vista-de-la-seguridad","status":"publish","type":"post","link":"https:\/\/www.lab.eus\/es\/nadie-supervisa-la-correcta-ejecucion-de-los-trabajos-en-las-obras-desde-el-punto-de-vista-de-la-seguridad\/","title":{"rendered":"Nadie supervisa la correcta ejecuci\u00f3n de los trabajos en las obras desde el punto de vista de la seguridad"},"content":{"rendered":"\n<p>Tenemos que lamentar y denunciar otro accidente laboral mortal. Ayer, M.J.G.B., trabajador de la construcci\u00f3n de la empresa Proyectos y Reformas Leire, de 60 a\u00f1os, cay\u00f3 al vac\u00edo desde una altura de 5 metros en Eibar. Con este \u00faltimo, <a href=\"https:\/\/www.lab.eus\/2022an-lan-istripuan-hildako-langileak\/\">son al menos 14 las y los trabajadores muertos en Euskal Herria<\/a> desde inicio de a\u00f1o, 5 de ellos tras caer desde altura.<\/p>\n\n\n\n<p>En primer lugar, queremos mostrar nuestra solidaridad y dolor a familiares, amistades y compa\u00f1eros y compa\u00f1eras de trabajo del fallecido.<\/p>\n\n\n\n<p>Seg\u00fan hemos podido conocer, el trabajador se encontraba realizando reparaciones en el tejado de un pabell\u00f3n sin que se hubiera adoptado ninguna medida de seguridad. Al pisar una zona fr\u00e1gil del tejado, \u00e9ste ha cedido y el trabajador se ha precipitado por la ausencia de arn\u00e9s de seguridad.<\/p>\n\n\n\n<p>Las ca\u00eddas en altura se est\u00e1n dando una y otra vez. As\u00ed, la funci\u00f3n del recurso preventivo ha quedado totalmente desvirtuada por la patronal gracias a la dejadez de la Inspecci\u00f3n de Trabajo y Osalan, y la realidad es que nadie supervisa la correcta ejecuci\u00f3n de los trabajos en las obras desde el punto de vista de la seguridad. Esta realidad es la que genera estos escalofriantes resultados, ya que, como dec\u00edamos, en lo que va de a\u00f1o han muerto 5 trabajadores por ca\u00eddas desde altura.<\/p>\n\n\n\n<p>\u00bfQu\u00e9 es lo que lleva a un trabajador o trabajadora a trabajar en alturas sin tomar medidas de seguridad? Sin duda, la precariedad. El miedo a perder el trabajo, los sobrecostes que la seguridad puede generar al patr\u00f3n, el mero hecho de tener que pedir medidas, etc.<\/p>\n\n\n\n<p>Ante esta situaci\u00f3n, \u00bfalguien puede creer que estamos ante la casualidad o la mala suerte? Exigimos a las administraciones explicaciones y medidas inmediatas, mayor control y pol\u00edticas concretas para combatir esta lacra de los accidentes de trabajo y las enfermedades profesionales.<\/p>\n\n\n\n<p>Pedimos medidas a las instituciones, especialmente para que aumenten las inspecciones y el seguimiento en la construcci\u00f3n, haciendo integrar las normas de seguridad. Para que, de esta manera, se adopten las medidas necesarias y se realicen pol\u00edticas preventivas reales. Lamentablemente, en la pr\u00e1ctica, ni la Inspecci\u00f3n de Trabajo ni Osalan aparecen por ning\u00fan lado. Por otra parte, ni el sector ni las y los trabajadores pueden dar por normal esta situaci\u00f3n ni acostumbrarse a ella.<\/p>\n\n\n\n<p>Por \u00faltimo, hacemos un llamamiento a acudir a la concentraci\u00f3n convocada por la mayor\u00eda sindical el jueves, 31 de marzo, a las 12:00, en la rotonda del pol\u00edgono Azitain de Eibar.<\/p>\n","protected":false},"excerpt":{"rendered":"<p>Hacemos un llamamiento a acudir a la concentraci\u00f3n convocada por la mayor\u00eda sindical el jueves, a las 12:00, en la rotonda del pol\u00edgono Azitain de Eibar, para denunciar la \u00faltima muerte en el trabajo.<\/p>\n","protected":false},"author":1189,"featured_media":45551,"comment_status":"closed","ping_status":"closed","sticky":false,"template":"","format":"standard","meta":{"_monsterinsights_skip_tracking":false,"_monsterinsights_sitenote_active":false,"_monsterinsights_sitenote_note":"","_monsterinsights_sitenote_category":0,"footnotes":"","_links_to":"","_links_to_target":""},"categories":[18,96,2868,130,15,3283],"tags":[3033,3200,3178,2996,3263,3083],"class_list":{"0":"post-45555","1":"post","2":"type-post","3":"status-publish","4":"format-standard","5":"has-post-thumbnail","7":"category-es-accion-sindical","8":"category-es-construccion","9":"category-industria-es","10":"category-es-la-precariedad-mata-es-salud-laboral","11":"category-es-salud-laboral","12":"category-sin-categorizar","13":"tag-accion-sindical-es","14":"tag-construccion-es","15":"tag-destacado-1","16":"tag-industria-es","17":"tag-la-precariedad-mata-es-2","18":"tag-salud-laboral-es"},"_links":{"self":[{"href":"https:\/\/www.lab.eus\/es\/wp-json\/wp\/v2\/posts\/45555","targetHints":{"allow":["GET"]}}],"collection":[{"href":"https:\/\/www.lab.eus\/es\/wp-json\/wp\/v2\/posts"}],"about":[{"href":"https:\/\/www.lab.eus\/es\/wp-json\/wp\/v2\/types\/post"}],"author":[{"embeddable":true,"href":"https:\/\/www.lab.eus\/es\/wp-json\/wp\/v2\/users\/1189"}],"replies":[{"embeddable":true,"href":"https:\/\/www.lab.eus\/es\/wp-json\/wp\/v2\/comments?post=45555"}],"version-history":[{"count":0,"href":"https:\/\/www.lab.eus\/es\/wp-json\/wp\/v2\/posts\/45555\/revisions"}],"wp:featuredmedia":[{"embeddable":true,"href":"https:\/\/www.lab.eus\/es\/wp-json\/wp\/v2\/media\/45551"}],"wp:attachment":[{"href":"https:\/\/www.lab.eus\/es\/wp-json\/wp\/v2\/media?parent=45555"}],"wp:term":[{"taxonomy":"category","embeddable":true,"href":"https:\/\/www.lab.eus\/es\/wp-json\/wp\/v2\/categories?post=45555"},{"taxonomy":"post_tag","embeddable":true,"href":"https:\/\/www.lab.eus\/es\/wp-json\/wp\/v2\/tags?post=45555"}],"curies":[{"name":"wp","href":"https:\/\/api.w.org\/{rel}","templated":true}]}}