{"id":45535,"date":"2022-03-29T09:14:48","date_gmt":"2022-03-29T09:14:48","guid":{"rendered":"https:\/\/www.lab.eus\/?p=45535"},"modified":"2022-03-29T09:20:09","modified_gmt":"2022-03-29T09:20:09","slug":"repudiamos-el-racismo-en-tuvisa","status":"publish","type":"post","link":"https:\/\/www.lab.eus\/es\/repudiamos-el-racismo-en-tuvisa\/","title":{"rendered":"Repudiamos el racismo en TUVISA"},"content":{"rendered":"\n<p>Desde el sindicato LAB, manifestamos p\u00fablicamente nuestro repudio a la agresi\u00f3n racista realizada ayer por parte del conductor de la l\u00ednea de autobuses 5-Salburua de la empresa p\u00fablica TUVISA, gestionada por el Ayuntamiento de Gasteiz, a dos mujeres racializadas usuarias de este servicio.<\/p>\n\n\n\n<p>Tal como se observa en el v\u00eddeo difundido en redes sociales, se trata de un hecho doblemente grave: no s\u00f3lo por lo que sucede sino por qui\u00e9n lo protagoniza. Es el ch\u00f3fer del autob\u00fas quien realiza la agresi\u00f3n racista. Ninguna persona con autoridad y\/o responsabilidad de suministrar un servicio p\u00fablico deber\u00eda tener o creerse con la potestad de poder maltratar o discriminar a ninguna usuaria.&nbsp;<\/p>\n\n\n\n<p>Desde LAB, condenamos todo tipo de violencias xenofobas ejercidas en \u00e1mbitos p\u00fablicos y concretamente, en este caso, la sucedida en el transporte de uso p\u00fablico en la ciudad de Gasteiz.&nbsp;<\/p>\n\n\n\n<p>Considerando el uso y acceso al transporte p\u00fablico como un derecho social fundamental, interpelamos a las administraciones p\u00fablicas, diputaciones y ayuntamientos vascos y navarros a que garanticen este derecho en igualdad de condiciones para todas las personas. Y exigimos que, de manera inmediata, se establezcan protocolos de control, seguimiento y penalizaci\u00f3n de todo tipo de situaciones de maltrato y\/o violencias machistas, clasistas y racistas que sucedan en estos \u00e1mbitos en los que ninguna persona deber\u00eda estar expuesta ni ser violentada por su procedencia geogr\u00e1fica, color de piel, religi\u00f3n, vestimenta, lengua y\/o situaci\u00f3n administrativa.<\/p>\n\n\n\n<p>Frente al racismo institucional, sindicalismo antirracista.<\/p>\n","protected":false},"excerpt":{"rendered":"<p>Manifestamos p\u00fablicamente nuestro repudio a la agresi\u00f3n racista realizada por parte del conductor de la l\u00ednea de autobuses 5-Salburua de la empresa p\u00fablica TUVISA a dos mujeres racializadas usuarias de este servicio.<\/p>\n","protected":false},"author":1189,"featured_media":45537,"comment_status":"closed","ping_status":"closed","sticky":false,"template":"","format":"standard","meta":{"_monsterinsights_skip_tracking":false,"_monsterinsights_sitenote_active":false,"_monsterinsights_sitenote_note":"","_monsterinsights_sitenote_category":0,"footnotes":"","_links_to":"","_links_to_target":""},"categories":[3402,2994],"tags":[3182,3178],"class_list":{"0":"post-45535","1":"post","2":"type-post","3":"status-publish","4":"format-standard","5":"has-post-thumbnail","7":"category-accion-politica","8":"category-accion-social","9":"tag-accion-social-es","10":"tag-destacado-1"},"_links":{"self":[{"href":"https:\/\/www.lab.eus\/es\/wp-json\/wp\/v2\/posts\/45535","targetHints":{"allow":["GET"]}}],"collection":[{"href":"https:\/\/www.lab.eus\/es\/wp-json\/wp\/v2\/posts"}],"about":[{"href":"https:\/\/www.lab.eus\/es\/wp-json\/wp\/v2\/types\/post"}],"author":[{"embeddable":true,"href":"https:\/\/www.lab.eus\/es\/wp-json\/wp\/v2\/users\/1189"}],"replies":[{"embeddable":true,"href":"https:\/\/www.lab.eus\/es\/wp-json\/wp\/v2\/comments?post=45535"}],"version-history":[{"count":0,"href":"https:\/\/www.lab.eus\/es\/wp-json\/wp\/v2\/posts\/45535\/revisions"}],"wp:featuredmedia":[{"embeddable":true,"href":"https:\/\/www.lab.eus\/es\/wp-json\/wp\/v2\/media\/45537"}],"wp:attachment":[{"href":"https:\/\/www.lab.eus\/es\/wp-json\/wp\/v2\/media?parent=45535"}],"wp:term":[{"taxonomy":"category","embeddable":true,"href":"https:\/\/www.lab.eus\/es\/wp-json\/wp\/v2\/categories?post=45535"},{"taxonomy":"post_tag","embeddable":true,"href":"https:\/\/www.lab.eus\/es\/wp-json\/wp\/v2\/tags?post=45535"}],"curies":[{"name":"wp","href":"https:\/\/api.w.org\/{rel}","templated":true}]}}