{"id":45492,"date":"2022-03-28T11:16:10","date_gmt":"2022-03-28T11:16:10","guid":{"rendered":"https:\/\/www.lab.eus\/?p=45492"},"modified":"2022-03-28T14:14:59","modified_gmt":"2022-03-28T14:14:59","slug":"la-patronal-del-metal-de-bizkaia-traslada-una-vision-del-sector-falsa-para-evitar-dignificar-las-condiciones-laborales","status":"publish","type":"post","link":"https:\/\/www.lab.eus\/es\/la-patronal-del-metal-de-bizkaia-traslada-una-vision-del-sector-falsa-para-evitar-dignificar-las-condiciones-laborales\/","title":{"rendered":"La patronal del metal de Bizkaia traslada una visi\u00f3n del sector falsa para evitar dignificar las condiciones laborales"},"content":{"rendered":"\n<p>Hoy se ha producido la quinta reuni\u00f3n de la mesa negociadora del metal de Bizkaia. FVEM se ha mantenido en su propuesta presentada en la \u00faltima reuni\u00f3n, que recoge retrocesos respecto al convenio actual y que pretende que los y las trabajadoras del sector pierdan poder adquisitivo.<\/p>\n\n\n\n<p>Una vez m\u00e1s, FVEM ha utilizado la estrategia del miedo para mantenerse en sus posiciones. Ha hablado de la situaci\u00f3n de incertidumbre, del encarecimiento de las materias primas y de la energ\u00eda. LAB ha puesto una serie de datos encima de la mesa que demuestran que la visi\u00f3n del sector que nos quieren trasladar no se ajusta a la realidad.<\/p>\n\n\n\n<p>Seg\u00fan el \u00faltimo informe de FVEM de coyuntura econ\u00f3mica para el a\u00f1o 2022, un 77,9% de las empresas del sector espera tener beneficios o aumentarlos, un 17,5% mantenerse y \u00fanicamente un 4,7% espera p\u00e9rdidas. En ese mismo informe se menciona que \u00abteniendo en cuenta los datos anuales por tama\u00f1os de empresa, todos piensan mejorar su nivel de beneficio en el periodo 2020-2022\u00bb.<\/p>\n\n\n\n<figure class=\"wp-block-embed is-type-video is-provider-youtube wp-block-embed-youtube wp-embed-aspect-16-9 wp-has-aspect-ratio\"><div class=\"wp-block-embed__wrapper\">\n<div class=\"youtube-embed\" data-video_id=\"Rtxv29OdjA4\"><iframe loading=\"lazy\" title=\"Bizkaiko Metalgintzako Hitzarmenaren negoziazio-mahaiaren 5. bilera\" width=\"696\" height=\"392\" src=\"https:\/\/www.youtube.com\/embed\/Rtxv29OdjA4?feature=oembed&#038;enablejsapi=1\" frameborder=\"0\" allow=\"accelerometer; autoplay; clipboard-write; encrypted-media; gyroscope; picture-in-picture\" allowfullscreen><\/iframe><\/div>\n<\/div><\/figure>\n\n\n\n<p>Mientras \u00e9stas son las previsiones de FVEM, en la mesa nos habla del elevado coste de las materias primas y de la energ\u00eda y bajo esa justificaci\u00f3n, pretende que las personas trabajadoras del sector renuncien a derechos y que pierdan poder adquisitivo. LAB le ha recordado que si alguien est\u00e1 soportando los altos costes de la energ\u00eda y en general del coste de vida son los y las trabajadoras, que s\u00f3lo en el \u00faltimo a\u00f1o han visto aumentado los gastos de vivienda, luz, agua, gas y otros combustibles un 25,42% y en alimentaci\u00f3n un 5,62% (datos INE).<\/p>\n\n\n\n<p>Desde LAB se ha pedido a la patronal que deje las excusas a un lado y que comience a dar respuesta a cuestiones que hemos coincidido en recoger todos los sindicatos en nuestras plataformas, como son subidas salariales por encima del IPC, reducci\u00f3n de jornada, complementos de incapacidad temporal, mejora de las licencias retribuidas, subrogaci\u00f3n para todas las actividades, aplicaci\u00f3n del contrato de relevo, medidas respecto a las horas extras, medidas para limitar la eventualidad y las ETTs, medidas para avanzar en la igualdad, regulaci\u00f3n del teletrabajo&#8230;<\/p>\n\n\n\n<p>El miedo es la \u00fanica herramienta que siempre ha tenido la patronal para que los y las trabajadoras renunciemos a derechos laborales y sociales y, en esta ocasi\u00f3n FVEM tambi\u00e9n sigue utilizando la misma herramienta. Ante la estrategia de la patronal, LAB, al igual que hizo en la negociaci\u00f3n anterior y que fue la clave para recuperar el convenio con unos contenidos dignos, apuesta por la activaci\u00f3n del sector y la creaci\u00f3n de alianzas. En este sentido, LAB va a ponerse en contacto con el resto de sindicatos para compartir impresiones sobre el momento actual y futuro de la negociaci\u00f3n del convenio.<\/p>\n","protected":false},"excerpt":{"rendered":"<p>Ha tenido lugar la quinta reuni\u00f3n de la mesa negociadora del metal de Bizkaia. La propuesta de la FVEM recoge retrocesos respecto al convenio actual y pretende que los y las trabajadoras del sector pierdan poder adquisitivo.<\/p>\n","protected":false},"author":1189,"featured_media":45495,"comment_status":"closed","ping_status":"closed","sticky":false,"template":"","format":"video","meta":{"_monsterinsights_skip_tracking":false,"_monsterinsights_sitenote_active":false,"_monsterinsights_sitenote_note":"","_monsterinsights_sitenote_category":0,"footnotes":"","_links_to":"","_links_to_target":""},"categories":[18,2868,108],"tags":[3033,3178,2996,3064],"class_list":{"0":"post-45492","1":"post","2":"type-post","3":"status-publish","4":"format-video","5":"has-post-thumbnail","7":"category-es-accion-sindical","8":"category-industria-es","9":"category-es-metal","10":"tag-accion-sindical-es","11":"tag-destacado-1","12":"tag-industria-es","13":"tag-metal-es","14":"post_format-post-format-video"},"_links":{"self":[{"href":"https:\/\/www.lab.eus\/es\/wp-json\/wp\/v2\/posts\/45492","targetHints":{"allow":["GET"]}}],"collection":[{"href":"https:\/\/www.lab.eus\/es\/wp-json\/wp\/v2\/posts"}],"about":[{"href":"https:\/\/www.lab.eus\/es\/wp-json\/wp\/v2\/types\/post"}],"author":[{"embeddable":true,"href":"https:\/\/www.lab.eus\/es\/wp-json\/wp\/v2\/users\/1189"}],"replies":[{"embeddable":true,"href":"https:\/\/www.lab.eus\/es\/wp-json\/wp\/v2\/comments?post=45492"}],"version-history":[{"count":0,"href":"https:\/\/www.lab.eus\/es\/wp-json\/wp\/v2\/posts\/45492\/revisions"}],"wp:featuredmedia":[{"embeddable":true,"href":"https:\/\/www.lab.eus\/es\/wp-json\/wp\/v2\/media\/45495"}],"wp:attachment":[{"href":"https:\/\/www.lab.eus\/es\/wp-json\/wp\/v2\/media?parent=45492"}],"wp:term":[{"taxonomy":"category","embeddable":true,"href":"https:\/\/www.lab.eus\/es\/wp-json\/wp\/v2\/categories?post=45492"},{"taxonomy":"post_tag","embeddable":true,"href":"https:\/\/www.lab.eus\/es\/wp-json\/wp\/v2\/tags?post=45492"}],"curies":[{"name":"wp","href":"https:\/\/api.w.org\/{rel}","templated":true}]}}