{"id":45483,"date":"2022-03-28T10:51:00","date_gmt":"2022-03-28T10:51:00","guid":{"rendered":"https:\/\/www.lab.eus\/?p=45483"},"modified":"2022-03-28T10:51:01","modified_gmt":"2022-03-28T10:51:01","slug":"el-8-de-abril-realizaremos-paros-de-dos-horas-en-el-metal-de-araba","status":"publish","type":"post","link":"https:\/\/www.lab.eus\/es\/el-8-de-abril-realizaremos-paros-de-dos-horas-en-el-metal-de-araba\/","title":{"rendered":"El 8 de abril, realizaremos paros de dos horas en el metal de Araba"},"content":{"rendered":"\n<p>El viernes, <a href=\"https:\/\/www.lab.eus\/es\/haremos-paros-y-huelgas-en-el-metal-de-araba\/\">tras la mesa negociadora<\/a>, adelantamos nuestra intenci\u00f3n de impulsar paros y huelgas en el metal de Araba. En este sentido, LAB, CCOO, USO, ESK y CGT hemos anunciado hoy, en la comparecencia llevada a cabo ante la Delegaci\u00f3n de Trabajo en Gasteiz, los primeros paros de la din\u00e1mica movilizadora prevista para las pr\u00f3ximas semanas. Ser\u00e1n el 8 de abril.<\/p>\n\n\n\n<p>Los cinco sindicatos citados hemos decidido dar un paso adelante y convocar paros de dos horas para el 8 de abril. Las horas de los paros ser\u00e1n: de 4:00 a 6:00; de 12:00 a 14:00; y de 14:00 a 16:00.<\/p>\n\n\n\n<p>Este d\u00eda de paros ser\u00e1 el primer paso de unas movilizaciones conjuntas que, si la patronal SEA no lo remedia, ir\u00e1n en aumento y que concretaremos m\u00e1s adelante.<\/p>\n\n\n\n<p>Esta convocatoria se produce en un contexto en el que la SEA no ha mostrado una verdadera voluntad de negociar, estando ya en el quinto a\u00f1o desde que termin\u00f3 el convenio y despu\u00e9s de m\u00e1s de 4 a\u00f1os y 22 reuniones de la mesa negociadora.<\/p>\n\n\n\n<p>Los sindicatos convocantes creemos que es el momento de dar un salto cualitativo y ofrecer una propuesta de lucha m\u00e1s contundente. Los trabajadores y trabajadoras del metal de Araba no pueden esperar m\u00e1s.<\/p>\n\n\n\n<p>Hacemos una invitaci\u00f3n sincera al resto de sindicatos (ELA y UGT) para que se sumen a esta convocatoria.<\/p>\n\n\n\n<p>Tenemos claro que solo con paros y huelgas conseguiremos unas condiciones laborales dignas en el sector:<\/p>\n\n\n\n<p>-Salarios dignos, sin perder poder adquisitivo<\/p>\n\n\n\n<p>-Rebaja de la Jornada laboral<\/p>\n\n\n\n<p>-Subrogacion real en las subcontratas<\/p>\n\n\n\n<p>-Acabar con la precariedad<\/p>\n\n\n\n<p>-Medidas efectivas en Salud Laboral<\/p>\n\n\n\n<p>-Igualdad real y no discriminaci\u00f3n<\/p>\n","protected":false},"excerpt":{"rendered":"<p>La patronal SEA no ha mostrado una verdadera voluntad de negociar, estando ya en el quinto a\u00f1o desde que termin\u00f3 el convenio.<\/p>\n","protected":false},"author":1189,"featured_media":45481,"comment_status":"closed","ping_status":"closed","sticky":false,"template":"","format":"standard","meta":{"_monsterinsights_skip_tracking":false,"_monsterinsights_sitenote_active":false,"_monsterinsights_sitenote_note":"","_monsterinsights_sitenote_category":0,"footnotes":"","_links_to":"","_links_to_target":""},"categories":[18,2868,108],"tags":[3033,3178,2996,3064],"class_list":{"0":"post-45483","1":"post","2":"type-post","3":"status-publish","4":"format-standard","5":"has-post-thumbnail","7":"category-es-accion-sindical","8":"category-industria-es","9":"category-es-metal","10":"tag-accion-sindical-es","11":"tag-destacado-1","12":"tag-industria-es","13":"tag-metal-es"},"_links":{"self":[{"href":"https:\/\/www.lab.eus\/es\/wp-json\/wp\/v2\/posts\/45483","targetHints":{"allow":["GET"]}}],"collection":[{"href":"https:\/\/www.lab.eus\/es\/wp-json\/wp\/v2\/posts"}],"about":[{"href":"https:\/\/www.lab.eus\/es\/wp-json\/wp\/v2\/types\/post"}],"author":[{"embeddable":true,"href":"https:\/\/www.lab.eus\/es\/wp-json\/wp\/v2\/users\/1189"}],"replies":[{"embeddable":true,"href":"https:\/\/www.lab.eus\/es\/wp-json\/wp\/v2\/comments?post=45483"}],"version-history":[{"count":0,"href":"https:\/\/www.lab.eus\/es\/wp-json\/wp\/v2\/posts\/45483\/revisions"}],"wp:featuredmedia":[{"embeddable":true,"href":"https:\/\/www.lab.eus\/es\/wp-json\/wp\/v2\/media\/45481"}],"wp:attachment":[{"href":"https:\/\/www.lab.eus\/es\/wp-json\/wp\/v2\/media?parent=45483"}],"wp:term":[{"taxonomy":"category","embeddable":true,"href":"https:\/\/www.lab.eus\/es\/wp-json\/wp\/v2\/categories?post=45483"},{"taxonomy":"post_tag","embeddable":true,"href":"https:\/\/www.lab.eus\/es\/wp-json\/wp\/v2\/tags?post=45483"}],"curies":[{"name":"wp","href":"https:\/\/api.w.org\/{rel}","templated":true}]}}