{"id":45463,"date":"2022-03-28T09:24:17","date_gmt":"2022-03-28T09:24:17","guid":{"rendered":"https:\/\/www.lab.eus\/?p=45463"},"modified":"2022-03-28T09:24:20","modified_gmt":"2022-03-28T09:24:20","slug":"hemos-convocado-otras-dos-jornadas-de-huelga-en-osakidetza-para-el-8-de-abril-y-el-16-de-mayo","status":"publish","type":"post","link":"https:\/\/www.lab.eus\/es\/hemos-convocado-otras-dos-jornadas-de-huelga-en-osakidetza-para-el-8-de-abril-y-el-16-de-mayo\/","title":{"rendered":"Hemos convocado otras dos jornadas de huelga en Osakidetza para el 8 de abril y el 16 de mayo"},"content":{"rendered":"\n<p>Comunicado de LAB, SATSE, LAB, CCOO y UGT y ESK con motivo de la comparecencia de hoy:<\/p>\n\n\n\n<p>Cuando se cumple un mes de la \u00faltima jornada de huelga convocada en todos los \u00e1mbitos de Osakidetza, el Departamento de Salud no ha dado ni un solo paso para revertir la grave situaci\u00f3n que atraviesa nuestro sistema sanitario p\u00fablico. Todo lo que Osakidetza ha hecho en las \u00faltimas semanas ha sido anunciar la fecha de los ex\u00e1menes de una OPE raqu\u00edtica, de apenas 1.611 plazas, para una plantilla en la que hace apenas un a\u00f1o hab\u00eda m\u00e1s de 24.600 temporales, casi 6 de cada 10.<\/p>\n\n\n\n<p>Resulta m\u00e1s que evidente que nunca que, m\u00e1s all\u00e1 de la pura propaganda, no existe voluntad alguna de avanzar y de mejorar las condiciones laborales de la plantilla. Y sin condiciones laborales dignas, no hay servicio sanitario de calidad.<\/p>\n\n\n\n<p>Por si esto fuera poco, Osakidetza no da la cara y sigue atrincherada detr\u00e1s de una Mesa Sectorial sin contenido alguno que adem\u00e1s, y a pesar de que incluso ha finalizado la emergencia sanitaria, se empe\u00f1a en celebrar de manera telem\u00e1tica, escondi\u00e9ndose tras una pantalla.<\/p>\n\n\n\n<p>Recordemos que las recientes movilizaciones han reflejado un clamor, tanto de la plantilla como de la propia ciudadan\u00eda, que sin duda constituyen el mejor s\u00edntoma de la gravedad de la situaci\u00f3n que atravesamos y de lo urgente que es poner en marcha soluciones inmediatas y de calado.<\/p>\n\n\n\n<p>La Atenci\u00f3n Primaria sigue soportando las consecuencias de un desmantelamiento que dura ya m\u00e1s de una d\u00e9cada y que ha colocado a este nivel asistencial en una situaci\u00f3n de desbordamiento sistem\u00e1tico, situaci\u00f3n que en determinados periodos llega al colapso. Est\u00e1 en juego el futuro de la Primaria, sobre todo si tenemos en cuenta que, en los pr\u00f3ximos a\u00f1os, si no se adoptan medidas urgentes, la situaci\u00f3n va a empeorar debido al alto n\u00famero de jubilaciones que se van a producir.<\/p>\n\n\n\n<p>El resto de niveles asistenciales sufren tambi\u00e9n las consecuencias, en cascada, tanto de la situaci\u00f3n de la Atenci\u00f3n Primaria, como de las pol\u00edticas de austeridad y de devaluaci\u00f3n de las condiciones laborales que han constituido y constituyen el eje central de las pol\u00edticas sanitarias del Gobierno Vasco.<\/p>\n\n\n\n<p>Hoy podemos contextualiza con m\u00e1s claridad si cabe las manifestaciones propagand\u00edsticas de la Consejera Sagardui el d\u00eda anterior a la primera de las jornadas de huelga, que pretend\u00edan, claro est\u00e1, desactivar la movilizaci\u00f3n. Recordemos que utiliz\u00f3 un acuerdo que deb\u00eda haber cumplido el 31 de diciembre pasado para hacer propaganda cuando se\u00f1al\u00f3 que se iban a destinar m\u00e1s de 300 millones de euros a una nueva convocatoria de Desarrollo Profesional, anuncio al que a\u00f1adi\u00f3 que \u201ces el momento de la recuperaci\u00f3n y el di\u00e1logo\u201d. Transcurrido casi un mes desde aquellas palabras, sigue sin cumplirse ni una cosa ni la otra, ya que ni se ha hecho la convocatoria anunciada a bombo y platillo, ni existe di\u00e1logo ni recuperaci\u00f3n alguna.<\/p>\n\n\n\n<p>A la vista est\u00e1 que la movilizaci\u00f3n es la \u00fanica herramienta que logra mover m\u00ednimamente a Osakidetza ya que, en la medida que la intensidad de las mismas decae, la respuesta es el m\u00e1s absoluto inmovilismo.<\/p>\n\n\n\n<p>Hemos denunciado de manera reiterada que la Mesa Sectorial se ha convertido en una v\u00eda muerta, que es utilizada por Osakidetza como acto de propaganda. Es por ello que, el pasado 9 de marzo, convocamos a Osakidetza a una reuni\u00f3n en el CRL, en un intento de celebrar una \u201cmesa cero\u201d en la que al menos se pactase una metodolog\u00eda de negociaci\u00f3n para poder afrontar de manera digna la negociaci\u00f3n de las urgentes medidas que se deben tomar. Osakidetza no asisti\u00f3 a dicha reuni\u00f3n.<\/p>\n\n\n\n<p>El hartazgo de la plantilla queda reflejado con claridad, tanto en el masivo seguimiento de las movilizaciones convocadas, como en los diferentes conflictos abiertos: Atenci\u00f3n Primaria, CVTTH, Hospital Urduliz, Urgencias Pedi\u00e1tricas de Txagorritxu, Urgencias de Cruces, Urgencias del Hospital Santiago, Mantenimiento del Hospital Donostia, Red de Salud Mental de Bizkaia, cocina de la Red de Salud Mental de Araba, Mantenimiento del Hospital de Cruces, Cirug\u00eda Cardiaca de Basurto y as\u00ed un largo etc\u00e9tera. Estamos ante conflictos que llevan meses e incluso a\u00f1os abiertos en los cuales, en muchos casos, se han secundado ya varias jornadas de huelga. Sin embargo, no existe, por parte de Osakidetza, ninguna intenci\u00f3n de solucionarlos.<\/p>\n\n\n\n<p>En este contexto, los sindicatos LAB, SATSE, LAB, CCOO y UGT y ESK hemos decidido convocar dos nuevas jornadas de huelga en Osakidetza:<\/p>\n\n\n\n<p>-El 8 de abril en toda la Atenci\u00f3n Primaria.<\/p>\n\n\n\n<p>-El 16 de mayo, en toda la red de hospitales y en salud mental.<\/p>\n\n\n\n<p>Paralelamente, en el Centro Vasco de Transfusiones y Tejidos Humanos, colectivo que ya ha secundado dos jornadas de huelga, vamos a convocar cuatro jornadas de huelga entre el 19 y el 22 de abril. Tampoco en este caso se ha dado paso alguno para atender las reivindicaciones de la plantilla.<\/p>\n\n\n\n<p>Una vez m\u00e1s, hacemos un llamamiento a la negociaci\u00f3n. Volvemos a emplazar a la otra parte a negociar para buscar soluciones y reconducir la situaci\u00f3n. Pero tambi\u00e9n advertimos a Osakidetza que no vamos a tolerar chantajes ni actos propagand\u00edsticos. Exigimos una negociaci\u00f3n real y con contenidos que fructifique en soluciones y mejoras concretas. Si no se dan pasos en ese sentido, no volveremos a participar en la Mesa Sectorial y continuaremos con las movilizaciones.<\/p>\n\n\n\n<figure class=\"wp-block-gallery columns-2 is-cropped wp-block-gallery-1 is-layout-flex wp-block-gallery-is-layout-flex\"><ul class=\"blocks-gallery-grid\"><li class=\"blocks-gallery-item\"><figure><img loading=\"lazy\" decoding=\"async\" width=\"724\" height=\"1024\" src=\"https:\/\/www.lab.eus\/wp-content\/uploads\/2022\/03\/klehenarretasos2-724x1024.jpg\" alt=\"\" data-id=\"45468\" data-full-url=\"https:\/\/www.lab.eus\/wp-content\/uploads\/2022\/03\/klehenarretasos2.jpg\" data-link=\"https:\/\/www.lab.eus\/es\/?attachment_id=45468\" class=\"wp-image-45468\" srcset=\"https:\/\/www.lab.eus\/wp-content\/uploads\/2022\/03\/klehenarretasos2-724x1024.jpg 724w, https:\/\/www.lab.eus\/wp-content\/uploads\/2022\/03\/klehenarretasos2-212x300.jpg 212w, https:\/\/www.lab.eus\/wp-content\/uploads\/2022\/03\/klehenarretasos2-768x1086.jpg 768w, https:\/\/www.lab.eus\/wp-content\/uploads\/2022\/03\/klehenarretasos2-1086x1536.jpg 1086w, https:\/\/www.lab.eus\/wp-content\/uploads\/2022\/03\/klehenarretasos2-1448x2048.jpg 1448w, https:\/\/www.lab.eus\/wp-content\/uploads\/2022\/03\/klehenarretasos2-150x212.jpg 150w, https:\/\/www.lab.eus\/wp-content\/uploads\/2022\/03\/klehenarretasos2-300x424.jpg 300w, https:\/\/www.lab.eus\/wp-content\/uploads\/2022\/03\/klehenarretasos2-696x984.jpg 696w, https:\/\/www.lab.eus\/wp-content\/uploads\/2022\/03\/klehenarretasos2-1068x1510.jpg 1068w, https:\/\/www.lab.eus\/wp-content\/uploads\/2022\/03\/klehenarretasos2-297x420.jpg 297w, https:\/\/www.lab.eus\/wp-content\/uploads\/2022\/03\/klehenarretasos2.jpg 1754w\" sizes=\"auto, (max-width: 724px) 100vw, 724px\" \/><\/figure><\/li><li class=\"blocks-gallery-item\"><figure><img loading=\"lazy\" decoding=\"async\" width=\"724\" height=\"1024\" src=\"https:\/\/www.lab.eus\/wp-content\/uploads\/2022\/03\/AZKENA-724x1024.jpg\" alt=\"\" data-id=\"45472\" data-full-url=\"https:\/\/www.lab.eus\/wp-content\/uploads\/2022\/03\/AZKENA.jpg\" data-link=\"https:\/\/www.lab.eus\/es\/?attachment_id=45472\" class=\"wp-image-45472\" srcset=\"https:\/\/www.lab.eus\/wp-content\/uploads\/2022\/03\/AZKENA-724x1024.jpg 724w, https:\/\/www.lab.eus\/wp-content\/uploads\/2022\/03\/AZKENA-212x300.jpg 212w, https:\/\/www.lab.eus\/wp-content\/uploads\/2022\/03\/AZKENA-768x1086.jpg 768w, https:\/\/www.lab.eus\/wp-content\/uploads\/2022\/03\/AZKENA-1086x1536.jpg 1086w, https:\/\/www.lab.eus\/wp-content\/uploads\/2022\/03\/AZKENA-1448x2048.jpg 1448w, https:\/\/www.lab.eus\/wp-content\/uploads\/2022\/03\/AZKENA-150x212.jpg 150w, https:\/\/www.lab.eus\/wp-content\/uploads\/2022\/03\/AZKENA-300x424.jpg 300w, https:\/\/www.lab.eus\/wp-content\/uploads\/2022\/03\/AZKENA-696x984.jpg 696w, https:\/\/www.lab.eus\/wp-content\/uploads\/2022\/03\/AZKENA-1068x1510.jpg 1068w, https:\/\/www.lab.eus\/wp-content\/uploads\/2022\/03\/AZKENA-297x420.jpg 297w, https:\/\/www.lab.eus\/wp-content\/uploads\/2022\/03\/AZKENA.jpg 1754w\" sizes=\"auto, (max-width: 724px) 100vw, 724px\" \/><\/figure><\/li><\/ul><\/figure>\n","protected":false},"excerpt":{"rendered":"<p>Los sindicatos, una vez m\u00e1s, hacemos un llamamiento a la negociaci\u00f3n. Volvemos a emplazar a la otra parte a negociar para buscar soluciones y reconducir la situaci\u00f3n. Pero tambi\u00e9n advertimos a Osakidetza que no vamos a tolerar chantajes ni actos propagand\u00edsticos. Exigimos una negociaci\u00f3n real y con contenidos que fructifique en soluciones y mejoras concretas. Si no se dan pasos en ese sentido, no volveremos a participar en la Mesa Sectorial y continuaremos con las movilizaciones.<\/p>\n","protected":false},"author":1189,"featured_media":45475,"comment_status":"closed","ping_status":"closed","sticky":false,"template":"","format":"standard","meta":{"_monsterinsights_skip_tracking":false,"_monsterinsights_sitenote_active":false,"_monsterinsights_sitenote_note":"","_monsterinsights_sitenote_category":0,"footnotes":"","_links_to":"","_links_to_target":""},"categories":[18,3097,6],"tags":[3033,3178,3195,3100,3171],"class_list":{"0":"post-45463","1":"post","2":"type-post","3":"status-publish","4":"format-standard","5":"has-post-thumbnail","7":"category-es-accion-sindical","8":"category-sanidad","9":"category-es-servicios-publicos","10":"tag-accion-sindical-es","11":"tag-destacado-1","12":"tag-osakidetza-es","13":"tag-sanidad-es","14":"tag-servicios-publicos-es"},"_links":{"self":[{"href":"https:\/\/www.lab.eus\/es\/wp-json\/wp\/v2\/posts\/45463","targetHints":{"allow":["GET"]}}],"collection":[{"href":"https:\/\/www.lab.eus\/es\/wp-json\/wp\/v2\/posts"}],"about":[{"href":"https:\/\/www.lab.eus\/es\/wp-json\/wp\/v2\/types\/post"}],"author":[{"embeddable":true,"href":"https:\/\/www.lab.eus\/es\/wp-json\/wp\/v2\/users\/1189"}],"replies":[{"embeddable":true,"href":"https:\/\/www.lab.eus\/es\/wp-json\/wp\/v2\/comments?post=45463"}],"version-history":[{"count":0,"href":"https:\/\/www.lab.eus\/es\/wp-json\/wp\/v2\/posts\/45463\/revisions"}],"wp:featuredmedia":[{"embeddable":true,"href":"https:\/\/www.lab.eus\/es\/wp-json\/wp\/v2\/media\/45475"}],"wp:attachment":[{"href":"https:\/\/www.lab.eus\/es\/wp-json\/wp\/v2\/media?parent=45463"}],"wp:term":[{"taxonomy":"category","embeddable":true,"href":"https:\/\/www.lab.eus\/es\/wp-json\/wp\/v2\/categories?post=45463"},{"taxonomy":"post_tag","embeddable":true,"href":"https:\/\/www.lab.eus\/es\/wp-json\/wp\/v2\/tags?post=45463"}],"curies":[{"name":"wp","href":"https:\/\/api.w.org\/{rel}","templated":true}]}}