{"id":45454,"date":"2022-03-25T12:58:44","date_gmt":"2022-03-25T12:58:44","guid":{"rendered":"https:\/\/www.lab.eus\/?p=45454"},"modified":"2022-03-25T12:58:46","modified_gmt":"2022-03-25T12:58:46","slug":"haremos-paros-y-huelgas-en-el-metal-de-araba","status":"publish","type":"post","link":"https:\/\/www.lab.eus\/es\/haremos-paros-y-huelgas-en-el-metal-de-araba\/","title":{"rendered":"Haremos paros y huelgas en el metal de Araba"},"content":{"rendered":"\n<p>Hoy, 25 de marzo, se ha vuelto a reunir la Mesa de Negociaci\u00f3n del Metal de \u00c1lava. En la reuni\u00f3n no ha habido ning\u00fan avance, ya que la patronal no se ha movido. Por lo tanto, LAB impulsar\u00e1, junto con otros sindicatos, paros y huelgas a corto plazo, ya que es hora de convocar a los trabajadores y trabajadoras del metal a defender firmemente sus derechos y unas condiciones laborales dignas.&nbsp;<\/p>\n\n\n\n<p>SEA ha perdido una gran oportunidad para dar respuesta a los problemas del sector (bajos salarios, jornadas y flexibilidad altas, precariedad, temporalidad y fraude en la contrataci\u00f3n, falta de salud laboral, p\u00e9rdida de salario estando de baja,&#8230;) y no se ha movido en absoluto.<\/p>\n\n\n\n<p>En lugar de eso, nos ha pedido a los sindicatos movimientos cuando la patronal no ha mostrado su voluntad real de negociar. Lo \u00fanico que ha hecho: peque\u00f1os cambios aparentes, apenas sin coste, nada m\u00e1s.<\/p>\n\n\n\n<p>Por ello, LAB, junto con otros sindicatos, impulsar\u00e1 paros y huelgas en el sector, que esperamos que anunciar a corto plazo. El metal de Araba lleva meses en lucha y es el momento de convocar a los trabajadores y trabajadoras a reivindicar de forma activa y contundente sus derechos y unas condiciones de trabajo dignas.<\/p>\n","protected":false},"excerpt":{"rendered":"<p>Se ha vuelto a reunir la Mesa de Negociaci\u00f3n. En la reuni\u00f3n no ha habido ning\u00fan avance, ya que la patronal no se ha movido.<\/p>\n","protected":false},"author":1189,"featured_media":45451,"comment_status":"closed","ping_status":"closed","sticky":false,"template":"","format":"standard","meta":{"_monsterinsights_skip_tracking":false,"_monsterinsights_sitenote_active":false,"_monsterinsights_sitenote_note":"","_monsterinsights_sitenote_category":0,"footnotes":"","_links_to":"","_links_to_target":""},"categories":[18,2868,108],"tags":[3033,2996,3064],"class_list":{"0":"post-45454","1":"post","2":"type-post","3":"status-publish","4":"format-standard","5":"has-post-thumbnail","7":"category-es-accion-sindical","8":"category-industria-es","9":"category-es-metal","10":"tag-accion-sindical-es","11":"tag-industria-es","12":"tag-metal-es"},"_links":{"self":[{"href":"https:\/\/www.lab.eus\/es\/wp-json\/wp\/v2\/posts\/45454","targetHints":{"allow":["GET"]}}],"collection":[{"href":"https:\/\/www.lab.eus\/es\/wp-json\/wp\/v2\/posts"}],"about":[{"href":"https:\/\/www.lab.eus\/es\/wp-json\/wp\/v2\/types\/post"}],"author":[{"embeddable":true,"href":"https:\/\/www.lab.eus\/es\/wp-json\/wp\/v2\/users\/1189"}],"replies":[{"embeddable":true,"href":"https:\/\/www.lab.eus\/es\/wp-json\/wp\/v2\/comments?post=45454"}],"version-history":[{"count":0,"href":"https:\/\/www.lab.eus\/es\/wp-json\/wp\/v2\/posts\/45454\/revisions"}],"wp:featuredmedia":[{"embeddable":true,"href":"https:\/\/www.lab.eus\/es\/wp-json\/wp\/v2\/media\/45451"}],"wp:attachment":[{"href":"https:\/\/www.lab.eus\/es\/wp-json\/wp\/v2\/media?parent=45454"}],"wp:term":[{"taxonomy":"category","embeddable":true,"href":"https:\/\/www.lab.eus\/es\/wp-json\/wp\/v2\/categories?post=45454"},{"taxonomy":"post_tag","embeddable":true,"href":"https:\/\/www.lab.eus\/es\/wp-json\/wp\/v2\/tags?post=45454"}],"curies":[{"name":"wp","href":"https:\/\/api.w.org\/{rel}","templated":true}]}}