{"id":45159,"date":"2022-03-22T09:23:13","date_gmt":"2022-03-22T09:23:13","guid":{"rendered":"https:\/\/www.lab.eus\/?p=45159"},"modified":"2022-03-22T09:23:15","modified_gmt":"2022-03-22T09:23:15","slug":"hemos-convocado-huelga-para-el-24-de-marzo-en-las-residencias-de-mayores-de-gipuzkoa-en-defensa-de-las-trabajadoras-las-y-los-residentes-y-el-interes-colectivo","status":"publish","type":"post","link":"https:\/\/www.lab.eus\/es\/hemos-convocado-huelga-para-el-24-de-marzo-en-las-residencias-de-mayores-de-gipuzkoa-en-defensa-de-las-trabajadoras-las-y-los-residentes-y-el-interes-colectivo\/","title":{"rendered":"Hemos convocado huelga para el 24 de marzo en las residencias de mayores de Gipuzkoa en defensa de las trabajadoras, las y los residentes y el inter\u00e9s colectivo"},"content":{"rendered":"\n<p>Desde el sindicato LAB animamos a las trabajadoras de las residencias de personas mayores de Gipuzkoa a sumarse al d\u00eda de huelga del 24 de marzo, as\u00ed como a la sociedad gipuzkoana a mostrar su apoyo y solidaridad con las reivindicaciones de las trabajadoras.<\/p>\n\n\n\n<p>En el d\u00eda de huelga del 28 de octubre se realiz\u00f3 una petici\u00f3n formal y p\u00fablica de reuni\u00f3n a la Diputaci\u00f3n Foral de Gipuzkoa para hablar de la situaci\u00f3n en las residencias de mayores y comenzar a buscar soluciones.<\/p>\n\n\n\n<p>Sin embargo, el 12 de noviembre, al no recibir respuesta, celebramos un nuevo d\u00eda de huelga. Esta vez, nos cerraron las puertas de la Diputaci\u00f3n Foral de Gipuzkoa. El 17 de diciembre, como segu\u00edamos esperando un a fecha para celebrar reuni\u00f3n, ocupamos la sede de Pol\u00edticas Sociales.<\/p>\n\n\n\n<p>A pesar de que Maite Pe\u00f1a se comprometi\u00f3 a darles una cita, hoy por hoy no se ha puesto en contacto con las trabajadoras del sector. Pero las trabajadorea no vamos a esperar a la voluntad de Markel Olano o Maite Pe\u00f1a.<\/p>\n\n\n\n<p>El d\u00eda de huelga del 16 de febrero, 60 movimientos sociales apoyaron las reivindicaciones y la petici\u00f3n de reuni\u00f3n de los sindicatos: movimientos feministas, de pensionistas, asociaciones de vecinos,&#8230; Cada vez son m\u00e1s las personas que exigimos una soluci\u00f3n a esta situaci\u00f3n, pero la Administraci\u00f3n P\u00fablica sigue haciendo o\u00eddos sordos.<\/p>\n\n\n\n<p>Debido a la emergencia sanitaria, la ya grave situaci\u00f3n se ha vuelto insostenible en la mayor\u00eda de las residencias de mayores de Gipuzkoa; sobrecargas de trabajo y falta de tiempo para prestar la atenci\u00f3n necesaria a las y los residentes, brechas salariales entre las trabajadoras del sector que trabajan en la misma residencia o en el mismo trabajo, cambios continuos en los calendarios, barreras al acceso a las horas sindicales, falta de estabilizaci\u00f3n de puestos de trabajo o despidos injustificados, falta de valoraci\u00f3n psicosocial, cambios continuos en los protocolos y criterios de seguridad,&#8230;<\/p>\n\n\n\n<p>Decimos claro que esto no es un simple conflicto laboral entre trabajadoras y patronal, sino una cuesti\u00f3n social que afecta a la sociedad gipuzkoana. El derecho a los servicios de cuidados de calidad y\/o la prestaci\u00f3n de cuidados en condiciones dignas est\u00e1 siendo vulnerado y no podemos mirar para otro lado.<\/p>\n\n\n\n<p>Han convertido el cuidado en un negocio y las empresas privadas que gestionan servicios p\u00fablicos financiados con dinero p\u00fablico est\u00e1n obteniendo enormes beneficios econ\u00f3micos aprovechando la labor de cuidado de nuestros abuelos y abuelas y la explotaci\u00f3n de las trabajadoras de las residencias de mayores. Esto no es, por tanto, un simple conflicto laboral entre los trabajadores y la patronal, sino una cuesti\u00f3n social que afecta a toda la sociedad gipuzkoana. Porque es un derecho de todos y todas recibir servicios de cuidado de calidad y\/o ofrecer las tareas de cuidado en condiciones m\u00e1s dignas.<\/p>\n\n\n\n<p>La situaci\u00f3n que vivimos en Gipuzkoa, adem\u00e1s, no es una excepci\u00f3n y se est\u00e1 repitiendo de forma sistem\u00e1tica en otros territorios de Euskal Herria, con huelgas convocadas por las trabajadores de Bizkaia y Nafarroa, mientras que en Araba no hay ning\u00fan convenio laboral provincial.<\/p>\n\n\n\n<p>Por \u00faltimo, queremos subrayar toda la responsabilidad de la Diputaci\u00f3n Foral de Gipuzkoa y de la patronal porque, lejos de buscar soluciones, se est\u00e1 perpetuando esta situaci\u00f3n de urgencia. Priorizan el aumento de los beneficios de la \u00e9lite econ\u00f3mica o la disminuci\u00f3n del gasto social, lejos de garantizar unas condiciones laborales dignas de las trabajadoras o unos servicios de cuidados de calidad para las y los residentes; de lo contrario, \u00bfc\u00f3mo se puede entender que empresas privadas financiadas con dinero p\u00fablico sigan haciendo dinero vali\u00e9ndose de las tareas de cuidado de las y los mayores?<\/p>\n\n\n\n<p>Desde el sindicato LAB insistimos en que esta situaci\u00f3n se debe a la privatizaci\u00f3n de los servicios p\u00fablicos, a la precariedad laboral y a la falta de reconocimiento social y econ\u00f3mico de los sectores feminizados. Por eso queremos poner sobre la mesa la necesidad de un cambio de modelo estructural del cuidado y de los servicios sociales en el camino de un sistema p\u00fablico-comunitario de cuidados de calidad. Mientras tanto, el convenio colectivo de las residencias de mayores de Gipuzkoa y la adaptaci\u00f3n del cat\u00e1logo de ratios ser\u00e1n las principales condiciones para poner fin a este conflicto.<\/p>\n\n\n\n<p>Es el momento de reactivar la negociaci\u00f3n colectiva y desbloquear este conflicto, de poner sobre la mesa el esfuerzo y sacrificio de las trabajadores durante la emergencia sanitaria y exigir tanto a la administraci\u00f3n p\u00fablica como a la patronal el reconocimiento social y econ\u00f3mico que merecen las trabajadoras. Es el momento de seguir sensibilizando a la sociedad y multiplicar la presi\u00f3n social a trav\u00e9s de la lucha sindical. Porque la perpetuaci\u00f3n de esta situaci\u00f3n o la soluci\u00f3n a este conflicto condicionar\u00e1 el futuro de toda la sociedad, ser\u00e1 imprescindible la implicaci\u00f3n y colaboraci\u00f3n de todos los sectores, desde la unidad sindical hasta la construcci\u00f3n de alianzas entre las asociaciones de familiares de residentes y los diferentes movimientos sociales.<\/p>\n\n\n\n<p>En defensa de las trabajadoras, de las personas residentes y del inter\u00e9s colectivo, queremos hacer un llamamiento a participar en la movilizaci\u00f3n del d\u00eda 24 de marzo; ser\u00e1 imprescindible la implicaci\u00f3n de todos y todas si queremos revertir la situaci\u00f3n. Ese d\u00eda, nos movilizaremos a las 11:00 en el Consejo de Relaciones Laborales de Donostia.<\/p>\n","protected":false},"excerpt":{"rendered":"<p>En la jornada de huelga nos movilizaremos a las 11:00 en el Consejo de Relaciones Laborales de Donostia.<\/p>\n","protected":false},"author":1189,"featured_media":45156,"comment_status":"closed","ping_status":"closed","sticky":false,"template":"","format":"standard","meta":{"_monsterinsights_skip_tracking":false,"_monsterinsights_sitenote_active":false,"_monsterinsights_sitenote_note":"","_monsterinsights_sitenote_category":0,"footnotes":"","_links_to":"","_links_to_target":""},"categories":[18,3000,6],"tags":[3033,3178,3217,3171],"class_list":{"0":"post-45159","1":"post","2":"type-post","3":"status-publish","4":"format-standard","5":"has-post-thumbnail","7":"category-es-accion-sindical","8":"category-servicio-sociocomunitario","9":"category-es-servicios-publicos","10":"tag-accion-sindical-es","11":"tag-destacado-1","12":"tag-servicios-sociocomunitarios","13":"tag-servicios-publicos-es"},"_links":{"self":[{"href":"https:\/\/www.lab.eus\/es\/wp-json\/wp\/v2\/posts\/45159","targetHints":{"allow":["GET"]}}],"collection":[{"href":"https:\/\/www.lab.eus\/es\/wp-json\/wp\/v2\/posts"}],"about":[{"href":"https:\/\/www.lab.eus\/es\/wp-json\/wp\/v2\/types\/post"}],"author":[{"embeddable":true,"href":"https:\/\/www.lab.eus\/es\/wp-json\/wp\/v2\/users\/1189"}],"replies":[{"embeddable":true,"href":"https:\/\/www.lab.eus\/es\/wp-json\/wp\/v2\/comments?post=45159"}],"version-history":[{"count":0,"href":"https:\/\/www.lab.eus\/es\/wp-json\/wp\/v2\/posts\/45159\/revisions"}],"wp:featuredmedia":[{"embeddable":true,"href":"https:\/\/www.lab.eus\/es\/wp-json\/wp\/v2\/media\/45156"}],"wp:attachment":[{"href":"https:\/\/www.lab.eus\/es\/wp-json\/wp\/v2\/media?parent=45159"}],"wp:term":[{"taxonomy":"category","embeddable":true,"href":"https:\/\/www.lab.eus\/es\/wp-json\/wp\/v2\/categories?post=45159"},{"taxonomy":"post_tag","embeddable":true,"href":"https:\/\/www.lab.eus\/es\/wp-json\/wp\/v2\/tags?post=45159"}],"curies":[{"name":"wp","href":"https:\/\/api.w.org\/{rel}","templated":true}]}}