{"id":45051,"date":"2022-03-18T10:41:43","date_gmt":"2022-03-18T10:41:43","guid":{"rendered":"https:\/\/www.lab.eus\/?p=45051"},"modified":"2022-03-18T11:24:38","modified_gmt":"2022-03-18T11:24:38","slug":"apoyamos-decididamente-la-lucha-antiracista-y-reivindicamos-la-regularizacion-de-todas-las-personas","status":"publish","type":"post","link":"https:\/\/www.lab.eus\/es\/apoyamos-decididamente-la-lucha-antiracista-y-reivindicamos-la-regularizacion-de-todas-las-personas\/","title":{"rendered":"Apoyamos decididamente la lucha antiracista y reivindicamos la regularizaci\u00f3n de todas las personas"},"content":{"rendered":"\n<p>El 21 de marzo es el D\u00eda Internacional Contra el Racismo y la Xenofobia. Esta jornada viene este a\u00f1o en un contexto caracterizado por una escalada b\u00e9lica en Europa que, entre las m\u00faltiples consecuencias, ha generado un enorme proceso migratorio de personas provenientes de Ucrania solicitantes de asilo y refugio.<\/p>\n\n\n\n<p>La r\u00e1pida respuesta institucional a esta situaci\u00f3n, a su vez, ha demostrado que es cuesti\u00f3n de voluntad pol\u00edtica: regularizar a las personas que migran como estrategia de supervivencia en busca de oportunidades de vida es posible y factible.<\/p>\n\n\n\n<p>Ante esta realidad, una vez m\u00e1s, denunciamos el racismo institucional que se consolida en una Europa Fortaleza, con una pol\u00edtica migratoria selectiva y discriminatoria, determinada por el origen y color de piel. Esta pol\u00edtica racista condena a miles de personas a jugarse la vida en su proceso migratorio, exponi\u00e9ndoles sistem\u00e1ticamente a discriminaci\u00f3n y m\u00faltiples formas de violencia en su cuerpo. Es la misma pol\u00edtica hip\u00f3crita que, en algunos casos, sanciona a trabajadoras y trabajadores p\u00fablicos por atender a personas en situaci\u00f3n administrativa irregular y en otros, impulsa dicha atenci\u00f3n.<\/p>\n\n\n\n<p>Ante esta situaci\u00f3n, el sindicato LAB apoya la lucha antiracista y se suma a la iniciativa legislativa popular para una regularizaci\u00f3n extraordinaria de personas extranjeras en el estado espa\u00f1ol. Animamos a nuestra afiliaci\u00f3n a sumarse a esta iniciativa y nuestras sedes de las cuatro capitales de Hego Euskal Herria ser\u00e1n puntos de recogida de firmas.<\/p>\n\n\n\n<p>Es hora de acabar con la militarizaci\u00f3n, los controles por perfil \u00e9tnico-racial y las devoluciones \u201cen caliente\u201d en la frontera de Ir\u00fan-Hendaia. La frontera impuesta que divide a Hego e Ipar Euskal Herria se ha convertido en la frontera de la muerte para las personas migrantes en tr\u00e1nsito. Exigimos al Gobierno de gasteiz como a la MancomunidaddeIparraldequetomen medidaspol\u00edticasurgentesparagarantizaruntr\u00e1nsitoyaunaacogida segura y en condiciones habitacionales y laborales de justicia.<\/p>\n\n\n\n<p>Migrar es un derecho y todas las personas deber\u00edan tener igualdad de oportunidad y acceso efectivo a unas vidas y unos empleos en condiciones dignas all\u00ed d\u00f3nde cada qui\u00e9n elija vivir. Tenemos la responsabilidad pol\u00edtica de denunciar las leyes de extranjer\u00eda y construir una Euskal Herria como un territorio libre de violencias tr\u00e1nsistemicas: racistas, machistas, coloniales yclasistas. Hagamos nuestra la oportunidad de ser un pueblo y una sociedad de acogida.<\/p>\n\n\n\n<p>Lo decimos de forma decidida: No ser racista no es suficiente. Por ello, desde LAB trabajamos activamente asumi\u00e9ndonos part\u00edcipes de una deuda colonial. Sabemos que tenemos mucho que des-aprender para de- construirnos desde el antirracismo y dar pasos concretos frente a un entramado de saqueo, expolio, neo- colonialismo, necropol\u00edtica, militarizaci\u00f3n y vulneraci\u00f3n de derechos fundamentales.<\/p>\n\n\n\n<p>Desde nuestro lugar, venimos trabajando en los \u00faltimos meses en la construcci\u00f3n de una praxis sindical antirracista que quiere atravesar cada rinc\u00f3n de nuestra organizaci\u00f3n y de nuestras mentes. En este sentido, celebraremos en el mes de abril, el primer encuentro \u201cHacia un sindicalismo antirracista\u201d, como cierre de un proceso participativo que hemos desarrollado durante el \u00faltimo curso junto a trabajadoras migradas y racializadas, liberadas y delegadas y organizaciones y colectivos sociales, y como ventana-puerta hacia los pr\u00f3ximos pasos que ya estamos dise\u00f1ando para el pr\u00f3ximo curso.<\/p>\n\n\n\n<p>Para finalizar, hacemos un llamamiento a participar en las movilizaciones convocadas desde los diferentes movimientos y colectivos antiracistas.<\/p>\n","protected":false},"excerpt":{"rendered":"<p>Con motivo de la llegada del 21 de marzo, D\u00eda Internacional Contra el Racismo y la Xenofobia, queremos remarcar que migrar es un derecho y que todas las personas deber\u00edan tener igualdad de oportunidad y acceso efectivo a unas vidas y unos empleos en condiciones dignas all\u00ed d\u00f3nde cada qui\u00e9n elija vivir. <\/p>\n","protected":false},"author":1189,"featured_media":45072,"comment_status":"closed","ping_status":"closed","sticky":false,"template":"","format":"standard","meta":{"_monsterinsights_skip_tracking":false,"_monsterinsights_sitenote_active":false,"_monsterinsights_sitenote_note":"","_monsterinsights_sitenote_category":0,"footnotes":"","_links_to":"","_links_to_target":""},"categories":[3402,2994,3283],"tags":[3182,3178],"class_list":{"0":"post-45051","1":"post","2":"type-post","3":"status-publish","4":"format-standard","5":"has-post-thumbnail","7":"category-accion-politica","8":"category-accion-social","9":"category-sin-categorizar","10":"tag-accion-social-es","11":"tag-destacado-1"},"_links":{"self":[{"href":"https:\/\/www.lab.eus\/es\/wp-json\/wp\/v2\/posts\/45051","targetHints":{"allow":["GET"]}}],"collection":[{"href":"https:\/\/www.lab.eus\/es\/wp-json\/wp\/v2\/posts"}],"about":[{"href":"https:\/\/www.lab.eus\/es\/wp-json\/wp\/v2\/types\/post"}],"author":[{"embeddable":true,"href":"https:\/\/www.lab.eus\/es\/wp-json\/wp\/v2\/users\/1189"}],"replies":[{"embeddable":true,"href":"https:\/\/www.lab.eus\/es\/wp-json\/wp\/v2\/comments?post=45051"}],"version-history":[{"count":0,"href":"https:\/\/www.lab.eus\/es\/wp-json\/wp\/v2\/posts\/45051\/revisions"}],"wp:featuredmedia":[{"embeddable":true,"href":"https:\/\/www.lab.eus\/es\/wp-json\/wp\/v2\/media\/45072"}],"wp:attachment":[{"href":"https:\/\/www.lab.eus\/es\/wp-json\/wp\/v2\/media?parent=45051"}],"wp:term":[{"taxonomy":"category","embeddable":true,"href":"https:\/\/www.lab.eus\/es\/wp-json\/wp\/v2\/categories?post=45051"},{"taxonomy":"post_tag","embeddable":true,"href":"https:\/\/www.lab.eus\/es\/wp-json\/wp\/v2\/tags?post=45051"}],"curies":[{"name":"wp","href":"https:\/\/api.w.org\/{rel}","templated":true}]}}